{"id":25753,"date":"2020-09-03T21:02:05","date_gmt":"2020-09-03T19:02:05","guid":{"rendered":"http:\/\/www.portaldelolleria.es\/?p=25753"},"modified":"2020-09-04T01:39:38","modified_gmt":"2020-09-03T23:39:38","slug":"via-libre-para-el-desdoblamiento-de-la-cv-60-lolleria-terrateig-en-el-2021","status":"publish","type":"post","link":"http:\/\/www.portaldelolleria.es\/?p=25753","title":{"rendered":"V\u00eda libre para el desdoblamiento de la CV-60   l&#8217;Olleria-Terrateig en el 2021"},"content":{"rendered":"<p><a href=\"http:\/\/www.portaldelolleria.es\/wp-content\/uploads\/2020\/09\/cv60.jpg\"><img loading=\"lazy\" class=\"aligncenter size-full wp-image-25754\" title=\"cv60\" src=\"http:\/\/www.portaldelolleria.es\/wp-content\/uploads\/2020\/09\/cv60.jpg\" alt=\"\" width=\"598\" height=\"366\" srcset=\"http:\/\/www.portaldelolleria.es\/wp-content\/uploads\/2020\/09\/cv60.jpg 598w, http:\/\/www.portaldelolleria.es\/wp-content\/uploads\/2020\/09\/cv60-300x183.jpg 300w\" sizes=\"(max-width: 598px) 100vw, 598px\" \/><\/a><\/p>\n<p>&nbsp;<\/p>\n<div>\n<div style=\"text-align: justify;\">El Conseller de Pol\u00edtica Territorial, Obras P\u00fablicas y Movilidad ha anunciado la reanudaci\u00f3n del proyecto de\u00a0 desdoblamiento de la CV-60, en un acto en celebrado en\u00a0 Gandia. El conseller\u00a0 Arcadi Espa\u00f1a, explic\u00f3 que se est\u00e1 preparando el expediente para la licitaci\u00f3n de la redacci\u00f3n del proyecto de conversi\u00f3n en autov\u00eda de la carretera CV-60, entre Oller\u00eda y Terrateig, que tendr\u00e1 consignaci\u00f3n econ\u00f3mica &#8216;en los presupuestos del 2021.<\/div>\n<div style=\"text-align: justify;\">Arcadi,\u00a0 explic\u00f3 que la CV-60 es uno de las v\u00edas estrat\u00e9gicas para la Comunidad Valenciana que supone la conexi\u00f3n entre el centro peninsular e importantes n\u00facleos tur\u00edsticos de la Comunidad situados en el extremo Este litoral de esta v\u00eda.<\/div>\n<\/div>\n<div style=\"text-align: justify;\">Adem\u00e1s, su departamento trabaja en la elaboraci\u00f3n del proyecto de conexi\u00f3n con la autopista AP7 y N-332,\u00a0 del que ya disponen del estudio de alcance y que pr\u00f3ximamente se someter\u00e1 a informaci\u00f3n p\u00fablica el trazado previsto.<\/div>\n<div style=\"text-align: justify;\">____________________<\/div>\n<div style=\"text-align: justify;\">\n<p><span style=\"color: #003366;\">El conseller de Pol\u00edtica Territorial, Obres P\u00fabliques i Mobilitat ha anunciat la represa de el projecte de desdoblament de la CV-60, en un acte a celebrat a Gandia, el conseller Arcadi Espanya, va explicar que es prepara l&#8217;expedient per a la licitaci\u00f3 de la redacci\u00f3 de l&#8217; projecte de conversi\u00f3 en autovia de la carretera CV-60, entre Olleria i Terrateig, que tindr\u00e0 consignaci\u00f3 econ\u00f2mica &#8216;en els pressupostos de l&#8217;2021.<\/span><\/p>\n<p><span style=\"color: #003366;\">Arcadi, va explicar que la CV-60 \u00e9s un de les vies estrat\u00e8giques per a la Comunitat Valenciana que suposa la connexi\u00f3 entre el centre peninsular i importants nuclis tur\u00edstics de la Comunitat situats a l&#8217;extrem Aquest litoral d&#8217;aquesta via.<\/span><\/p>\n<p><span style=\"color: #003366;\">A m\u00e9s, el seu departament treballa en l&#8217;elaboraci\u00f3 d&#8217;el projecte de connexi\u00f3 amb l&#8217;autopista AP7 i N-332, de qu\u00e8 ja disposen d&#8217;l&#8217;estudi d&#8217;abast i que properament se sotmetr\u00e0 a informaci\u00f3 p\u00fablica el tra\u00e7at previst.<\/span><\/p>\n<\/div>\n","protected":false},"excerpt":{"rendered":"<p>&nbsp; El Conseller de Pol\u00edtica Territorial, Obras P\u00fablicas y Movilidad ha anunciado la reanudaci\u00f3n del proyecto de\u00a0 desdoblamiento de la CV-60, en un acto en celebrado en\u00a0 Gandia. El conseller\u00a0 Arcadi Espa\u00f1a, explic\u00f3 que se est\u00e1 preparando el expediente para la licitaci\u00f3n de la redacci\u00f3n del proyecto de conversi\u00f3n en autov\u00eda de la carretera CV-60, [&hellip;]<\/p>\n","protected":false},"author":1,"featured_media":0,"comment_status":"closed","ping_status":"open","sticky":false,"template":"","format":"standard","meta":{"_monsterinsights_skip_tracking":false,"_monsterinsights_sitenote_active":false,"_monsterinsights_sitenote_note":"","_monsterinsights_sitenote_category":0},"categories":[3,12],"tags":[],"_links":{"self":[{"href":"http:\/\/www.portaldelolleria.es\/index.php?rest_route=\/wp\/v2\/posts\/25753"}],"collection":[{"href":"http:\/\/www.portaldelolleria.es\/index.php?rest_route=\/wp\/v2\/posts"}],"about":[{"href":"http:\/\/www.portaldelolleria.es\/index.php?rest_route=\/wp\/v2\/types\/post"}],"author":[{"embeddable":true,"href":"http:\/\/www.portaldelolleria.es\/index.php?rest_route=\/wp\/v2\/users\/1"}],"replies":[{"embeddable":true,"href":"http:\/\/www.portaldelolleria.es\/index.php?rest_route=%2Fwp%2Fv2%2Fcomments&post=25753"}],"version-history":[{"count":3,"href":"http:\/\/www.portaldelolleria.es\/index.php?rest_route=\/wp\/v2\/posts\/25753\/revisions"}],"predecessor-version":[{"id":25757,"href":"http:\/\/www.portaldelolleria.es\/index.php?rest_route=\/wp\/v2\/posts\/25753\/revisions\/25757"}],"wp:attachment":[{"href":"http:\/\/www.portaldelolleria.es\/index.php?rest_route=%2Fwp%2Fv2%2Fmedia&parent=25753"}],"wp:term":[{"taxonomy":"category","embeddable":true,"href":"http:\/\/www.portaldelolleria.es\/index.php?rest_route=%2Fwp%2Fv2%2Fcategories&post=25753"},{"taxonomy":"post_tag","embeddable":true,"href":"http:\/\/www.portaldelolleria.es\/index.php?rest_route=%2Fwp%2Fv2%2Ftags&post=25753"}],"curies":[{"name":"wp","href":"https:\/\/api.w.org\/{rel}","templated":true}]}}