{"id":2580,"date":"2013-03-25T18:25:46","date_gmt":"2013-03-25T17:25:46","guid":{"rendered":"http:\/\/www.portaldelolleria.es\/?p=2580"},"modified":"2013-03-25T18:31:06","modified_gmt":"2013-03-25T17:31:06","slug":"la-concejalia-de-cultura-pone-en-marcha-el-concurso-l%e2%80%99olleria-llig","status":"publish","type":"post","link":"http:\/\/www.portaldelolleria.es\/?p=2580","title":{"rendered":"La concejal\u00eda de Cultura pone en marcha  el concurso L\u2019Olleria Llig"},"content":{"rendered":"<p style=\"text-align: center;\"><a href=\"http:\/\/www.portaldelolleria.es\/wp-content\/uploads\/2013\/03\/llig.jpg\"><img loading=\"lazy\" class=\"size-full wp-image-2581 aligncenter\" title=\"llig\" src=\"http:\/\/www.portaldelolleria.es\/wp-content\/uploads\/2013\/03\/llig.jpg\" alt=\"\" width=\"598\" height=\"398\" srcset=\"http:\/\/www.portaldelolleria.es\/wp-content\/uploads\/2013\/03\/llig.jpg 598w, http:\/\/www.portaldelolleria.es\/wp-content\/uploads\/2013\/03\/llig-300x199.jpg 300w\" sizes=\"(max-width: 598px) 100vw, 598px\" \/><\/a><\/p>\n<p>La concejal\u00eda de Cultura a trav\u00e9s de la Biblioteca Municipal ha puesto en marcha el concurso <em>L\u2019Olleria Llig<\/em>, el concejal de \u00e1rea Jes\u00fas Engo ha explicado que \u201ceste concurso se inserta dentro de las actividades que conformaran la conmemoraci\u00f3n del d\u00eda del Libro ya que se entregaran el 23 de abril coincidiendo con el D\u00eda del Libro\u201d.<\/p>\n<p>Engo comentaba que\u00a0 \u201c<em>L\u2019Olleria Llig<\/em> es un concurso de Instagram, que es una aplicaci\u00f3n de m\u00f3vil gratuita que permite a los usuarios hacer fotos, aplicar filtros y compartirlas, bien en propia plataforma o a trav\u00e9s de las diferentes redes sociales como twitter, facebook, flick o tumblr\u201d a\u00f1adiendo que \u201ceste concurso que promueve la biblioteca consiste en hacer fotograf\u00edas que hagan referencia a cualquier aspecto del mundo del libro y la lectura o que incluyan un elemento diferenciador e identificable de L\u2019Olleria que ayude a dar a conocer los aspectos m\u00e1s relevante de su cultura y \/ o un paisaje del municipio con las etiquetas #lolleriallig y #lolleriabiblio\u201d.<\/p>\n<p>En cuanto a los participantes \u201ces un concurso abierto a todo el mundo independientemente de la localidad siendo la edad a partir de los 13 a\u00f1os, las bases se pueden consultar en la web de la biblioteca, bibliotecaspublicas.es\/lolleria, y el premio ser\u00e1 un lote de libros para cada uno de los autores de las dos fotograf\u00edas ganadoras\u201d.<\/p>\n<p>Por \u00faltimo, el concejal ha querido \u201canimar a todo el mundo a participar en este divertido y sencillo concurso que acaba el 14 de abril y en el que el principal objetivo es pasarlo bien teniendo como referencia L\u2019Olleria y el mundo de la lectura\u201d.<\/p>\n<p><strong>\u00a0<\/strong><\/p>\n<p><strong>\u00a0<\/strong><\/p>\n","protected":false},"excerpt":{"rendered":"<p>La concejal\u00eda de Cultura a trav\u00e9s de la Biblioteca Municipal ha puesto en marcha el concurso L\u2019Olleria Llig, el concejal de \u00e1rea Jes\u00fas Engo ha explicado que \u201ceste concurso se inserta dentro de las actividades que conformaran la conmemoraci\u00f3n del d\u00eda del Libro ya que se entregaran el 23 de abril coincidiendo con el D\u00eda [&hellip;]<\/p>\n","protected":false},"author":2,"featured_media":0,"comment_status":"closed","ping_status":"open","sticky":false,"template":"","format":"standard","meta":{"_monsterinsights_skip_tracking":false,"_monsterinsights_sitenote_active":false,"_monsterinsights_sitenote_note":"","_monsterinsights_sitenote_category":0},"categories":[3,12],"tags":[41,298,20],"_links":{"self":[{"href":"http:\/\/www.portaldelolleria.es\/index.php?rest_route=\/wp\/v2\/posts\/2580"}],"collection":[{"href":"http:\/\/www.portaldelolleria.es\/index.php?rest_route=\/wp\/v2\/posts"}],"about":[{"href":"http:\/\/www.portaldelolleria.es\/index.php?rest_route=\/wp\/v2\/types\/post"}],"author":[{"embeddable":true,"href":"http:\/\/www.portaldelolleria.es\/index.php?rest_route=\/wp\/v2\/users\/2"}],"replies":[{"embeddable":true,"href":"http:\/\/www.portaldelolleria.es\/index.php?rest_route=%2Fwp%2Fv2%2Fcomments&post=2580"}],"version-history":[{"count":3,"href":"http:\/\/www.portaldelolleria.es\/index.php?rest_route=\/wp\/v2\/posts\/2580\/revisions"}],"predecessor-version":[{"id":2583,"href":"http:\/\/www.portaldelolleria.es\/index.php?rest_route=\/wp\/v2\/posts\/2580\/revisions\/2583"}],"wp:attachment":[{"href":"http:\/\/www.portaldelolleria.es\/index.php?rest_route=%2Fwp%2Fv2%2Fmedia&parent=2580"}],"wp:term":[{"taxonomy":"category","embeddable":true,"href":"http:\/\/www.portaldelolleria.es\/index.php?rest_route=%2Fwp%2Fv2%2Fcategories&post=2580"},{"taxonomy":"post_tag","embeddable":true,"href":"http:\/\/www.portaldelolleria.es\/index.php?rest_route=%2Fwp%2Fv2%2Ftags&post=2580"}],"curies":[{"name":"wp","href":"https:\/\/api.w.org\/{rel}","templated":true}]}}