{"id":25822,"date":"2020-09-22T18:05:05","date_gmt":"2020-09-22T16:05:05","guid":{"rendered":"http:\/\/www.portaldelolleria.es\/?p=25822"},"modified":"2020-09-22T18:05:32","modified_gmt":"2020-09-22T16:05:32","slug":"lolleria-cf-ficha-a-un-centrocampista-de-play-off","status":"publish","type":"post","link":"http:\/\/www.portaldelolleria.es\/?p=25822","title":{"rendered":"L&#8217;Olleria CF ficha a un centrocampista experimentado"},"content":{"rendered":"<p><a href=\"http:\/\/www.portaldelolleria.es\/wp-content\/uploads\/2020\/09\/olleria_cf.jpg\"><img loading=\"lazy\" class=\"aligncenter size-full wp-image-25824\" title=\"olleria_cf\" src=\"http:\/\/www.portaldelolleria.es\/wp-content\/uploads\/2020\/09\/olleria_cf.jpg\" alt=\"\" width=\"598\" height=\"433\" srcset=\"http:\/\/www.portaldelolleria.es\/wp-content\/uploads\/2020\/09\/olleria_cf.jpg 598w, http:\/\/www.portaldelolleria.es\/wp-content\/uploads\/2020\/09\/olleria_cf-300x217.jpg 300w\" sizes=\"(max-width: 598px) 100vw, 598px\" \/><\/a><\/p>\n<p style=\"text-align: justify;\"><span style=\"color: #888888;\"><em>l&#8217;Olleria CF, 22\/9\/2020<\/em><\/span><\/p>\n<p style=\"text-align: justify;\">L&#8217;Olleria CF paraliz\u00f3 su pretemporada hace varias semanas y abog\u00f3 por la suspensi\u00f3n de la competici\u00f3n como medida de prevenci\u00f3n ante la crisis sanitaria mundial que vivimos debido al Covid-19. Sin embargo, a pesar de queconsideran que las condiciones no son las adecuadas, l&#8217;Olleria CF regres\u00f3 a los entrenamientos el pasado 14 de septiembre. El conjunto de La Vall d&#8217;Albaida prepara, de nuevo, esta at\u00edpica temporada marcada por el virus con la vuelta a los entrenamientos y los partidos amistosos. Adem\u00e1s, los de La Solana tambi\u00e9n se han estado moviendo en los despachos para incorporar algunos de los \u00faltimos refuerzos que llegan para aportar experiencia a la plantilla rojiblanca.<\/p>\n<p style=\"text-align: justify;\">Una de las caras nuevas del vestuario es la de <strong>Emilio Gil<\/strong>, centrocampista con experiencia en la categor\u00eda que llega procedente del Muro CF. El de Agullent se ha formado desde prebenjam\u00edn en el Ontinyent CF hasta que, en edad de infantil, fich\u00f3 por el Valencia CF. Tras su paso por el club blanquinegro, Gil fich\u00f3 por otro de los hist\u00f3ricos de la Comunitat, el CD Alcoyano, equipo con el que milit\u00f3 en categor\u00eda de Cadete Auton\u00f3mico y Juvenil.<\/p>\n<p style=\"text-align: justify;\"><a href=\"http:\/\/www.portaldelolleria.es\/wp-content\/uploads\/2020\/09\/IMG-20200922-WA0002.jpg\"><img loading=\"lazy\" class=\"aligncenter size-full wp-image-25823\" title=\"IMG-20200922-WA0002\" src=\"http:\/\/www.portaldelolleria.es\/wp-content\/uploads\/2020\/09\/IMG-20200922-WA0002.jpg\" alt=\"\" width=\"598\" height=\"396\" srcset=\"http:\/\/www.portaldelolleria.es\/wp-content\/uploads\/2020\/09\/IMG-20200922-WA0002.jpg 598w, http:\/\/www.portaldelolleria.es\/wp-content\/uploads\/2020\/09\/IMG-20200922-WA0002-300x198.jpg 300w\" sizes=\"(max-width: 598px) 100vw, 598px\" \/><\/a><\/p>\n<p style=\"text-align: justify;\">Su debut como amateur le vino de la mano del H\u00e9rcules CF.En la temporada 2017\/2016, el centrocampista se estren\u00f3 con el filial del conjunto blanquiazul en el Grupo 4 de Regional Preferente. Durante esa temporada, disput\u00f3 435 minutos y marc\u00f3 un gol. Tras ese primer a\u00f1o como amateur, el jugador recal\u00f3 en el Muro CF, equipo en el que ha jugado durante dos temporadas y con el que ha logrado asentarse en la categor\u00eda. Emilio lleg\u00f3 al Muro CF y pronto se hizo con la titularidad bajo las \u00f3rdenes de Cristian Ferr\u00e1ndiz.<\/p>\n<p style=\"text-align: justify;\">En su primer a\u00f1o en el conjunto murero disput\u00f3 2.607 minutos en un total de 30 encuentros, en los que logr\u00f3 anotar 8 tantos. La temporada pasada, su segunda en la entidad blanca, afianz\u00f3 su posici\u00f3n en el once titular y lleg\u00f3 a disputar, hasta el par\u00f3n por la pandemia, un total de 1.750 minutos. Su experiencia en el Muro CF le ha servido para disputar un play-off de ascenso a Tercera Divisi\u00f3n en la que cayeron frente alCD Burriana.<br \/>\nSe trata de un mediocentro organizador con gran desplazamiento de bal\u00f3n. Emilio Gil se une ahora a las filas del equipo dirigido por Jos\u00e9 Jaime Alemany con el objetivo de mejorar los resultados de la pasada campa\u00f1a, en la que consiguieron un merecido s\u00e9ptimo lugar.<\/p>\n<p style=\"text-align: justify;\">\n","protected":false},"excerpt":{"rendered":"<p>l&#8217;Olleria CF, 22\/9\/2020 L&#8217;Olleria CF paraliz\u00f3 su pretemporada hace varias semanas y abog\u00f3 por la suspensi\u00f3n de la competici\u00f3n como medida de prevenci\u00f3n ante la crisis sanitaria mundial que vivimos debido al Covid-19. Sin embargo, a pesar de queconsideran que las condiciones no son las adecuadas, l&#8217;Olleria CF regres\u00f3 a los entrenamientos el pasado 14 [&hellip;]<\/p>\n","protected":false},"author":1,"featured_media":0,"comment_status":"closed","ping_status":"open","sticky":false,"template":"","format":"standard","meta":{"_monsterinsights_skip_tracking":false,"_monsterinsights_sitenote_active":false,"_monsterinsights_sitenote_note":"","_monsterinsights_sitenote_category":0},"categories":[9,12],"tags":[],"_links":{"self":[{"href":"http:\/\/www.portaldelolleria.es\/index.php?rest_route=\/wp\/v2\/posts\/25822"}],"collection":[{"href":"http:\/\/www.portaldelolleria.es\/index.php?rest_route=\/wp\/v2\/posts"}],"about":[{"href":"http:\/\/www.portaldelolleria.es\/index.php?rest_route=\/wp\/v2\/types\/post"}],"author":[{"embeddable":true,"href":"http:\/\/www.portaldelolleria.es\/index.php?rest_route=\/wp\/v2\/users\/1"}],"replies":[{"embeddable":true,"href":"http:\/\/www.portaldelolleria.es\/index.php?rest_route=%2Fwp%2Fv2%2Fcomments&post=25822"}],"version-history":[{"count":2,"href":"http:\/\/www.portaldelolleria.es\/index.php?rest_route=\/wp\/v2\/posts\/25822\/revisions"}],"predecessor-version":[{"id":25826,"href":"http:\/\/www.portaldelolleria.es\/index.php?rest_route=\/wp\/v2\/posts\/25822\/revisions\/25826"}],"wp:attachment":[{"href":"http:\/\/www.portaldelolleria.es\/index.php?rest_route=%2Fwp%2Fv2%2Fmedia&parent=25822"}],"wp:term":[{"taxonomy":"category","embeddable":true,"href":"http:\/\/www.portaldelolleria.es\/index.php?rest_route=%2Fwp%2Fv2%2Fcategories&post=25822"},{"taxonomy":"post_tag","embeddable":true,"href":"http:\/\/www.portaldelolleria.es\/index.php?rest_route=%2Fwp%2Fv2%2Ftags&post=25822"}],"curies":[{"name":"wp","href":"https:\/\/api.w.org\/{rel}","templated":true}]}}