{"id":25839,"date":"2020-09-25T01:28:47","date_gmt":"2020-09-24T23:28:47","guid":{"rendered":"http:\/\/www.portaldelolleria.es\/?p=25839"},"modified":"2020-09-25T01:28:47","modified_gmt":"2020-09-24T23:28:47","slug":"presentacion-del-consell-economic-de-lolleria","status":"publish","type":"post","link":"http:\/\/www.portaldelolleria.es\/?p=25839","title":{"rendered":"Presentaci\u00f3n del Consell Econ\u00f2mic de L&#8217;Olleria"},"content":{"rendered":"<p><a href=\"http:\/\/www.portaldelolleria.es\/wp-content\/uploads\/2020\/09\/WA0012.jpg\"><img loading=\"lazy\" class=\"aligncenter size-full wp-image-25841\" title=\"WA0012\" src=\"http:\/\/www.portaldelolleria.es\/wp-content\/uploads\/2020\/09\/WA0012.jpg\" alt=\"\" width=\"598\" height=\"380\" srcset=\"http:\/\/www.portaldelolleria.es\/wp-content\/uploads\/2020\/09\/WA0012.jpg 598w, http:\/\/www.portaldelolleria.es\/wp-content\/uploads\/2020\/09\/WA0012-300x190.jpg 300w\" sizes=\"(max-width: 598px) 100vw, 598px\" \/><\/a><\/p>\n<p><span style=\"color: #808080;\"><em>Ajuntament de l&#8217;Olleria, 25\/09\/2020<\/em><\/span><\/p>\n<p>&nbsp;<\/p>\n<div style=\"text-align: justify;\" dir=\"auto\"><strong>Presentaci\u00f3n del Consell Econ\u00f2mic de L&#8217;Olleria<\/strong><\/div>\n<div style=\"text-align: justify;\">\n<div dir=\"auto\">Este jueves, el sal\u00f3n de plenos del Ayuntamiento de L&#8217;Olleria ha acogido el acto de presentaci\u00f3n del Consell Econ\u00f2mic de L&#8217;Olleria (C.E.O) y su composici\u00f3n, teniendo en cuenta varios sectores econ\u00f3micos de la poblaci\u00f3n.<\/div>\n<\/div>\n<div style=\"text-align: justify;\">\n<div dir=\"auto\">Un \u00f3rgano mediante el cual se instrumente la participaci\u00f3n de los agentes econ\u00f3micos junto con el Ayuntamiento en todos aquellos asuntos y materias que afecten de forma directa o indirecta al desarrollo econ\u00f3mico de L&#8217;Olleria, siempre complementando y no sustituyendo al resto de asociaciones y organismos de este \u00e1mbito existentes en el municipio, con el fin de dinamizar la econom\u00eda local y contribuir a la proyecci\u00f3n del municipio.<\/div>\n<\/div>\n<div style=\"text-align: justify;\">\n<div dir=\"auto\">Este ser\u00e1 el foro adecuado para plantear propuestas de futuro por parte de aquellos que mejor conocen la realidad econ\u00f3mica de L&#8217;Olleria o que tengan algo que aportar a este desarrollo econ\u00f3mico. Una herramienta de trabajo en com\u00fan de los diferentes sectores productivos para solucionar la reactivaci\u00f3n econ\u00f3mica del pueblo y la generaci\u00f3n de ocupaci\u00f3n, entre otros aspectos.<\/div>\n<\/div>\n<div>\n<div style=\"text-align: justify;\" dir=\"auto\">Desde el Ayuntamiento de L&#8217;Olleria, el Alcalde y el Concejal de Promoci\u00f3n Econ\u00f3mica han agradecido la asistencia, tanto f\u00edsica como telem\u00e1tica a todas las personas que han participado en esta presentaci\u00f3n del Consell Econ\u00f2mic de L&#8217;Olleria y han mostrado el inter\u00e9s para que este \u00f3rgano contin\u00fae adelante y sea una herramienta de reactivaci\u00f3n econ\u00f3mica y formaci\u00f3n para el municipio.<\/div>\n<div style=\"text-align: justify;\" dir=\"auto\">__________________<\/div>\n<div style=\"text-align: justify;\" dir=\"auto\"><a href=\"http:\/\/www.portaldelolleria.es\/wp-content\/uploads\/2020\/09\/WA0010.jpg\"><img loading=\"lazy\" class=\"aligncenter size-full wp-image-25840\" title=\"WA0010\" src=\"http:\/\/www.portaldelolleria.es\/wp-content\/uploads\/2020\/09\/WA0010.jpg\" alt=\"\" width=\"598\" height=\"269\" srcset=\"http:\/\/www.portaldelolleria.es\/wp-content\/uploads\/2020\/09\/WA0010.jpg 598w, http:\/\/www.portaldelolleria.es\/wp-content\/uploads\/2020\/09\/WA0010-300x134.jpg 300w\" sizes=\"(max-width: 598px) 100vw, 598px\" \/><\/a><\/div>\n<\/div>\n<div style=\"text-align: justify;\" dir=\"auto\">\n<div dir=\"auto\"><span style=\"color: #003366;\"><strong>Presentaci\u00f3 del Consell Econ\u00f2mic de L&#8217;Olleria<\/strong><\/span><\/div>\n<div>\n<div dir=\"auto\"><span style=\"color: #003366;\">Aquest dijous, el sal\u00f3 de plens de l&#8217;Ajuntament de L&#8217;Olleria ha acollit l&#8217;acte de presentaci\u00f3 del Consell Econ\u00f2mic de L&#8217;Olleria (C.E.O) i la seua composici\u00f3, tenint en compte diversos sectors econ\u00f2mics de la poblaci\u00f3.<\/span><\/div>\n<div dir=\"auto\"><span style=\"color: #003366;\">Un \u00f2rgan mitjan\u00e7ant el qual s&#8217;instrumente la participaci\u00f3 dels agents econ\u00f2mics junt amb l&#8217;Ajuntament en tots aquells assumptes i mat\u00e8ries que afecten de forma directa o indirecta al desenvolupament econ\u00f2mic de L&#8217;Olleria, sempre complementant i no substituint a la resta d&#8217;associacions i organismes d&#8217;aquest \u00e0mbit existents al municipi, amb la finalitat de dinamitzar l\u2019economia local i contribuir a la projecci\u00f3 del municipi.<\/span><\/div>\n<\/div>\n<div>\n<div dir=\"auto\"><span style=\"color: #003366;\">Aquest ser\u00e0 el f\u00f2rum adequat per plantejar propostes de futur per part d\u2019aquells que millor coneixen la realitat econ\u00f2mica de L&#8217;Olleria o que tinguen alguna cosa a aportar a aquest desenvolupament econ\u00f2mic. Una eina de treball en com\u00fa dels diferents sectors productius per solucionar la reactivaci\u00f3 econ\u00f2mica del poble i la generaci\u00f3 d\u2019ocupaci\u00f3, entre altres aspectes.<\/span><\/div>\n<\/div>\n<div>\n<div dir=\"auto\"><span style=\"color: #003366;\">Des de l&#8217;Ajuntament de L&#8217;Olleria, l&#8217;Alcalde i el Regidor de Promoci\u00f3 Econ\u00f2mica han agra\u00eft l&#8217;assist\u00e8ncia, tant f\u00edsica com telem\u00e0tica a totes les persones que han participat en aquesta presentaci\u00f3 del Consell Econ\u00f2mic de L&#8217;Olleria i han mostrat l&#8217;inter\u00e9s perqu\u00e8 aquest \u00f2rgan continue endavant i siga una ferramenta de reactivaci\u00f3 econ\u00f2mica i formaci\u00f3 per al municipi.<\/span><\/div>\n<\/div>\n<\/div>\n","protected":false},"excerpt":{"rendered":"<p>Ajuntament de l&#8217;Olleria, 25\/09\/2020 &nbsp; Presentaci\u00f3n del Consell Econ\u00f2mic de L&#8217;Olleria Este jueves, el sal\u00f3n de plenos del Ayuntamiento de L&#8217;Olleria ha acogido el acto de presentaci\u00f3n del Consell Econ\u00f2mic de L&#8217;Olleria (C.E.O) y su composici\u00f3n, teniendo en cuenta varios sectores econ\u00f3micos de la poblaci\u00f3n. Un \u00f3rgano mediante el cual se instrumente la participaci\u00f3n de [&hellip;]<\/p>\n","protected":false},"author":1,"featured_media":0,"comment_status":"closed","ping_status":"open","sticky":false,"template":"","format":"standard","meta":{"_monsterinsights_skip_tracking":false,"_monsterinsights_sitenote_active":false,"_monsterinsights_sitenote_note":"","_monsterinsights_sitenote_category":0},"categories":[171,12],"tags":[],"_links":{"self":[{"href":"http:\/\/www.portaldelolleria.es\/index.php?rest_route=\/wp\/v2\/posts\/25839"}],"collection":[{"href":"http:\/\/www.portaldelolleria.es\/index.php?rest_route=\/wp\/v2\/posts"}],"about":[{"href":"http:\/\/www.portaldelolleria.es\/index.php?rest_route=\/wp\/v2\/types\/post"}],"author":[{"embeddable":true,"href":"http:\/\/www.portaldelolleria.es\/index.php?rest_route=\/wp\/v2\/users\/1"}],"replies":[{"embeddable":true,"href":"http:\/\/www.portaldelolleria.es\/index.php?rest_route=%2Fwp%2Fv2%2Fcomments&post=25839"}],"version-history":[{"count":1,"href":"http:\/\/www.portaldelolleria.es\/index.php?rest_route=\/wp\/v2\/posts\/25839\/revisions"}],"predecessor-version":[{"id":25842,"href":"http:\/\/www.portaldelolleria.es\/index.php?rest_route=\/wp\/v2\/posts\/25839\/revisions\/25842"}],"wp:attachment":[{"href":"http:\/\/www.portaldelolleria.es\/index.php?rest_route=%2Fwp%2Fv2%2Fmedia&parent=25839"}],"wp:term":[{"taxonomy":"category","embeddable":true,"href":"http:\/\/www.portaldelolleria.es\/index.php?rest_route=%2Fwp%2Fv2%2Fcategories&post=25839"},{"taxonomy":"post_tag","embeddable":true,"href":"http:\/\/www.portaldelolleria.es\/index.php?rest_route=%2Fwp%2Fv2%2Ftags&post=25839"}],"curies":[{"name":"wp","href":"https:\/\/api.w.org\/{rel}","templated":true}]}}