{"id":25847,"date":"2020-09-27T16:29:03","date_gmt":"2020-09-27T14:29:03","guid":{"rendered":"http:\/\/www.portaldelolleria.es\/?p=25847"},"modified":"2020-09-27T16:29:11","modified_gmt":"2020-09-27T14:29:11","slug":"l%e2%80%99olleria-cf-incorpora-dos-efectivos-mas-a-la-medular","status":"publish","type":"post","link":"http:\/\/www.portaldelolleria.es\/?p=25847","title":{"rendered":"L\u2019Olleria CF incorpora dos efectivos m\u00e1s a la medular"},"content":{"rendered":"<p><a href=\"http:\/\/www.portaldelolleria.es\/wp-content\/uploads\/2020\/09\/PORTAL-4.jpg\"><img loading=\"lazy\" class=\"aligncenter size-full wp-image-25856\" title=\"PORTAL 4\" src=\"http:\/\/www.portaldelolleria.es\/wp-content\/uploads\/2020\/09\/PORTAL-4.jpg\" alt=\"\" width=\"598\" height=\"399\" srcset=\"http:\/\/www.portaldelolleria.es\/wp-content\/uploads\/2020\/09\/PORTAL-4.jpg 598w, http:\/\/www.portaldelolleria.es\/wp-content\/uploads\/2020\/09\/PORTAL-4-300x200.jpg 300w\" sizes=\"(max-width: 598px) 100vw, 598px\" \/><\/a><\/p>\n<p>&nbsp;<\/p>\n<p>&nbsp;<\/p>\n<p>&nbsp;<\/p>\n<p>La primera de ellas, una esperada noticia por parte de la afici\u00f3n olleriense: M<strong>arco Ferrer<\/strong>, uno de los capitanes del equipo, vestir\u00e1 la zamarra rojiblanca por tercera temporada consecutiva. El mediapunta, natural de l\u2019Olleria, recal\u00f3 en el club de su localidad con 19 a\u00f1os tras haber pasado su etapa formativa por las categor\u00edas inferiores del Valencia CF y UD Alzira. Ahora, a sus 22 a\u00f1os, el futbolista encara su tercera temporada en Regional Preferente siendo uno de los capitanes de un equipo en el que se ha convertido en pieza fundamental a lo largo de estas dos campa\u00f1as.<\/p>\n<p><strong><\/strong>Por otra parte, la entidad de la Vall d\u2019Albaida se ha reforzado tambi\u00e9n con la llegada de una joven promesa de la UD Carcaixent. <strong>Alexandre Canet, <\/strong>centrocampista con gran proyecci\u00f3n, trabajar\u00e1 bajo las \u00f3rdenes de Jos\u00e9 Jaime Alemany en la que ser\u00e1 su tercera campa\u00f1a en un equipo amateur. Con 19 a\u00f1os, llega procedente de la UD Carcaixent B donde ha militado dos cursos en Primera Regional. Se trata de un jugador muy bueno t\u00e1cticamente y muy organizado que, este a\u00f1o, debutar\u00e1 en la categor\u00eda reina del f\u00fatbol regional de la mano del cuadro rojiblanco.<\/p>\n<p>&nbsp;<\/p>\n<p>leer noticia completa en <a href=\"https:\/\/golsmedia.com\/comunidad-valenciana\/futbol\/l-olleria-cf\/2020\/09\/24\/lolleria-cf-refuerza-medular-dos-nuevos-movimientos\/\" target=\"_blank\">Golsmedia<\/a><\/p>\n<p><a href=\"http:\/\/www.portaldelolleria.es\/wp-content\/uploads\/2020\/09\/album20-21FINAL_pb2.jpg\"><img loading=\"lazy\" class=\"aligncenter size-full wp-image-25855\" title=\"album20 21FINAL_pb2\" src=\"http:\/\/www.portaldelolleria.es\/wp-content\/uploads\/2020\/09\/album20-21FINAL_pb2.jpg\" alt=\"\" width=\"598\" height=\"433\" srcset=\"http:\/\/www.portaldelolleria.es\/wp-content\/uploads\/2020\/09\/album20-21FINAL_pb2.jpg 598w, http:\/\/www.portaldelolleria.es\/wp-content\/uploads\/2020\/09\/album20-21FINAL_pb2-300x217.jpg 300w\" sizes=\"(max-width: 598px) 100vw, 598px\" \/><\/a><\/p>\n","protected":false},"excerpt":{"rendered":"<p>&nbsp; &nbsp; &nbsp; La primera de ellas, una esperada noticia por parte de la afici\u00f3n olleriense: Marco Ferrer, uno de los capitanes del equipo, vestir\u00e1 la zamarra rojiblanca por tercera temporada consecutiva. El mediapunta, natural de l\u2019Olleria, recal\u00f3 en el club de su localidad con 19 a\u00f1os tras haber pasado su etapa formativa por las [&hellip;]<\/p>\n","protected":false},"author":1,"featured_media":0,"comment_status":"closed","ping_status":"open","sticky":false,"template":"","format":"standard","meta":{"_monsterinsights_skip_tracking":false,"_monsterinsights_sitenote_active":false,"_monsterinsights_sitenote_note":"","_monsterinsights_sitenote_category":0},"categories":[9,12],"tags":[],"_links":{"self":[{"href":"http:\/\/www.portaldelolleria.es\/index.php?rest_route=\/wp\/v2\/posts\/25847"}],"collection":[{"href":"http:\/\/www.portaldelolleria.es\/index.php?rest_route=\/wp\/v2\/posts"}],"about":[{"href":"http:\/\/www.portaldelolleria.es\/index.php?rest_route=\/wp\/v2\/types\/post"}],"author":[{"embeddable":true,"href":"http:\/\/www.portaldelolleria.es\/index.php?rest_route=\/wp\/v2\/users\/1"}],"replies":[{"embeddable":true,"href":"http:\/\/www.portaldelolleria.es\/index.php?rest_route=%2Fwp%2Fv2%2Fcomments&post=25847"}],"version-history":[{"count":3,"href":"http:\/\/www.portaldelolleria.es\/index.php?rest_route=\/wp\/v2\/posts\/25847\/revisions"}],"predecessor-version":[{"id":25858,"href":"http:\/\/www.portaldelolleria.es\/index.php?rest_route=\/wp\/v2\/posts\/25847\/revisions\/25858"}],"wp:attachment":[{"href":"http:\/\/www.portaldelolleria.es\/index.php?rest_route=%2Fwp%2Fv2%2Fmedia&parent=25847"}],"wp:term":[{"taxonomy":"category","embeddable":true,"href":"http:\/\/www.portaldelolleria.es\/index.php?rest_route=%2Fwp%2Fv2%2Fcategories&post=25847"},{"taxonomy":"post_tag","embeddable":true,"href":"http:\/\/www.portaldelolleria.es\/index.php?rest_route=%2Fwp%2Fv2%2Ftags&post=25847"}],"curies":[{"name":"wp","href":"https:\/\/api.w.org\/{rel}","templated":true}]}}