{"id":2588,"date":"2013-03-27T09:00:46","date_gmt":"2013-03-27T08:00:46","guid":{"rendered":"http:\/\/www.portaldelolleria.es\/?p=2588"},"modified":"2013-03-27T11:57:01","modified_gmt":"2013-03-27T10:57:01","slug":"l%e2%80%99olleria-inicia-sus-actos-de-semana-santa-con-la-procesion-de-la-palma-el-pregon-y-el-concierto-de-la-nova","status":"publish","type":"post","link":"http:\/\/www.portaldelolleria.es\/?p=2588","title":{"rendered":"L\u2019Olleria inicia sus actos de Semana Santa con la procesi\u00f3n de la Palma, el preg\u00f3n y el concierto de La Nova"},"content":{"rendered":"<p><a href=\"http:\/\/www.portaldelolleria.es\/wp-content\/uploads\/2013\/03\/ss1.jpg\"><img loading=\"lazy\" class=\"aligncenter size-full wp-image-2589\" title=\"ss1\" src=\"http:\/\/www.portaldelolleria.es\/wp-content\/uploads\/2013\/03\/ss1.jpg\" alt=\"\" width=\"598\" height=\"398\" srcset=\"http:\/\/www.portaldelolleria.es\/wp-content\/uploads\/2013\/03\/ss1.jpg 598w, http:\/\/www.portaldelolleria.es\/wp-content\/uploads\/2013\/03\/ss1-300x199.jpg 300w\" sizes=\"(max-width: 598px) 100vw, 598px\" \/><\/a><\/p>\n<p>&nbsp;<\/p>\n<p>La Semana Santa de L\u2019Olleria iniciaba sus actos con la multitudinaria procesi\u00f3n del Domingo de Ramos que se iniciaba desde la Ermita del Cristo de la Palma. Desde all\u00ed cientos de personas con sus palmas y ramas de olivo bendecidas por el cura p\u00e1rroco de la localidad, D. Emilio Esteve, iniciaban la procesi\u00f3n que recorri\u00f3 diferentes calles de la localidad hasta llegar a la Iglesia de Sta. Maria Magdalena, all\u00ed los ni\u00f1os de la primera comuni\u00f3n escenificaron el Prendimiento y Juicio de Jesucristo para despu\u00e9s iniciarse la Santa Misa con la proclamaci\u00f3n de la Pasi\u00f3n del Se\u00f1or.<\/p>\n<p>Ya por la tarde, tuvo lugar el preg\u00f3n en la Iglesia de Sta. Maria Magdalena, al que acudi\u00f3 el alcalde de L\u2019Olleria, Jos\u00e9 Vidal as\u00ed como varios miembros de la Corporaci\u00f3n Municipal, y cientos de ollerienses que abarrotaron el templo.<\/p>\n<p>El preg\u00f3n estuvo este a\u00f1o a cargo del Rvdo. D. Francisco Pastor Valls O.F.M. Capuchino, nacido en L\u2019Olleria en octubre de 1945 siendo en la actualidad vicario parroquial de San Francisco de As\u00eds de Murcia y Vicario conventual de la fraternidad de San Antonio de Padua de Murcia.<\/p>\n<p>Tras este, <em>l\u2019Agrupaci\u00f3 Escola Musical \u201cLa Nova\u201d de L\u2019Olleria<\/em>, banda y coro, ofreci\u00f3 un concierto en el que los asistentes pudieron disfrutar de las piezas, la sorpresa la puso el director y compositor andaluz Ricardo Jos\u00e9 Espigares\u00a0 que dirigi\u00f3 dos de sus obras que estaban incluidas en el programa. El resto de obras estuvieron dirigidas por Jos\u00e9 Ure\u00f1a y el coro por Juan Miguel Terrazas. Entre las obras se pudo disfrutar de la marcha de procesi\u00f3n <em>Cordero de Dios y Sepulcro Christi<\/em> as\u00ed como de la pieza cantada <em>Canticorum Jubilo y Ave Verum Corpus. <\/em><\/p>\n<p>El jueves 28 de marzo, MK televisi\u00f3n, emitir\u00e1 un reportaje a partir de las 21:30 en el programa Manto de Estrellas de Maria Jose Tornero.\u00a0 (se repetir\u00e1 el martes dia 2 a las 22:30 horas)<\/p>\n<p><a href=\"http:\/\/www.portaldelolleria.es\/wp-content\/uploads\/2013\/03\/ss2.jpg\"><img loading=\"lazy\" class=\"aligncenter size-full wp-image-2590\" title=\"ss2\" src=\"http:\/\/www.portaldelolleria.es\/wp-content\/uploads\/2013\/03\/ss2.jpg\" alt=\"\" width=\"598\" height=\"398\" srcset=\"http:\/\/www.portaldelolleria.es\/wp-content\/uploads\/2013\/03\/ss2.jpg 598w, http:\/\/www.portaldelolleria.es\/wp-content\/uploads\/2013\/03\/ss2-300x199.jpg 300w\" sizes=\"(max-width: 598px) 100vw, 598px\" \/><\/a><\/p>\n","protected":false},"excerpt":{"rendered":"<p>&nbsp; La Semana Santa de L\u2019Olleria iniciaba sus actos con la multitudinaria procesi\u00f3n del Domingo de Ramos que se iniciaba desde la Ermita del Cristo de la Palma. Desde all\u00ed cientos de personas con sus palmas y ramas de olivo bendecidas por el cura p\u00e1rroco de la localidad, D. Emilio Esteve, iniciaban la procesi\u00f3n que [&hellip;]<\/p>\n","protected":false},"author":2,"featured_media":0,"comment_status":"closed","ping_status":"open","sticky":false,"template":"","format":"standard","meta":{"_monsterinsights_skip_tracking":false,"_monsterinsights_sitenote_active":false,"_monsterinsights_sitenote_note":"","_monsterinsights_sitenote_category":0},"categories":[16,12],"tags":[169,20,601,557],"_links":{"self":[{"href":"http:\/\/www.portaldelolleria.es\/index.php?rest_route=\/wp\/v2\/posts\/2588"}],"collection":[{"href":"http:\/\/www.portaldelolleria.es\/index.php?rest_route=\/wp\/v2\/posts"}],"about":[{"href":"http:\/\/www.portaldelolleria.es\/index.php?rest_route=\/wp\/v2\/types\/post"}],"author":[{"embeddable":true,"href":"http:\/\/www.portaldelolleria.es\/index.php?rest_route=\/wp\/v2\/users\/2"}],"replies":[{"embeddable":true,"href":"http:\/\/www.portaldelolleria.es\/index.php?rest_route=%2Fwp%2Fv2%2Fcomments&post=2588"}],"version-history":[{"count":1,"href":"http:\/\/www.portaldelolleria.es\/index.php?rest_route=\/wp\/v2\/posts\/2588\/revisions"}],"predecessor-version":[{"id":2591,"href":"http:\/\/www.portaldelolleria.es\/index.php?rest_route=\/wp\/v2\/posts\/2588\/revisions\/2591"}],"wp:attachment":[{"href":"http:\/\/www.portaldelolleria.es\/index.php?rest_route=%2Fwp%2Fv2%2Fmedia&parent=2588"}],"wp:term":[{"taxonomy":"category","embeddable":true,"href":"http:\/\/www.portaldelolleria.es\/index.php?rest_route=%2Fwp%2Fv2%2Fcategories&post=2588"},{"taxonomy":"post_tag","embeddable":true,"href":"http:\/\/www.portaldelolleria.es\/index.php?rest_route=%2Fwp%2Fv2%2Ftags&post=2588"}],"curies":[{"name":"wp","href":"https:\/\/api.w.org\/{rel}","templated":true}]}}