{"id":25913,"date":"2020-10-04T20:53:12","date_gmt":"2020-10-04T18:53:12","guid":{"rendered":"http:\/\/www.portaldelolleria.es\/?p=25913"},"modified":"2020-10-04T20:53:31","modified_gmt":"2020-10-04T18:53:31","slug":"los-menores-de-12-anos-podran-seguir-con-sus-actividades-deportivas","status":"publish","type":"post","link":"http:\/\/www.portaldelolleria.es\/?p=25913","title":{"rendered":"Los menores de 12 a\u00f1os podran seguir con sus actividades deportivas"},"content":{"rendered":"<p style=\"text-align: justify;\">\u00a0<a href=\"http:\/\/www.portaldelolleria.es\/wp-content\/uploads\/2020\/10\/7nqc0nd5.jpg\"><img loading=\"lazy\" class=\"aligncenter size-full wp-image-25914\" title=\"7nqc0nd5\" src=\"http:\/\/www.portaldelolleria.es\/wp-content\/uploads\/2020\/10\/7nqc0nd5.jpg\" alt=\"\" width=\"598\" height=\"376\" srcset=\"http:\/\/www.portaldelolleria.es\/wp-content\/uploads\/2020\/10\/7nqc0nd5.jpg 598w, http:\/\/www.portaldelolleria.es\/wp-content\/uploads\/2020\/10\/7nqc0nd5-300x188.jpg 300w\" sizes=\"(max-width: 598px) 100vw, 598px\" \/><\/a><\/p>\n<p style=\"text-align: justify;\">\u00a0Los menores de 12 a\u00f1os podran seguir con sus actividades deportivas,\u00a0 as\u00ed lo ha confirmado la Generalitat<\/p>\n<p style=\"text-align: justify;\">Las competiciones de deporte base en la Comunitat arrancar\u00e1n seg\u00fan est\u00e1 previsto en el acuerdo del 19 de junio del Consell. Esto es, el Gobierno auton\u00f3mico aparca la idea de la Conselleria de Sanidad de prohibir las competiciones para menores de 12 a\u00f1os hasta enero de 2021. As\u00ed lo anunciaron ayer fuentes de la Generalitat a trav\u00e9s de un comunicado en el que se precisa que esta situaci\u00f3n se mantendr\u00e1 si no empeora la situaci\u00f3n epidemiol\u00f3gica.<\/p>\n<p style=\"text-align: justify;\">Inicialmente, la medida que se pretend\u00eda implementar pasaba por aplazar la competici\u00f3n hasta juveniles. Se hab\u00eda convencido a Sanidad de suavizar la prohibici\u00f3n, aunque la decisi\u00f3n era firme en que no hubiera torneos escolares ni federados para menores de 12 a\u00f1os.<\/p>\n<p style=\"text-align: justify;\">Ahora la Generalitat no aplicar\u00e1, por el momento, una medida que iba a ponerse en marcha esta semana. \u00abLa situaci\u00f3n epidemiol\u00f3gica actual permite que las actividades de deporte base se desarrollen con normalidad, tanto a nivel de entrenamientos como en la competici\u00f3n\u00bb, se\u00f1alaron desde el Gobierno auton\u00f3mico: \u00abEn el caso de que cambiara, se tomar\u00edan las medidas necesarias para evitar contagios y cortar posibles cadenas de transmisi\u00f3n en ese \u00e1mbito\u00bb. En el comunicado conjunto de las consellerias de Sanidad y de Educaci\u00f3n y Deporte instan a mantener las medidas de seguridad y de higiene, as\u00ed como seguir los protocolos elaborados por cada federaci\u00f3n.<\/p>\n<p style=\"text-align: justify;\">________________________<\/p>\n<p style=\"text-align: justify;\"><span style=\"color: #003366;\">Els menors de 12 anys podran seguir amb les seves activitats esportives, aix\u00ed ho ha confirmat la Generalitat<\/span><\/p>\n<p><span style=\"color: #003366;\">Les competicions d&#8217;esport base a la Comunitat arrencaran segons est\u00e0 previst en l&#8217;acord de l&#8217;19 de juny de Consell. \u00c9s a dir, el Govern auton\u00f2mic aparca la idea de la Conselleria de Sanitat de prohibir les competicions per a menors de 12 anys fins a gener de 2021. Aix\u00ed ho van anunciar ahir fonts de la Generalitat a trav\u00e9s d&#8217;un comunicat en el qual es precisa que aquesta situaci\u00f3 es mantindr\u00e0 si no empitjora la situaci\u00f3 epidemiol\u00f2gica.<\/span><\/p>\n<p><span style=\"color: #003366;\">Inicialment, la mesura que es pretenia implementar passava per ajornar la competici\u00f3 fins a juvenils. S&#8217;havia conven\u00e7ut a Sanitat de suavitzar la prohibici\u00f3, tot i que la decisi\u00f3 era ferma en qu\u00e8 no hi hagu\u00e9s tornejos escolars ni federats per a menors de 12 anys.<\/span><\/p>\n<p><span style=\"color: #003366;\">Ara la Generalitat no aplicar\u00e0, de moment, una mesura que anava a posar-se en marxa aquesta setmana. \u00abLa situaci\u00f3 epidemiol\u00f2gica actual permet que les activitats d&#8217;esport base es desenvolupin amb normalitat, tant a nivell d&#8217;entrenaments com en la competici\u00f3\u00bb, van assenyalar des del Govern auton\u00f2mic: \u00abEn el cas que canvi\u00e9s, es prendrien les mesures necess\u00e0ries per evitar contagis i tallar possibles cadenes de transmissi\u00f3 en aquest \u00e0mbit \u00bb. En el comunicat conjunt de les conselleries de Sanitat i d&#8217;Educaci\u00f3 i Esport insten a mantenir les mesures de seguretat i d&#8217;higiene, aix\u00ed com seguir els protocols elaborats per cada federaci\u00f3.<\/span><\/p>\n<p>&nbsp;<\/p>\n","protected":false},"excerpt":{"rendered":"<p>\u00a0 \u00a0Los menores de 12 a\u00f1os podran seguir con sus actividades deportivas,\u00a0 as\u00ed lo ha confirmado la Generalitat Las competiciones de deporte base en la Comunitat arrancar\u00e1n seg\u00fan est\u00e1 previsto en el acuerdo del 19 de junio del Consell. Esto es, el Gobierno auton\u00f3mico aparca la idea de la Conselleria de Sanidad de prohibir las [&hellip;]<\/p>\n","protected":false},"author":1,"featured_media":0,"comment_status":"closed","ping_status":"open","sticky":false,"template":"","format":"standard","meta":{"_monsterinsights_skip_tracking":false,"_monsterinsights_sitenote_active":false,"_monsterinsights_sitenote_note":"","_monsterinsights_sitenote_category":0},"categories":[9,12],"tags":[],"_links":{"self":[{"href":"http:\/\/www.portaldelolleria.es\/index.php?rest_route=\/wp\/v2\/posts\/25913"}],"collection":[{"href":"http:\/\/www.portaldelolleria.es\/index.php?rest_route=\/wp\/v2\/posts"}],"about":[{"href":"http:\/\/www.portaldelolleria.es\/index.php?rest_route=\/wp\/v2\/types\/post"}],"author":[{"embeddable":true,"href":"http:\/\/www.portaldelolleria.es\/index.php?rest_route=\/wp\/v2\/users\/1"}],"replies":[{"embeddable":true,"href":"http:\/\/www.portaldelolleria.es\/index.php?rest_route=%2Fwp%2Fv2%2Fcomments&post=25913"}],"version-history":[{"count":2,"href":"http:\/\/www.portaldelolleria.es\/index.php?rest_route=\/wp\/v2\/posts\/25913\/revisions"}],"predecessor-version":[{"id":25916,"href":"http:\/\/www.portaldelolleria.es\/index.php?rest_route=\/wp\/v2\/posts\/25913\/revisions\/25916"}],"wp:attachment":[{"href":"http:\/\/www.portaldelolleria.es\/index.php?rest_route=%2Fwp%2Fv2%2Fmedia&parent=25913"}],"wp:term":[{"taxonomy":"category","embeddable":true,"href":"http:\/\/www.portaldelolleria.es\/index.php?rest_route=%2Fwp%2Fv2%2Fcategories&post=25913"},{"taxonomy":"post_tag","embeddable":true,"href":"http:\/\/www.portaldelolleria.es\/index.php?rest_route=%2Fwp%2Fv2%2Ftags&post=25913"}],"curies":[{"name":"wp","href":"https:\/\/api.w.org\/{rel}","templated":true}]}}