{"id":25946,"date":"2020-10-14T19:25:43","date_gmt":"2020-10-14T17:25:43","guid":{"rendered":"http:\/\/www.portaldelolleria.es\/?p=25946"},"modified":"2020-10-20T21:51:19","modified_gmt":"2020-10-20T19:51:19","slug":"lolleria-cf-incorpora-otros-tres-efectivos-poco-antes-de-comenzar-la-liga","status":"publish","type":"post","link":"http:\/\/www.portaldelolleria.es\/?p=25946","title":{"rendered":"L&#8217;Olleria CF  incorpora otros tres efectivos  a tres d\u00edas de comenzar la liga."},"content":{"rendered":"<p><a href=\"http:\/\/www.portaldelolleria.es\/wp-content\/uploads\/2020\/10\/3x.jpg\"><img loading=\"lazy\" class=\"aligncenter size-full wp-image-25950\" title=\"3x\" src=\"http:\/\/www.portaldelolleria.es\/wp-content\/uploads\/2020\/10\/3x.jpg\" alt=\"\" width=\"600\" height=\"409\" srcset=\"http:\/\/www.portaldelolleria.es\/wp-content\/uploads\/2020\/10\/3x.jpg 600w, http:\/\/www.portaldelolleria.es\/wp-content\/uploads\/2020\/10\/3x-300x204.jpg 300w\" sizes=\"(max-width: 600px) 100vw, 600px\" \/><\/a><\/p>\n<p>&nbsp;<\/p>\n<p>&nbsp;<\/p>\n<p>L&#8217;Olleria C.F.\u00a0 informa de\u00a0 dos incorporaciones m\u00e1s a la plantilla del primer equipo y la renovaci\u00f3n de un jugador de la casa.<br \/>\n<strong>Nicol\u00e1s Albi\u00f1ana Vila \u201cNico\u201d\u00a0<\/strong> (l\u2019Olleria 13\/12\/2000).\u00a0 Recal\u00f3 en l&#8217;Olleria en julio de 2019, procedente de juvenil Nacional del CD Olimpic de X\u00e0tiva su demarcaci\u00f3n\u00a0 es la de defensa.\u00a0 Destaca por su solvencia en el \u00e1rea.<\/p>\n<p><a href=\"http:\/\/www.portaldelolleria.es\/wp-content\/uploads\/2020\/10\/IMG_0063.jpg\"><img loading=\"lazy\" class=\"aligncenter size-full wp-image-25948\" title=\"IMG_0063\" src=\"http:\/\/www.portaldelolleria.es\/wp-content\/uploads\/2020\/10\/IMG_0063.jpg\" alt=\"\" width=\"598\" height=\"332\" srcset=\"http:\/\/www.portaldelolleria.es\/wp-content\/uploads\/2020\/10\/IMG_0063.jpg 598w, http:\/\/www.portaldelolleria.es\/wp-content\/uploads\/2020\/10\/IMG_0063-300x166.jpg 300w\" sizes=\"(max-width: 598px) 100vw, 598px\" \/><\/a><\/p>\n<p><strong>Las incorporaciones se tratan de Ra\u00fal Moll\u00e1 Pardo y de Cristian Torres Hern\u00e1ndez.<\/strong><\/p>\n<p><a href=\"http:\/\/www.portaldelolleria.es\/wp-content\/uploads\/2020\/10\/Ra\u00fal-Moll\u00e1-Pardo.jpg\"><img loading=\"lazy\" class=\"aligncenter size-full wp-image-25947\" title=\"Ra\u00fal Moll\u00e1 Pardo\" src=\"http:\/\/www.portaldelolleria.es\/wp-content\/uploads\/2020\/10\/Ra\u00fal-Moll\u00e1-Pardo.jpg\" alt=\"\" width=\"598\" height=\"261\" srcset=\"http:\/\/www.portaldelolleria.es\/wp-content\/uploads\/2020\/10\/Ra\u00fal-Moll\u00e1-Pardo.jpg 598w, http:\/\/www.portaldelolleria.es\/wp-content\/uploads\/2020\/10\/Ra\u00fal-Moll\u00e1-Pardo-300x130.jpg 300w\" sizes=\"(max-width: 598px) 100vw, 598px\" \/><\/a><br \/>\n<strong><\/strong><\/p>\n<p><strong>Ra\u00fal Moll\u00e1 Pardo<\/strong>,\u00a0 (Rotgla i Corbera, 2001), central procedente de la\u00a0 UD Alzira Juvenil Divisi\u00f3n de Honor. Comenz\u00f3 en los alevines de Ontinyent,\u00a0 de 2013 a 2017\u00a0 form\u00f3 con los cadetes e infantiles del Valencia CF hasta volver a la UD Alzira, una temporada en senior (3\u00aa division) y otra en el juvenil (preferente).\u00a0 Olimpic de X\u00e0tiva juvenil\u00a0 y la UD Alzira juvenil, son sus \u00faltimas dos temporadas antes de recalar en l&#8217;Olleria.<\/p>\n<p>&nbsp;<\/p>\n<p>&nbsp;<\/p>\n<p><a href=\"http:\/\/www.portaldelolleria.es\/wp-content\/uploads\/2020\/10\/Cristian-Torres-Hern\u00e1ndez.jpg\"><img loading=\"lazy\" class=\"aligncenter size-full wp-image-25949\" title=\"Cristian Torres Hern\u00e1ndez\" src=\"http:\/\/www.portaldelolleria.es\/wp-content\/uploads\/2020\/10\/Cristian-Torres-Hern\u00e1ndez.jpg\" alt=\"\" width=\"598\" height=\"307\" srcset=\"http:\/\/www.portaldelolleria.es\/wp-content\/uploads\/2020\/10\/Cristian-Torres-Hern\u00e1ndez.jpg 598w, http:\/\/www.portaldelolleria.es\/wp-content\/uploads\/2020\/10\/Cristian-Torres-Hern\u00e1ndez-300x154.jpg 300w\" sizes=\"(max-width: 598px) 100vw, 598px\" \/><\/a><\/p>\n<p>,<strong>Cristian Torres Hern\u00e1ndez<\/strong>\u00a0 (1998, Lanzarote) jugador que ocupa la posici\u00f3n de extremo y puede ubicarse en ambas bandas, es un futbolista r\u00e1pido en los metros finales, con buen desborde y olfato goleador. Ha jugado en las categor\u00edas inferiores de la UD Lanzarote, como juvenil milit\u00f3 en filas de la UD Las Palmas donde tambi\u00e9n jugo en la Selecci\u00f3n Canaria Sub-18, en su etapa de amateur estuvo en tercera divisi\u00f3n con la U.D. Lanzarote.<\/p>\n","protected":false},"excerpt":{"rendered":"<p>&nbsp; &nbsp; L&#8217;Olleria C.F.\u00a0 informa de\u00a0 dos incorporaciones m\u00e1s a la plantilla del primer equipo y la renovaci\u00f3n de un jugador de la casa. Nicol\u00e1s Albi\u00f1ana Vila \u201cNico\u201d\u00a0 (l\u2019Olleria 13\/12\/2000).\u00a0 Recal\u00f3 en l&#8217;Olleria en julio de 2019, procedente de juvenil Nacional del CD Olimpic de X\u00e0tiva su demarcaci\u00f3n\u00a0 es la de defensa.\u00a0 Destaca por su [&hellip;]<\/p>\n","protected":false},"author":1,"featured_media":0,"comment_status":"closed","ping_status":"open","sticky":false,"template":"","format":"standard","meta":{"_monsterinsights_skip_tracking":false,"_monsterinsights_sitenote_active":false,"_monsterinsights_sitenote_note":"","_monsterinsights_sitenote_category":0},"categories":[9,12],"tags":[],"_links":{"self":[{"href":"http:\/\/www.portaldelolleria.es\/index.php?rest_route=\/wp\/v2\/posts\/25946"}],"collection":[{"href":"http:\/\/www.portaldelolleria.es\/index.php?rest_route=\/wp\/v2\/posts"}],"about":[{"href":"http:\/\/www.portaldelolleria.es\/index.php?rest_route=\/wp\/v2\/types\/post"}],"author":[{"embeddable":true,"href":"http:\/\/www.portaldelolleria.es\/index.php?rest_route=\/wp\/v2\/users\/1"}],"replies":[{"embeddable":true,"href":"http:\/\/www.portaldelolleria.es\/index.php?rest_route=%2Fwp%2Fv2%2Fcomments&post=25946"}],"version-history":[{"count":7,"href":"http:\/\/www.portaldelolleria.es\/index.php?rest_route=\/wp\/v2\/posts\/25946\/revisions"}],"predecessor-version":[{"id":25982,"href":"http:\/\/www.portaldelolleria.es\/index.php?rest_route=\/wp\/v2\/posts\/25946\/revisions\/25982"}],"wp:attachment":[{"href":"http:\/\/www.portaldelolleria.es\/index.php?rest_route=%2Fwp%2Fv2%2Fmedia&parent=25946"}],"wp:term":[{"taxonomy":"category","embeddable":true,"href":"http:\/\/www.portaldelolleria.es\/index.php?rest_route=%2Fwp%2Fv2%2Fcategories&post=25946"},{"taxonomy":"post_tag","embeddable":true,"href":"http:\/\/www.portaldelolleria.es\/index.php?rest_route=%2Fwp%2Fv2%2Ftags&post=25946"}],"curies":[{"name":"wp","href":"https:\/\/api.w.org\/{rel}","templated":true}]}}