{"id":25959,"date":"2020-10-16T19:15:03","date_gmt":"2020-10-16T17:15:03","guid":{"rendered":"http:\/\/www.portaldelolleria.es\/?p=25959"},"modified":"2020-10-16T19:15:03","modified_gmt":"2020-10-16T17:15:03","slug":"la-vall-d%e2%80%99albaida-profundiza-en-el-erotismo-como-atractivo-turistico","status":"publish","type":"post","link":"http:\/\/www.portaldelolleria.es\/?p=25959","title":{"rendered":"La Vall d\u2019Albaida profundiza en el erotismo como atractivo tur\u00edstico"},"content":{"rendered":"<p><a href=\"http:\/\/www.portaldelolleria.es\/wp-content\/uploads\/2020\/10\/eroval.jpg\"><img loading=\"lazy\" class=\"aligncenter size-full wp-image-25961\" title=\"eroval\" src=\"http:\/\/www.portaldelolleria.es\/wp-content\/uploads\/2020\/10\/eroval.jpg\" alt=\"\" width=\"598\" height=\"396\" srcset=\"http:\/\/www.portaldelolleria.es\/wp-content\/uploads\/2020\/10\/eroval.jpg 598w, http:\/\/www.portaldelolleria.es\/wp-content\/uploads\/2020\/10\/eroval-300x198.jpg 300w\" sizes=\"(max-width: 598px) 100vw, 598px\" \/><\/a><\/p>\n<p style=\"text-align: justify;\"><em><span style=\"color: #808080;\">Mancomunitat 16\/10\/2020<\/span><\/em><\/p>\n<p style=\"text-align: justify;\"><strong>La Vall d\u2019Albaida profundiza en el erotismo como atractivo tur\u00edstico<\/strong><\/p>\n<p style=\"text-align: justify;\">La Mancomunitat crea un nuevo producto dedicado a rutas culturales y de cicloturismo arraigadas en los textos procedentes del premio literario<\/p>\n<p style=\"text-align: justify;\"><em>Jueves, 15 de octubre. <\/em>Sensualidad. Picaresca. Letras. Cultura. Los valores fomentados durante las \u00faltimas tres d\u00e9cadas por la Mancomunidad de municipios del Valle de Albaida mediante el Premio de literatura er\u00f3tica se convertir\u00e1n a partir de este viernes, 16 de octubre, un nuevo atractivo tur\u00edstico de la comarca. As\u00ed, el Departamento de Turismo lanza un producto innovador y osado &#8216;integrado por ocho rutas culturales y por cuatro itinerarios de cicloturismo para relanzar el sector en las 34 localidades que integran el territorio.<\/p>\n<p style=\"text-align: justify;\">De esta forma, fragmentos surgidos de las obras galardonadas a lo largo de 26 ediciones y otros textos de la literatura universal de autores como Estell\u00e9s, Cort\u00e1zar, Neruda o el Marqu\u00e9s de Sade guiar\u00e1n las personas asistentes a cada cita durante el recorrido por el patrimonio cultural y medioambiental del la Vall d\u2019 Albaida. El ciclo arrancar\u00e1 en Bocairent donde su barrio medieval se convertir\u00e1 en el escenario de las &#8216;evasiones ef\u00edmeras&#8217; de Vicent Pallar\u00e9s o de las &#8216;confesiones&#8217; de Jordi Portales para sacar jugo a recursos como la calzada excusada, el \u00fanico acceso al recinto amurallado que permanec\u00eda operativo por las noches siempre y cuando se contara con alg\u00fan motivo convincente.<\/p>\n<p style=\"text-align: justify;\">Durante las semanas siguientes, Ontinyent, Albaida, Agullent, Otos, Castell\u00f3 de Rugat, Llutxent y Benig\u00e0nim coger\u00e1n el testigo en la modalidad cultural mientras que las propuestas de cicloturismo partir\u00e1n, ya diciembre, desde Fontanares, Bell\u00fas, Atzeneta de Albaida y Quatretonda. El conjunto de las rutas \u00abaportar\u00e1 una visi\u00f3n de conjunto de una comarca con un gran atractivo patrimonial pero todav\u00eda muy desconocido para el turista\u00bb, seg\u00fan el consejero de Turismo, Jos\u00e9 M. Beneyto, \u00abpor lo que hay que impulsar medidas que potencian nuestras se\u00f1as de identidad y que resultan atractivas para el visitante \u00ab.<\/p>\n<p style=\"text-align: justify;\">La iniciativa se enmarca en las ayudas del patronato provincial Valencia Turismo para contrarrestar los efectos negativos de la Covidien-19 \u00abmediante la potenciaci\u00f3n de productos y de experiencias tur\u00edsticas innovadoras\u00bb. De hecho, la programaci\u00f3n los viernes por la tarde pretende contribuir, paralelamente, a dinamizar el sector hostelero y de restauraci\u00f3n.<\/p>\n<p style=\"text-align: justify;\">_____________________<\/p>\n<p style=\"text-align: justify;\"><strong><span style=\"color: #003366;\">La Vall d\u2019Albaida aprofundeix en l\u2019erotisme com a atractiu tur\u00edstic<\/span><\/strong><\/p>\n<p style=\"text-align: justify;\"><span style=\"color: #003366;\">La Mancomunitat crea un nou producte dedicat a rutes culturals i de cicloturisme arrelades en els textos procedents del premi literari<\/span><\/p>\n<p style=\"text-align: justify;\"><span style=\"color: #003366;\"><em>Dijous, 15 d\u2019octubre.<\/em><em> <\/em>Sensualitat. Picardia. Lletres. Cultura. Els valors fomentats durant les darreres tres d\u00e8cades per la Mancomunitat de municipis de la Vall d\u2019Albaida mitjan\u00e7ant el Premi de literatura er\u00f2tica esdevindran a partir d\u2019aquest divendres, 16 d\u2019octubre, un nou atractiu tur\u00edstic de la comarca. Aix\u00ed, el Departament de Turisme llan\u00e7a un producte \u2018innovador i agosarat\u2019 integrat per huit rutes culturals i per quatre itineraris de cicloturisme per a rellan\u00e7ar el sector en les 34 localitats que integren el territori.<\/span><\/p>\n<p style=\"text-align: justify;\"><span style=\"color: #003366;\">D\u2019aquesta forma, fragments sorgits de les obres guardonades al llarg de 26 edicions i altres textos de la literatura universal d\u2019autors com Estell\u00e9s, Cort\u00e1zar, Neruda o el marqu\u00e9s de Sade guiaran les persones assistents a cada cita durant el recorregut pel patrimoni cultural i mediambiental de la Vall d\u2019Albaida. El cicle arrancar\u00e0 a Bocairent on el seu barri medieval esdevindr\u00e0 l\u2019escenari de les \u2018evasions ef\u00edmeres\u2019 de Vicent Pallar\u00e9s o de les \u2018confessions\u2019 de Jordi Portals per traure suc a recursos com la cal\u00e7ada excusada, l\u2019\u00fanic acc\u00e9s al recinte emmurallat que romania operatiu per les nits sempre i quan es comptara amb algun motiu convincent.<\/span><\/p>\n<p style=\"text-align: justify;\"><span style=\"color: #003366;\">Durant les setmanes seg\u00fcents, Ontinyent, Albaida, Agullent, Otos, Castell\u00f3 de Rugat, Llutxent i Benig\u00e0nim agafaran el testimoni en la modalitat cultural mentre que les propostes de cicloturisme partiran, ja en desembre, des de Fontanars dels Alforins, Bell\u00fas, Atzeneta d\u2019Albaida i Quatretonda. El conjunt de les rutes \u201caportar\u00e0 una visi\u00f3 de conjunt d\u2019una comarca amb un gran atractiu patrimonial per\u00f2 encara molt desconegut per al turista\u201d, segons el conseller de Turisme, Jos\u00e9 M. Beneyto, \u201cper la qual cosa cal impulsar mesures que potencien les nostres senyes d\u2019identitat i que resulten atractives per al visitant\u201d.<\/span><\/p>\n<p style=\"text-align: justify;\"><span style=\"color: #003366;\">La iniciativa s\u2019emmarca en les ajudes del patronat provincial Val\u00e8ncia Turisme per a contrarestar els efectes negatius de la Covid-19 \u201cmitjan\u00e7ant la potenciaci\u00f3 de productes i d\u2019experi\u00e8ncies tur\u00edstiques innovadores\u201d. De fet, la programaci\u00f3 els divendres de vesprada pret\u00e9n contribuir, paral\u00b7lelament, a dinamitzar el sector hostaler i de restauraci\u00f3.<\/span><\/p>\n<p style=\"text-align: justify;\">\u00a0<a href=\"http:\/\/www.portaldelolleria.es\/wp-content\/uploads\/2020\/10\/eroval2.jpg\"><img loading=\"lazy\" class=\"aligncenter size-full wp-image-25960\" title=\"Folleto Concierto Remix Morado y Naranja\" src=\"http:\/\/www.portaldelolleria.es\/wp-content\/uploads\/2020\/10\/eroval2.jpg\" alt=\"\" width=\"598\" height=\"820\" srcset=\"http:\/\/www.portaldelolleria.es\/wp-content\/uploads\/2020\/10\/eroval2.jpg 598w, http:\/\/www.portaldelolleria.es\/wp-content\/uploads\/2020\/10\/eroval2-218x300.jpg 218w\" sizes=\"(max-width: 598px) 100vw, 598px\" \/><\/a><\/p>\n","protected":false},"excerpt":{"rendered":"<p>Mancomunitat 16\/10\/2020 La Vall d\u2019Albaida profundiza en el erotismo como atractivo tur\u00edstico La Mancomunitat crea un nuevo producto dedicado a rutas culturales y de cicloturismo arraigadas en los textos procedentes del premio literario Jueves, 15 de octubre. Sensualidad. Picaresca. Letras. Cultura. Los valores fomentados durante las \u00faltimas tres d\u00e9cadas por la Mancomunidad de municipios del [&hellip;]<\/p>\n","protected":false},"author":1,"featured_media":0,"comment_status":"closed","ping_status":"open","sticky":false,"template":"","format":"standard","meta":{"_monsterinsights_skip_tracking":false,"_monsterinsights_sitenote_active":false,"_monsterinsights_sitenote_note":"","_monsterinsights_sitenote_category":0},"categories":[171,12],"tags":[],"_links":{"self":[{"href":"http:\/\/www.portaldelolleria.es\/index.php?rest_route=\/wp\/v2\/posts\/25959"}],"collection":[{"href":"http:\/\/www.portaldelolleria.es\/index.php?rest_route=\/wp\/v2\/posts"}],"about":[{"href":"http:\/\/www.portaldelolleria.es\/index.php?rest_route=\/wp\/v2\/types\/post"}],"author":[{"embeddable":true,"href":"http:\/\/www.portaldelolleria.es\/index.php?rest_route=\/wp\/v2\/users\/1"}],"replies":[{"embeddable":true,"href":"http:\/\/www.portaldelolleria.es\/index.php?rest_route=%2Fwp%2Fv2%2Fcomments&post=25959"}],"version-history":[{"count":2,"href":"http:\/\/www.portaldelolleria.es\/index.php?rest_route=\/wp\/v2\/posts\/25959\/revisions"}],"predecessor-version":[{"id":25963,"href":"http:\/\/www.portaldelolleria.es\/index.php?rest_route=\/wp\/v2\/posts\/25959\/revisions\/25963"}],"wp:attachment":[{"href":"http:\/\/www.portaldelolleria.es\/index.php?rest_route=%2Fwp%2Fv2%2Fmedia&parent=25959"}],"wp:term":[{"taxonomy":"category","embeddable":true,"href":"http:\/\/www.portaldelolleria.es\/index.php?rest_route=%2Fwp%2Fv2%2Fcategories&post=25959"},{"taxonomy":"post_tag","embeddable":true,"href":"http:\/\/www.portaldelolleria.es\/index.php?rest_route=%2Fwp%2Fv2%2Ftags&post=25959"}],"curies":[{"name":"wp","href":"https:\/\/api.w.org\/{rel}","templated":true}]}}