{"id":26016,"date":"2020-10-26T20:06:32","date_gmt":"2020-10-26T18:06:32","guid":{"rendered":"http:\/\/www.portaldelolleria.es\/?p=26016"},"modified":"2020-10-26T20:06:53","modified_gmt":"2020-10-26T18:06:53","slug":"medidas-especiales-para-el-dia-de-todos-los-santos","status":"publish","type":"post","link":"http:\/\/www.portaldelolleria.es\/?p=26016","title":{"rendered":"Medidas especiales para el d\u00eda de \u00abTodos los Santos\u00bb"},"content":{"rendered":"<div style=\"text-align: justify;\" dir=\"auto\"><a href=\"http:\/\/www.portaldelolleria.es\/wp-content\/uploads\/2020\/10\/cementerio2.jpg\"><img loading=\"lazy\" class=\"aligncenter size-full wp-image-26021\" title=\"cementerio2\" src=\"http:\/\/www.portaldelolleria.es\/wp-content\/uploads\/2020\/10\/cementerio2.jpg\" alt=\"\" width=\"598\" height=\"410\" srcset=\"http:\/\/www.portaldelolleria.es\/wp-content\/uploads\/2020\/10\/cementerio2.jpg 598w, http:\/\/www.portaldelolleria.es\/wp-content\/uploads\/2020\/10\/cementerio2-300x205.jpg 300w\" sizes=\"(max-width: 598px) 100vw, 598px\" \/><\/a><span style=\"color: #333333;\"><em>Ajuntament de l&#8217;Olleria 26\/10\/2020<\/em><\/span><\/div>\n<div style=\"text-align: justify;\" dir=\"auto\"><\/div>\n<div style=\"text-align: justify;\" dir=\"auto\"><strong>Horario especial en el Cementerio Municipal por motivo de la festividad de Todos los Santos<\/strong><\/div>\n<div style=\"text-align: justify;\">\n<div dir=\"auto\">A causa de la crisis sanitaria provocada por la Covid-19, este a\u00f1o el Ayuntamiento de L&#8217;Olleria ha tenido que realizar varios protocolos especiales para hacer de este, un espacio seguro y libre de contagios.<\/div>\n<\/div>\n<div style=\"text-align: justify;\">\n<div dir=\"auto\">Para poder asistir al Cementerio se tienen que seguir las medidas de seguridad recomendadas por las autoridades sanitarias.<\/div>\n<\/div>\n<div style=\"text-align: justify;\">\n<div dir=\"auto\"><strong>Protecci\u00f3n Civil<\/strong> pone a disposici\u00f3n de la ciudadan\u00eda un servicio de transporte en coche, del pueblo al cementerio, para las personas que lo necesiten los d\u00edas 31 de octubre y 1 de noviembre. Para solicitarlo hay que llamar con antelaci\u00f3n al tel\u00e9fono de la Polic\u00eda Local 962200411.<\/div>\n<\/div>\n<div style=\"text-align: justify;\">\n<div dir=\"auto\">Desde el Ayuntamiento de L&#8217;Olleria apelan a la responsabilidad individual de cada vecino y vecina para cumplir estas medidas y evitar posibles contagios.<\/div>\n<\/div>\n<div style=\"text-align: justify;\" dir=\"auto\"><a href=\"http:\/\/www.portaldelolleria.es\/wp-content\/uploads\/2020\/10\/cementerio22.jpg\"><img loading=\"lazy\" class=\"aligncenter size-full wp-image-26018\" title=\"cementerio22\" src=\"http:\/\/www.portaldelolleria.es\/wp-content\/uploads\/2020\/10\/cementerio22.jpg\" alt=\"\" width=\"598\" height=\"423\" srcset=\"http:\/\/www.portaldelolleria.es\/wp-content\/uploads\/2020\/10\/cementerio22.jpg 598w, http:\/\/www.portaldelolleria.es\/wp-content\/uploads\/2020\/10\/cementerio22-300x212.jpg 300w\" sizes=\"(max-width: 598px) 100vw, 598px\" \/><\/a><\/div>\n<div style=\"text-align: justify;\" dir=\"auto\">_____________________________<\/div>\n<div style=\"text-align: justify;\" dir=\"auto\">\n<div dir=\"auto\"><span style=\"color: #003366;\"><strong>Horari especial al Cementeri Municipal per motiu de la festivitat de Tots Sants<\/strong><\/span><\/div>\n<div>\n<div dir=\"auto\"><span style=\"color: #003366;\">A causa de la crisi sanit\u00e0ria provocada per la Covid-19, aquest any l&#8217;Ajuntament de L&#8217;Olleria ha hagut de realitzar diversos protocols especials per fer d&#8217;aquest, un espai segur i lliure de contagis.<\/span><\/div>\n<\/div>\n<div>\n<div dir=\"auto\"><span style=\"color: #003366;\">Per a poder assistir al Cementeri s&#8217;han de seguir les mesures de seguretat recomanades per les autoritats sanit\u00e0ries.<\/span><\/div>\n<\/div>\n<div>\n<div dir=\"auto\"><span style=\"color: #003366;\"><strong>Protecci\u00f3 Civil<\/strong> posa a disposici\u00f3 de la ciutadania un servei de transport amb cotxe, del poble al cementeri, per a les persones que el necessiten els dies 31 d&#8217;octubre i 1 de novembre. Per a sol\u00b7licitar-ho cal cridar amb antelaci\u00f3 al tel\u00e8fon de la Policia Local 962200411.<\/span><\/div>\n<\/div>\n<div>\n<div dir=\"auto\"><span style=\"color: #003366;\">Des de l&#8217;Ajuntament de L&#8217;Olleria apela a la responsabilitat individual de cada ve\u00ed i ve\u00efna per a complir aquestes mesures i evitar possibles contagis.<\/span><\/div>\n<\/div>\n<div dir=\"auto\"><a href=\"http:\/\/www.portaldelolleria.es\/wp-content\/uploads\/2020\/10\/cementerio23.jpg\"><img loading=\"lazy\" class=\"aligncenter size-full wp-image-26019\" title=\"cementerio23\" src=\"http:\/\/www.portaldelolleria.es\/wp-content\/uploads\/2020\/10\/cementerio23.jpg\" alt=\"\" width=\"598\" height=\"845\" srcset=\"http:\/\/www.portaldelolleria.es\/wp-content\/uploads\/2020\/10\/cementerio23.jpg 598w, http:\/\/www.portaldelolleria.es\/wp-content\/uploads\/2020\/10\/cementerio23-212x300.jpg 212w\" sizes=\"(max-width: 598px) 100vw, 598px\" \/><\/a><\/div>\n<\/div>\n<div dir=\"auto\"><a href=\"http:\/\/www.portaldelolleria.es\/wp-content\/uploads\/2020\/10\/cementerio21.jpg\"><img loading=\"lazy\" class=\"aligncenter size-full wp-image-26020\" title=\"cementerio21\" src=\"http:\/\/www.portaldelolleria.es\/wp-content\/uploads\/2020\/10\/cementerio21.jpg\" alt=\"\" width=\"598\" height=\"423\" srcset=\"http:\/\/www.portaldelolleria.es\/wp-content\/uploads\/2020\/10\/cementerio21.jpg 598w, http:\/\/www.portaldelolleria.es\/wp-content\/uploads\/2020\/10\/cementerio21-300x212.jpg 300w\" sizes=\"(max-width: 598px) 100vw, 598px\" \/><\/a><\/div>\n","protected":false},"excerpt":{"rendered":"<p>Ajuntament de l&#8217;Olleria 26\/10\/2020 Horario especial en el Cementerio Municipal por motivo de la festividad de Todos los Santos A causa de la crisis sanitaria provocada por la Covid-19, este a\u00f1o el Ayuntamiento de L&#8217;Olleria ha tenido que realizar varios protocolos especiales para hacer de este, un espacio seguro y libre de contagios. Para poder [&hellip;]<\/p>\n","protected":false},"author":1,"featured_media":0,"comment_status":"closed","ping_status":"open","sticky":false,"template":"","format":"standard","meta":{"_monsterinsights_skip_tracking":false,"_monsterinsights_sitenote_active":false,"_monsterinsights_sitenote_note":"","_monsterinsights_sitenote_category":0},"categories":[3,12],"tags":[],"_links":{"self":[{"href":"http:\/\/www.portaldelolleria.es\/index.php?rest_route=\/wp\/v2\/posts\/26016"}],"collection":[{"href":"http:\/\/www.portaldelolleria.es\/index.php?rest_route=\/wp\/v2\/posts"}],"about":[{"href":"http:\/\/www.portaldelolleria.es\/index.php?rest_route=\/wp\/v2\/types\/post"}],"author":[{"embeddable":true,"href":"http:\/\/www.portaldelolleria.es\/index.php?rest_route=\/wp\/v2\/users\/1"}],"replies":[{"embeddable":true,"href":"http:\/\/www.portaldelolleria.es\/index.php?rest_route=%2Fwp%2Fv2%2Fcomments&post=26016"}],"version-history":[{"count":4,"href":"http:\/\/www.portaldelolleria.es\/index.php?rest_route=\/wp\/v2\/posts\/26016\/revisions"}],"predecessor-version":[{"id":26024,"href":"http:\/\/www.portaldelolleria.es\/index.php?rest_route=\/wp\/v2\/posts\/26016\/revisions\/26024"}],"wp:attachment":[{"href":"http:\/\/www.portaldelolleria.es\/index.php?rest_route=%2Fwp%2Fv2%2Fmedia&parent=26016"}],"wp:term":[{"taxonomy":"category","embeddable":true,"href":"http:\/\/www.portaldelolleria.es\/index.php?rest_route=%2Fwp%2Fv2%2Fcategories&post=26016"},{"taxonomy":"post_tag","embeddable":true,"href":"http:\/\/www.portaldelolleria.es\/index.php?rest_route=%2Fwp%2Fv2%2Ftags&post=26016"}],"curies":[{"name":"wp","href":"https:\/\/api.w.org\/{rel}","templated":true}]}}