{"id":26030,"date":"2020-10-28T19:08:46","date_gmt":"2020-10-28T17:08:46","guid":{"rendered":"http:\/\/www.portaldelolleria.es\/?p=26030"},"modified":"2020-10-28T19:27:00","modified_gmt":"2020-10-28T17:27:00","slug":"cierre-preventivo-del-centro-de-dia-para-personas-mayores-dependientes","status":"publish","type":"post","link":"http:\/\/www.portaldelolleria.es\/?p=26030","title":{"rendered":"Cierre preventivo del Centro de D\u00eda para Personas Mayores Dependientes."},"content":{"rendered":"<p style=\"text-align: justify;\"><a href=\"http:\/\/www.portaldelolleria.es\/wp-content\/uploads\/2020\/10\/dia.jpg\"><img loading=\"lazy\" class=\"aligncenter size-full wp-image-26031\" title=\"dia\" src=\"http:\/\/www.portaldelolleria.es\/wp-content\/uploads\/2020\/10\/dia.jpg\" alt=\"\" width=\"512\" height=\"341\" srcset=\"http:\/\/www.portaldelolleria.es\/wp-content\/uploads\/2020\/10\/dia.jpg 512w, http:\/\/www.portaldelolleria.es\/wp-content\/uploads\/2020\/10\/dia-300x199.jpg 300w\" sizes=\"(max-width: 512px) 100vw, 512px\" \/><\/a><\/p>\n<p style=\"text-align: justify;\"><span style=\"color: #333333;\"><em>Ajuntament de l&#8217;Olleria,\u00a0 28\/10\/2020<\/em><\/span><\/p>\n<div style=\"text-align: justify;\" dir=\"auto\">COMUNICADO OFICIAL DEL AYUNTAMIENTO\u00a0 DE OLLERIA<\/div>\n<div style=\"text-align: justify;\">\n<div dir=\"auto\">Atendidas las recomendaciones hechas en el informe remitido a este Ayuntamiento, por parte del Servicio de Vigilancia y Control Epidemiol\u00f3gico de la Conseller\u00eda de Sanidad Universal y Salud P\u00fablica, de restricciones de movilidad en municipios que han tenido alta incidencia de COVID-19 las dos semanas anteriores y en el cual est\u00e1 incluido L&#8217;Olleria, se comunica que el Ayuntamiento de L&#8217;Olleria ha resuelto el <strong>cierre preventivo, durante 14 d\u00edas<\/strong>,<strong> del Centro de D\u00eda<\/strong> para Personas Mayores Dependientes.<\/div>\n<\/div>\n<div style=\"text-align: justify;\">\n<div dir=\"auto\">As\u00ed mismo, nos comunican que tambi\u00e9n se han adoptado <strong>medidas preventivas en la Residencia de Personas Mayores de L&#8217;Olleria<\/strong>, permitiendo \u00fanicamente las entradas y salidas estrictamente necesarias.<\/div>\n<\/div>\n<div style=\"text-align: justify;\">\n<div dir=\"auto\">Recordamos a toda la poblaci\u00f3n la necesidad de extremar las medidas sanitarias establecidas para frenar el avance de la pandemia.<\/div>\n<\/div>\n<div style=\"text-align: justify;\" dir=\"auto\">__________________<\/div>\n<div style=\"text-align: justify;\" dir=\"auto\"><span style=\"color: #003366;\">COMUNICAT OFICIAL\u00a0\u00a0 DEL AJUNTAMENT DE L&#8217;OLLERIA<br \/>\n<\/span><\/div>\n<div style=\"text-align: justify;\" dir=\"auto\"><\/div>\n<div style=\"text-align: justify;\">\n<div dir=\"auto\"><span style=\"color: #003366;\">Ateses les recomanacions fetes a l\u2019informe rem\u00e9s a aquest Ajuntament, per part del Servei de Vigil\u00e0ncia i Control Epidemiol\u00f2gic de la Conselleria de Sanitat Universal i Salut P\u00fablica, de restriccions de mobilitat en municipis que han tingut alta incid\u00e8ncia de COVID-19 les dues setmanes anteriors i en el qual est\u00e0 incl\u00f2s L\u2019Olleria, es comunica que l\u2019Ajuntament de L\u2019Olleria ha resolt el<strong> tancament preventiu, durant 14 dies, del Centre de Dia<\/strong> per a Persones Majors Dependents.<\/span><\/div>\n<\/div>\n<div style=\"text-align: justify;\">\n<div dir=\"auto\"><span style=\"color: #003366;\">Aix\u00ed mateix, ens comuniquen que tamb\u00e9 s\u2019han adoptat <strong>mesures preventives a la Resid\u00e8ncia de Persones Majors de L\u2019Olleria<\/strong>, permetent \u00fanicament les entrades i eixides estrictament necess\u00e0ries.<\/span><\/div>\n<\/div>\n<div>\n<div style=\"text-align: justify;\" dir=\"auto\"><span style=\"color: #003366;\">Recordem a tota la poblaci\u00f3 la necessitat d\u2019extremar les mesures sanit\u00e0ries establertes per a frenar l\u2019avan\u00e7 de la pand\u00e8mia.<\/span><\/div>\n<\/div>\n","protected":false},"excerpt":{"rendered":"<p>Ajuntament de l&#8217;Olleria,\u00a0 28\/10\/2020 COMUNICADO OFICIAL DEL AYUNTAMIENTO\u00a0 DE OLLERIA Atendidas las recomendaciones hechas en el informe remitido a este Ayuntamiento, por parte del Servicio de Vigilancia y Control Epidemiol\u00f3gico de la Conseller\u00eda de Sanidad Universal y Salud P\u00fablica, de restricciones de movilidad en municipios que han tenido alta incidencia de COVID-19 las dos semanas [&hellip;]<\/p>\n","protected":false},"author":1,"featured_media":0,"comment_status":"closed","ping_status":"open","sticky":false,"template":"","format":"standard","meta":{"_monsterinsights_skip_tracking":false,"_monsterinsights_sitenote_active":false,"_monsterinsights_sitenote_note":"","_monsterinsights_sitenote_category":0},"categories":[10],"tags":[],"_links":{"self":[{"href":"http:\/\/www.portaldelolleria.es\/index.php?rest_route=\/wp\/v2\/posts\/26030"}],"collection":[{"href":"http:\/\/www.portaldelolleria.es\/index.php?rest_route=\/wp\/v2\/posts"}],"about":[{"href":"http:\/\/www.portaldelolleria.es\/index.php?rest_route=\/wp\/v2\/types\/post"}],"author":[{"embeddable":true,"href":"http:\/\/www.portaldelolleria.es\/index.php?rest_route=\/wp\/v2\/users\/1"}],"replies":[{"embeddable":true,"href":"http:\/\/www.portaldelolleria.es\/index.php?rest_route=%2Fwp%2Fv2%2Fcomments&post=26030"}],"version-history":[{"count":3,"href":"http:\/\/www.portaldelolleria.es\/index.php?rest_route=\/wp\/v2\/posts\/26030\/revisions"}],"predecessor-version":[{"id":26033,"href":"http:\/\/www.portaldelolleria.es\/index.php?rest_route=\/wp\/v2\/posts\/26030\/revisions\/26033"}],"wp:attachment":[{"href":"http:\/\/www.portaldelolleria.es\/index.php?rest_route=%2Fwp%2Fv2%2Fmedia&parent=26030"}],"wp:term":[{"taxonomy":"category","embeddable":true,"href":"http:\/\/www.portaldelolleria.es\/index.php?rest_route=%2Fwp%2Fv2%2Fcategories&post=26030"},{"taxonomy":"post_tag","embeddable":true,"href":"http:\/\/www.portaldelolleria.es\/index.php?rest_route=%2Fwp%2Fv2%2Ftags&post=26030"}],"curies":[{"name":"wp","href":"https:\/\/api.w.org\/{rel}","templated":true}]}}