{"id":26035,"date":"2020-10-28T19:50:50","date_gmt":"2020-10-28T17:50:50","guid":{"rendered":"http:\/\/www.portaldelolleria.es\/?p=26035"},"modified":"2020-10-28T20:25:00","modified_gmt":"2020-10-28T18:25:00","slug":"projecte-de-transformacio-empresarial-bocairent-l%c2%b4olleria-ontinyent","status":"publish","type":"post","link":"http:\/\/www.portaldelolleria.es\/?p=26035","title":{"rendered":"Projecte de Transformaci\u00f3 Empresarial   Bocairent &#8211; l\u00b4Olleria &#8211; Ontinyent"},"content":{"rendered":"<p style=\"text-align: justify;\"><a href=\"http:\/\/www.portaldelolleria.es\/wp-content\/uploads\/2020\/10\/coval.jpg\"><img loading=\"lazy\" class=\"aligncenter size-full wp-image-26036\" title=\"coval\" src=\"http:\/\/www.portaldelolleria.es\/wp-content\/uploads\/2020\/10\/coval.jpg\" alt=\"\" width=\"598\" height=\"396\" srcset=\"http:\/\/www.portaldelolleria.es\/wp-content\/uploads\/2020\/10\/coval.jpg 598w, http:\/\/www.portaldelolleria.es\/wp-content\/uploads\/2020\/10\/coval-300x198.jpg 300w\" sizes=\"(max-width: 598px) 100vw, 598px\" \/><\/a><\/p>\n<p style=\"text-align: justify;\"><strong>Recientemente se ha presentado el Projecte de Transformaci\u00f3 Empresarial (PTE) Bocairent- L\u00b4Olleria-Ontinyent, que financiado y liderado por sus respectivos Ayuntamientos, es coordinado por COEVAL y cuenta con la colaboraci\u00f3n t\u00e9cnica del Grupo Innova. El Proyecto intenta ayudar a fortalecer la profesionalizaci\u00f3n de las empresas y sus trabajadores y la adaptaci\u00f3n de estas a los importantes cambios que\u00a0 est\u00e1n produci\u00e9ndose a nivel econ\u00f3mico global.<\/strong><\/p>\n<p style=\"text-align: justify;\"><strong>Es importante informar que dada la situaci\u00f3n actual provocada por el covid-19 las acciones formativas que se adjuntan se desarrollaran en formato on line, por lo que una vez inscrito se le facilitar\u00e1 el enlace para acceder v\u00eda zoom a la misma. <\/strong><\/p>\n<p style=\"text-align: justify;\">Igualmente comunicar que, aunque es preferible que las empresas ubicadas en cada uno de estos tres municipios participen en las acciones convocadas por su Ayuntamiento, si por alg\u00fan motivo no pueden participar en las fechas establecidas por el mismo pueden inscribirse a las programadas en los otros dos municipios ya que los contenidos de las mismas son similares.<\/p>\n<p style=\"text-align: justify;\">Las empresas de COEVAL que no sean de cualquiera de los tres municipios que lideran el Proyecto, podr\u00e1n por su condici\u00f3n de asociadas a COEVAL participar en las acciones formativas del Proyecto previa inscripci\u00f3n en aquellas que deseen hacerlo.<\/p>\n<p style=\"text-align: justify;\"><strong>El contenido de la sesi\u00f3n de Elaboraci\u00f3n de Planes de Igualdad, que es la segunda acci\u00f3n formativa que se inicia en los tres municipios(29 octubre de 9 a 11 h, la de\u00a0 L\u00b4Olleria, 5 de noviembre de 9 a 11 h , la de Ontinyent y 12 de noviembre de 9 a 11 h, la de Bocairent) es el siguiente:<\/strong><\/p>\n<p style=\"text-align: justify;\"><strong>\u00a0<\/strong><\/p>\n<p style=\"text-align: justify;\"><em><span style=\"text-decoration: underline;\">\u201cCONTENIDO ACCI\u00d3N FORMATIVA SOBRE LA ELABORACI\u00d3N DE PLANES DE IGUALDAD\u201d<\/span><\/em><\/p>\n<ul style=\"text-align: justify;\">\n<li>Durante la jornada, se expondr\u00e1n las novedades m\u00e1s relevantes en materia de igualdad que las empresas deben cumplir y se dar\u00e1n a conocer los pasos previos para una correcta implantaci\u00f3n de un plan de igualdad.<\/li>\n<\/ul>\n<ul style=\"text-align: justify;\">\n<li>El contenido que se abordar\u00e1 es el siguiente:<\/li>\n<\/ul>\n<ol style=\"text-align: justify;\">\n<li>Contexto: Marco Normativo<\/li>\n<li>Fases de elaboraci\u00f3n de los Planes de Igualdad<\/li>\n<li>Registro y dep\u00f3sito de los Planes de Igualdad<\/li>\n<\/ol>\n<p style=\"text-align: justify;\"><strong><span style=\"text-decoration: underline;\">El enlace del formulario para la realizaci\u00f3n de las inscripciones en cualquiera de las acciones formativas que ofrecen\u00a0 los tres municipios de la Vall d\u00b4Albaida que participan en este Proyecto es el siguiente:<\/span><\/strong><\/p>\n<p style=\"text-align: justify;\"><a href=\"https:\/\/forms.gle\/JtkWyjbaxmggR2Tr8\">https:\/\/forms.gle\/JtkWyjbaxmggR2Tr8<\/a><\/p>\n<p style=\"text-align: justify;\"><strong><span style=\"text-decoration: underline;\">Una vez inscrito se le facilitar\u00e1 el enlace para acceder v\u00eda zoom a la misma.<\/span><\/strong><\/p>\n<p style=\"text-align: justify;\">m\u00e1s informaci\u00f3n en la web de<strong> <a href=\"https:\/\/coeval.es\/index.php\/evento\/accion-formativa-on-line-del-projecte-de-transformacio-empresarial-lolleria-ontinyent-bocairent-sobre-elaboracion-de-planes-de-igualdad\/?fbclid=IwAR3FWQLuJrPnRuC_EbH_ARGejVt3PgLHwIY6zRjjpjVAS85VeJLlJk1iJKI\" target=\"_blank\">COEVAL<\/a><\/strong><\/p>\n","protected":false},"excerpt":{"rendered":"<p>Recientemente se ha presentado el Projecte de Transformaci\u00f3 Empresarial (PTE) Bocairent- L\u00b4Olleria-Ontinyent, que financiado y liderado por sus respectivos Ayuntamientos, es coordinado por COEVAL y cuenta con la colaboraci\u00f3n t\u00e9cnica del Grupo Innova. El Proyecto intenta ayudar a fortalecer la profesionalizaci\u00f3n de las empresas y sus trabajadores y la adaptaci\u00f3n de estas a los importantes [&hellip;]<\/p>\n","protected":false},"author":1,"featured_media":0,"comment_status":"closed","ping_status":"open","sticky":false,"template":"","format":"standard","meta":{"_monsterinsights_skip_tracking":false,"_monsterinsights_sitenote_active":false,"_monsterinsights_sitenote_note":"","_monsterinsights_sitenote_category":0},"categories":[171,12],"tags":[],"_links":{"self":[{"href":"http:\/\/www.portaldelolleria.es\/index.php?rest_route=\/wp\/v2\/posts\/26035"}],"collection":[{"href":"http:\/\/www.portaldelolleria.es\/index.php?rest_route=\/wp\/v2\/posts"}],"about":[{"href":"http:\/\/www.portaldelolleria.es\/index.php?rest_route=\/wp\/v2\/types\/post"}],"author":[{"embeddable":true,"href":"http:\/\/www.portaldelolleria.es\/index.php?rest_route=\/wp\/v2\/users\/1"}],"replies":[{"embeddable":true,"href":"http:\/\/www.portaldelolleria.es\/index.php?rest_route=%2Fwp%2Fv2%2Fcomments&post=26035"}],"version-history":[{"count":3,"href":"http:\/\/www.portaldelolleria.es\/index.php?rest_route=\/wp\/v2\/posts\/26035\/revisions"}],"predecessor-version":[{"id":26039,"href":"http:\/\/www.portaldelolleria.es\/index.php?rest_route=\/wp\/v2\/posts\/26035\/revisions\/26039"}],"wp:attachment":[{"href":"http:\/\/www.portaldelolleria.es\/index.php?rest_route=%2Fwp%2Fv2%2Fmedia&parent=26035"}],"wp:term":[{"taxonomy":"category","embeddable":true,"href":"http:\/\/www.portaldelolleria.es\/index.php?rest_route=%2Fwp%2Fv2%2Fcategories&post=26035"},{"taxonomy":"post_tag","embeddable":true,"href":"http:\/\/www.portaldelolleria.es\/index.php?rest_route=%2Fwp%2Fv2%2Ftags&post=26035"}],"curies":[{"name":"wp","href":"https:\/\/api.w.org\/{rel}","templated":true}]}}