{"id":26057,"date":"2020-11-06T19:41:00","date_gmt":"2020-11-06T17:41:00","guid":{"rendered":"http:\/\/www.portaldelolleria.es\/?p=26057"},"modified":"2020-11-09T01:54:07","modified_gmt":"2020-11-08T23:54:07","slug":"a-partir-de-este-fin-de-semana-huelga-indefinida-en-la-recogida-de-basura","status":"publish","type":"post","link":"http:\/\/www.portaldelolleria.es\/?p=26057","title":{"rendered":"A partir de este fin de semana, huelga indefinida en la recogida de basura"},"content":{"rendered":"<p><a href=\"http:\/\/www.portaldelolleria.es\/wp-content\/uploads\/2020\/11\/recisa.jpg\"><img loading=\"lazy\" class=\"aligncenter size-full wp-image-26058\" title=\"recisa\" src=\"http:\/\/www.portaldelolleria.es\/wp-content\/uploads\/2020\/11\/recisa.jpg\" alt=\"\" width=\"598\" height=\"410\" srcset=\"http:\/\/www.portaldelolleria.es\/wp-content\/uploads\/2020\/11\/recisa.jpg 598w, http:\/\/www.portaldelolleria.es\/wp-content\/uploads\/2020\/11\/recisa-300x205.jpg 300w\" sizes=\"(max-width: 598px) 100vw, 598px\" \/><\/a><\/p>\n<p><span style=\"color: #800000;\">actualizaci\u00f3n a 9\/11\/2020\u00a0 00 h<\/span><\/p>\n<p><span style=\"color: #800000;\">En principio a pesar de que ning\u00fan medio o agencia se hizo eco de la desconvocatoria de la huelga, el vehiculo de recogida est\u00e1 funcionando este domingo por la noche.\u00a0 Por lo que se deduce que la recogida funciona con normalidad.<\/span><\/p>\n<p>&nbsp;<\/p>\n<p>\/\/\/\/\/\/\/\/\/\/\/\/\/\/\/\/\/\/\/\/\/\/\/\/\/\/\/<\/p>\n<p>&nbsp;<\/p>\n<p style=\"text-align: justify;\"><strong>Los trabajadores vuelven a convocar una huelga tras el fracaso de las negociaciones<\/strong><\/p>\n<p>A partir de este fin de semana todos los\u00a0 municipios del Vall d&#8217;Albaida no tendr\u00e1n el servicio de recogida de la basura ante la huelga indefinida que han anunciado los trabajadores de Recisa, la empresa concesionaria .<\/p>\n<p>Los trabajadores afirman que durante la \u00faltima d\u00e9cada no ha sido posible llegar a ning\u00fan acuerdo de convenio y que han estado perdiendo poder adquisitivo a\u00f1o tras a\u00f1o \u00abporque la empresa no ha cumplido el convenio, estando solamente centrada en la situaci\u00f3n de impagos de la Mancomunidad \u00ab. El \u00faltimo acuerdo laboral en Recisa fue firmado en junio del 2010, con vigencia hasta el 31 de diciembre del 2011. En 2015 se firm\u00f3 la pr\u00f3rroga del convenio, \u00absin que desde ese momento se pudiese recuperar la p\u00e9rdida del poder adquisitivo de los salarios\u00bb, denunciaron ayer desde el sindicato CC.OO. El convenio no se renegoci\u00f3 ni en 2016, ni en 2017 ni en 2018.<\/p>\n<p style=\"text-align: justify;\">Con todo ello, los ayuntamientos se veran obligados a desplegar un plan de contenci\u00f3n de basuras, ya que es algo que nadie puede acumular en su domicilio, por lo que vuelven las monta\u00f1as de bolsas alrededor de los contenedores y con las que conviviremos hasta que la situaci\u00f3n sobrepase las condiciones sanitarias que obliguen a su evacuaci\u00f3n.<\/p>\n<p style=\"text-align: justify;\">_______________________<\/p>\n<p style=\"text-align: justify;\"><span style=\"color: #003366;\"><strong>Els treballadors tornen a convocar una vaga despr\u00e9s del frac\u00e0s de les negociacions<\/strong><\/span><\/p>\n<p><span style=\"color: #003366;\">A partir d&#8217;aquest cap de setmana tots els municipis de la Vall d&#8217;Albaida no tindran el servei de recollida de les escombraries davant la vaga indefinida que han anunciat els treballadors de RECISA, l&#8217;empresa concession\u00e0ria.<\/span><\/p>\n<p><span style=\"color: #003366;\">Els treballadors afirmen que durant l&#8217;\u00faltima d\u00e8cada no ha estat possible arribar a cap acord de conveni i que han estat perdent poder adquisitiu any rere any \u00abperqu\u00e8 l&#8217;empresa no ha complert el conveni, estant solament centrada en la situaci\u00f3 d&#8217;impagaments de la Mancomunitat\u00bb . L&#8217;\u00faltim acord laboral a RECISA va ser signat el juny de l&#8217;any 2010, amb vig\u00e8ncia fins al 31 de desembre de l&#8217;any 2011. El 2015 es va signar la pr\u00f2rroga de l&#8217;conveni, \u00absense que des d&#8217;aquest moment es pogu\u00e9s recuperar la p\u00e8rdua de poder adquisitiu dels salaris\u00bb , van denunciar ahir des del sindicat CCOO El conveni no es va renegociar ni el 2016, ni el 2017 ni el 2018.<\/span><\/p>\n<p><span style=\"color: #003366;\">Amb tot aix\u00f2, els ajuntaments es veuran obligats a desplegar un pla de contenci\u00f3 d&#8217;escombraries, ja que \u00e9s una cosa que ning\u00fa pot acumular en el seu domicili, de manera que tornen les muntanyes de bosses al voltant dels contenidors i amb les que conviurem fins que la situaci\u00f3 sobrepassi les condicions sanit\u00e0ries que obliguin a la seva evacuaci\u00f3.<\/span><\/p>\n","protected":false},"excerpt":{"rendered":"<p>actualizaci\u00f3n a 9\/11\/2020\u00a0 00 h En principio a pesar de que ning\u00fan medio o agencia se hizo eco de la desconvocatoria de la huelga, el vehiculo de recogida est\u00e1 funcionando este domingo por la noche.\u00a0 Por lo que se deduce que la recogida funciona con normalidad. &nbsp; \/\/\/\/\/\/\/\/\/\/\/\/\/\/\/\/\/\/\/\/\/\/\/\/\/\/\/ &nbsp; Los trabajadores vuelven a convocar una [&hellip;]<\/p>\n","protected":false},"author":1,"featured_media":0,"comment_status":"closed","ping_status":"open","sticky":false,"template":"","format":"standard","meta":{"_monsterinsights_skip_tracking":false,"_monsterinsights_sitenote_active":false,"_monsterinsights_sitenote_note":"","_monsterinsights_sitenote_category":0},"categories":[3,12],"tags":[],"_links":{"self":[{"href":"http:\/\/www.portaldelolleria.es\/index.php?rest_route=\/wp\/v2\/posts\/26057"}],"collection":[{"href":"http:\/\/www.portaldelolleria.es\/index.php?rest_route=\/wp\/v2\/posts"}],"about":[{"href":"http:\/\/www.portaldelolleria.es\/index.php?rest_route=\/wp\/v2\/types\/post"}],"author":[{"embeddable":true,"href":"http:\/\/www.portaldelolleria.es\/index.php?rest_route=\/wp\/v2\/users\/1"}],"replies":[{"embeddable":true,"href":"http:\/\/www.portaldelolleria.es\/index.php?rest_route=%2Fwp%2Fv2%2Fcomments&post=26057"}],"version-history":[{"count":3,"href":"http:\/\/www.portaldelolleria.es\/index.php?rest_route=\/wp\/v2\/posts\/26057\/revisions"}],"predecessor-version":[{"id":26084,"href":"http:\/\/www.portaldelolleria.es\/index.php?rest_route=\/wp\/v2\/posts\/26057\/revisions\/26084"}],"wp:attachment":[{"href":"http:\/\/www.portaldelolleria.es\/index.php?rest_route=%2Fwp%2Fv2%2Fmedia&parent=26057"}],"wp:term":[{"taxonomy":"category","embeddable":true,"href":"http:\/\/www.portaldelolleria.es\/index.php?rest_route=%2Fwp%2Fv2%2Fcategories&post=26057"},{"taxonomy":"post_tag","embeddable":true,"href":"http:\/\/www.portaldelolleria.es\/index.php?rest_route=%2Fwp%2Fv2%2Ftags&post=26057"}],"curies":[{"name":"wp","href":"https:\/\/api.w.org\/{rel}","templated":true}]}}