{"id":26066,"date":"2020-11-08T16:00:39","date_gmt":"2020-11-08T14:00:39","guid":{"rendered":"http:\/\/www.portaldelolleria.es\/?p=26066"},"modified":"2020-11-08T18:08:47","modified_gmt":"2020-11-08T16:08:47","slug":"situacion-actual-de-contagios-en-lolleria-y-municipios-limitrofes","status":"publish","type":"post","link":"http:\/\/www.portaldelolleria.es\/?p=26066","title":{"rendered":"Situaci\u00f3n actual de contagios en l&#8217;Olleria y municipios limitrofes"},"content":{"rendered":"<p><a href=\"http:\/\/www.portaldelolleria.es\/wp-content\/uploads\/2020\/11\/urgencias.jpg\"><img loading=\"lazy\" class=\"aligncenter size-full wp-image-26067\" title=\"urgencias\" src=\"http:\/\/www.portaldelolleria.es\/wp-content\/uploads\/2020\/11\/urgencias.jpg\" alt=\"\" width=\"598\" height=\"399\" srcset=\"http:\/\/www.portaldelolleria.es\/wp-content\/uploads\/2020\/11\/urgencias.jpg 598w, http:\/\/www.portaldelolleria.es\/wp-content\/uploads\/2020\/11\/urgencias-300x200.jpg 300w\" sizes=\"(max-width: 598px) 100vw, 598px\" \/><\/a><\/p>\n<p>&nbsp;<\/p>\n<div dir=\"auto\"><strong>NUEVAS MEDIDAS EN L&#8217;OLLERIA\u00a0 (8\/11\/2020, 14:00 h)<\/strong><\/div>\n<div>\n<div style=\"text-align: justify;\" dir=\"auto\">A consecuencia de la agravaci\u00f3n de la situaci\u00f3n sanitaria provocada por un incremento de los contagios por COVID-19 durante los \u00faltimos d\u00edas, y con el prop\u00f3sito de contener la propagaci\u00f3n de la pandemia en L&#8217;Olleria, desde el Departamento de Salud P\u00fablica X\u00e0tiva-Ontinyent y los profesionales del Centro de Salud, nos han transmitido la necesidad de extremar las medidas para evitar contagios.<\/div>\n<\/div>\n<div style=\"text-align: justify;\">\n<div dir=\"auto\">Las medidas son las siguientes:<\/div>\n<\/div>\n<div style=\"text-align: justify;\">\n<div dir=\"auto\">&#8211; Cierre de todas las instalaciones deportivas municipales.<\/div>\n<\/div>\n<div style=\"text-align: justify;\">\n<div dir=\"auto\">&#8211; Cierre del Museo &#8211; Casa Santonja, as\u00ed como de los parques, jardines, zonas verdes, parques de socializaci\u00f3n canina y pipi-canes de todo el pueblo.<\/div>\n<\/div>\n<div style=\"text-align: justify;\">\n<div dir=\"auto\">&#8211; La Biblioteca solo ser\u00e1 utilizada para pr\u00e9stamos de libros.<\/div>\n<\/div>\n<div style=\"text-align: justify;\">\n<div dir=\"auto\">&#8211; Aplazar los actos, espect\u00e1culos u otras actividades contratadas previstas en el Cine Goya, Casa Santonja, Cine Cervantes y otras instalaciones p\u00fablicas.<\/div>\n<\/div>\n<div style=\"text-align: justify;\">\n<div dir=\"auto\">&#8211; Proceder a la limpieza y desinfecci\u00f3n peri\u00f3dica de los Centros Educativos, las calles del pueblo y espacios p\u00fablicos, especialmente de las zonas m\u00e1s transitadas.<\/div>\n<\/div>\n<div style=\"text-align: justify;\">\n<div dir=\"auto\">&#8211; Reforzar los efectivos de la Polic\u00eda Local para la vigilancia y cumplimiento contundente de las medidas sanitarias establecidas en la presente resoluci\u00f3n, con coordinaci\u00f3n con la Guardia Civil, Servicios Municipales y el Ayuntamiento en general.<\/div>\n<\/div>\n<div style=\"text-align: justify;\">\n<div dir=\"auto\">&#8211; Se recomienda a las entidades privadas que aplacen todos los actos y acontecimientos organizados durante el periodo de aplicaci\u00f3n del presente decreto.<\/div>\n<\/div>\n<div style=\"text-align: justify;\">\n<div dir=\"auto\">&#8211; Se aconseja a toda la poblaci\u00f3n, especialmente a la considerada de alto riesgo, que siga las recomendaciones e instrucciones sanitarias.<\/div>\n<\/div>\n<div style=\"text-align: justify;\">\n<div dir=\"auto\">Las medidas previstas a esta resoluci\u00f3n tendr\u00e1n una vigencia en el municipio de L&#8217;Olleria que comprender\u00e1 desde las 00:00 horas del lunes d\u00eda 9 de noviembre hasta las 00:00 horas del lunes 24 noviembre. Se podr\u00e1n ampliar de acuerdo con las recomendaciones de la Generalitat Valenciana y Salud P\u00fablica.<\/div>\n<\/div>\n<div style=\"text-align: justify;\">\n<div dir=\"auto\">Desde el Consistorio seguimos confiando en la responsabilidad de las vecinas y vecinos de L&#8217;Olleria y esperamos, una vez m\u00e1s, poder contar con su colaboraci\u00f3n en el cumplimiento de estas normas. Tambi\u00e9n es voluntad de este Ayuntamiento lanzar un mensaje de tranquilidad y esperanza al conjunto de la poblaci\u00f3n, as\u00ed como manifestar el agradecimiento general por la comprensi\u00f3n, junto con el deseo que entre todas y todos superemos esta situaci\u00f3n.<\/div>\n<\/div>\n<p style=\"text-align: justify;\">______________________________________<\/p>\n<p style=\"text-align: justify;\"><strong>Situaci\u00f3n de los contagios por coronavirus en l&#8217;Olleria y alrededores seg\u00fan los datos que ofrece la conseller\u00eda de Sanitat de la Generalitat Valenciana a fecha 7 de noviembre<\/strong><\/p>\n<p>\/\/\/\/\/\/\/\/\/\/\/\/\/\/\/\/\/\/\/\/<\/p>\n<p><strong>l&#8217;Olleria<\/strong><\/p>\n<p><span style=\"color: #800000;\">Indicencia total: 1557.78<\/span><\/p>\n<p><span style=\"color: #800000;\">Casos en total:129<\/span><br \/>\n<span style=\"color: #800000;\">Fallecidos:4<\/span><br \/>\n<span style=\"color: #800000;\"><strong>Casos en 14 d\u00edas: 55<\/strong><\/span><\/p>\n<p><span style=\"color: #800000;\">Nuevos positivos de coronavirus en los \u00faltimos 3 d\u00edas<\/span><\/p>\n<p><em><span style=\"color: #800000;\">Seg\u00fan positivos por prueba PCR publicados por la GVA el 5 de noviembre<\/span><\/em><\/p>\n<p><span style=\"color: #800000;\">Casos en los \u00faltimos 4 d\u00edas: 15<\/span><br \/>\n<span style=\"color: #800000;\">Casos en total:129<\/span><\/p>\n<p>\/\/\/\/\/\/\/\/\/\/\/\/\/\/\/\/\/\/\/\/<br \/>\nAielo de Malferit<\/p>\n<p>Indicencia total: 974.45<br \/>\nCasos en total:45<br \/>\nFallecidos:0<br \/>\nCasos en 14 d\u00edas:23<\/p>\n<p>Casos en los \u00faltimos 4 d\u00edas:8<br \/>\nCasos en total:45<\/p>\n<p>_________________<br \/>\nBell\u00fas<\/p>\n<p>Indicencia total: 1315.79<br \/>\nCasos en total:4<br \/>\nFallecidos:0<br \/>\nCasos en 14 d\u00edas:0<\/p>\n<p>Casos en los \u00faltimos 4 d\u00edas:0<br \/>\nCasos en total:4<\/p>\n<p>________________<br \/>\nGuadass\u00e9quies<\/p>\n<p>Indicencia total: 1068.38<br \/>\nCasos en total:5<br \/>\nFallecidos:0<br \/>\nCasos en 14 d\u00edas:4<\/p>\n<p>Casos en los \u00faltimos 4 d\u00edas:0<br \/>\nCasos en total:5<\/p>\n<p>_________________<br \/>\nAlfarras\u00ed<\/p>\n<p>Indicencia total: 653.06<br \/>\nCasos en total:8<br \/>\nFallecidos:0<br \/>\nCasos en 14 d\u00edas:4<\/p>\n<p>Casos en los \u00faltimos 4 d\u00edas:2<br \/>\nCasos en total:8<\/p>\n<p>__________________<br \/>\nMontaverner<\/p>\n<p>Indicendia total: 797.55<br \/>\nCasos en total:13<br \/>\nFallecidos:0<br \/>\nCasos en 14 d\u00edas:7<\/p>\n<p>Casos en los \u00faltimos 4 d\u00edas:2<br \/>\nCasos en total:13<\/p>\n<p>__________________<br \/>\nX\u00e0tiva<\/p>\n<p>Indicencia total: 1303.41<br \/>\nCasos en total:381<br \/>\nFallecidos:12<br \/>\nCasos en 14 d\u00edas:80<\/p>\n<p>Casos en los \u00faltimos 4 d\u00edas:20<br \/>\nCasos en total:381<\/p>\n<p>_________________<br \/>\nAlbaida<\/p>\n<p>Indicencia total: 1050.85<br \/>\nCasos en total:62<br \/>\nFallecidos:0<br \/>\nCasos en 14 d\u00edas:30<\/p>\n<p>Casos en los \u00faltimos 4 d\u00edas:6<br \/>\nCasos en total:62<\/p>\n<p>__________________<br \/>\nSempere<\/p>\n<p>Indicencia total: 0<br \/>\nCasos en total:0<br \/>\nFallecidos:0<br \/>\nCasos en 14 d\u00edas:0<\/p>\n<p>Casos en los \u00faltimos 4 d\u00edas:0<br \/>\nCasos en total:0<\/p>\n<p>___________________<br \/>\nBenissuera<\/p>\n<p>Indicencia total: 0<br \/>\nCasos en total:0<br \/>\nFallecidos:0<br \/>\nCasos en 14 d\u00edas:0<\/p>\n<p>Casos en los \u00faltimos 4 d\u00edas:0<br \/>\nCasos en total:0<\/p>\n<p>__________________<br \/>\nel Palomar<\/p>\n<p>Indicencia total: 0<br \/>\nCasos en total:0<br \/>\nFallecidos:0<br \/>\nCasos en 14 d\u00edas:0<\/p>\n<p>Casos en los \u00faltimos 4 d\u00edas:0<br \/>\nCasos en total:0<\/p>\n<p>_________________<br \/>\nBufali<\/p>\n<p>Indicencia total: 621.12<br \/>\nCasos en total:1<br \/>\nFallecidos:0<br \/>\nCasos en 14 d\u00edas:0<\/p>\n<p>Casos en los \u00faltimos 4 d\u00edas:0<br \/>\nCasos en total:1<\/p>\n<p>_________________<br \/>\nCanals<\/p>\n<p>Indicencia total: 1140.8<br \/>\nCasos en total:155<br \/>\nFallecidos:3<br \/>\nCasos en 14 d\u00edas:38<\/p>\n<p>Casos en los \u00faltimos 4 d\u00edas:10<br \/>\nCasos en total:155<\/p>\n<p>__________________<br \/>\nOntinyent<\/p>\n<p>Indicencia total: 1884.18<br \/>\nCasos en total:666<br \/>\nFallecidos:10<br \/>\nCasos en 14 d\u00edas:190<\/p>\n<p>Casos en los \u00faltimos 4 d\u00edas:72<br \/>\nCasos en total:666<\/p>\n","protected":false},"excerpt":{"rendered":"<p>&nbsp; NUEVAS MEDIDAS EN L&#8217;OLLERIA\u00a0 (8\/11\/2020, 14:00 h) A consecuencia de la agravaci\u00f3n de la situaci\u00f3n sanitaria provocada por un incremento de los contagios por COVID-19 durante los \u00faltimos d\u00edas, y con el prop\u00f3sito de contener la propagaci\u00f3n de la pandemia en L&#8217;Olleria, desde el Departamento de Salud P\u00fablica X\u00e0tiva-Ontinyent y los profesionales del Centro [&hellip;]<\/p>\n","protected":false},"author":1,"featured_media":0,"comment_status":"closed","ping_status":"open","sticky":false,"template":"","format":"standard","meta":{"_monsterinsights_skip_tracking":false,"_monsterinsights_sitenote_active":false,"_monsterinsights_sitenote_note":"","_monsterinsights_sitenote_category":0},"categories":[10,12],"tags":[],"_links":{"self":[{"href":"http:\/\/www.portaldelolleria.es\/index.php?rest_route=\/wp\/v2\/posts\/26066"}],"collection":[{"href":"http:\/\/www.portaldelolleria.es\/index.php?rest_route=\/wp\/v2\/posts"}],"about":[{"href":"http:\/\/www.portaldelolleria.es\/index.php?rest_route=\/wp\/v2\/types\/post"}],"author":[{"embeddable":true,"href":"http:\/\/www.portaldelolleria.es\/index.php?rest_route=\/wp\/v2\/users\/1"}],"replies":[{"embeddable":true,"href":"http:\/\/www.portaldelolleria.es\/index.php?rest_route=%2Fwp%2Fv2%2Fcomments&post=26066"}],"version-history":[{"count":16,"href":"http:\/\/www.portaldelolleria.es\/index.php?rest_route=\/wp\/v2\/posts\/26066\/revisions"}],"predecessor-version":[{"id":26070,"href":"http:\/\/www.portaldelolleria.es\/index.php?rest_route=\/wp\/v2\/posts\/26066\/revisions\/26070"}],"wp:attachment":[{"href":"http:\/\/www.portaldelolleria.es\/index.php?rest_route=%2Fwp%2Fv2%2Fmedia&parent=26066"}],"wp:term":[{"taxonomy":"category","embeddable":true,"href":"http:\/\/www.portaldelolleria.es\/index.php?rest_route=%2Fwp%2Fv2%2Fcategories&post=26066"},{"taxonomy":"post_tag","embeddable":true,"href":"http:\/\/www.portaldelolleria.es\/index.php?rest_route=%2Fwp%2Fv2%2Ftags&post=26066"}],"curies":[{"name":"wp","href":"https:\/\/api.w.org\/{rel}","templated":true}]}}