{"id":26105,"date":"2020-11-20T21:55:02","date_gmt":"2020-11-20T19:55:02","guid":{"rendered":"http:\/\/www.portaldelolleria.es\/?p=26105"},"modified":"2020-11-20T21:55:08","modified_gmt":"2020-11-20T19:55:08","slug":"los-neumologos-piden-a-los-grupos-de-riesgo-que-se-vacunen-contra-la-gripe","status":"publish","type":"post","link":"http:\/\/www.portaldelolleria.es\/?p=26105","title":{"rendered":"Los neum\u00f3logos piden a los grupos de riesgo que se vacunen contra la gripe"},"content":{"rendered":"<p><a href=\"http:\/\/www.portaldelolleria.es\/wp-content\/uploads\/2020\/11\/grip.jpg\"><img loading=\"lazy\" class=\"aligncenter size-full wp-image-26106\" title=\"grip\" src=\"http:\/\/www.portaldelolleria.es\/wp-content\/uploads\/2020\/11\/grip.jpg\" alt=\"\" width=\"598\" height=\"399\" srcset=\"http:\/\/www.portaldelolleria.es\/wp-content\/uploads\/2020\/11\/grip.jpg 598w, http:\/\/www.portaldelolleria.es\/wp-content\/uploads\/2020\/11\/grip-300x200.jpg 300w\" sizes=\"(max-width: 598px) 100vw, 598px\" \/><\/a><\/p>\n<h3><\/h3>\n<h3>Los neum\u00f3logos piden a los grupos de riesgo que extremen las precauci\u00f3n y se inmunicen<\/h3>\n<p style=\"text-align: justify;\">La Sociedad Espa\u00f1ola de Neumolog\u00eda y Cirug\u00eda Tor\u00e1cica ha hecho un llamamiento para que la poblaci\u00f3n se vacune contra la gripe no s\u00f3lo para prevenir esta enfermedad, sino para evitar la coinfecci\u00f3n con la Covid-19. Seg\u00fan los neum\u00f3logos, \u201cla coexistencia de ambas infecciones podr\u00eda ser muy grave, especialmente en los grupos de riesgo para una u otra enfermedad\u201d. \u201cEste a\u00f1o es de m\u00e1xima importancia que las personas que pertenecen a los grupos de riesgo habituales para la gripe, como enfermos cr\u00f3nicos, embarazadas y mayores de m\u00e1s de 65 a\u00f1os se pongan la vacuna antigripal. Con ello no s\u00f3lo est\u00e1n previniendo una enfermedad que cada a\u00f1o causa complicaciones, neumon\u00edas y la muerte a muchas personas, sino que tambi\u00e9n estar\u00e1n reduciendo las probabilidades de padecer una coinfecci\u00f3n de gripe y Covid-19, que podr\u00eda ser muy grave y potencialmente mortal\u201d.<\/p>\n<div>\n<div dir=\"auto\">La vacunaci\u00f3n de la gripe en l&#8217;Olleria, comenz\u00f3 el pasado\u00a0 5 de octubre <strong>con CITA PREVIA<\/strong>.<\/div>\n<\/div>\n<div>\n<div dir=\"auto\">Desde el centro de salud ser\u00e1n llamadas las personas mayores de 65 a\u00f1os con patolog\u00eda previa.<\/div>\n<\/div>\n<div>\n<div dir=\"auto\"><span style=\"color: #800000;\">El resto de personas tendr\u00e1n que solicitar cita a trav\u00e9s del telefono:\u00a0 <strong>96 224 95 40<\/strong><\/span><\/div>\n<div dir=\"auto\">___________________________<\/div>\n<\/div>\n<div dir=\"auto\">\n<p><strong><br \/>\n<\/strong><\/p>\n<p>La gripe es una enfermedad respiratoria aguda, caracterizada por su alta contagiosidad y aparici\u00f3n en forma de epidemias anuales. Las epidemias anuales suelen estar causadas por los virus A y B.<\/p>\n<p>La gripe afecta fundamentalmente a ni\u00f1os y ni\u00f1as, personas mayores, y personas con patolog\u00edas cr\u00f3nicas, siendo en estas \u00faltimas m\u00e1s grave.<\/p>\n<p>La vacunaci\u00f3n de la gripe estacional en la temporada 2020-21 como en temporadas anteriores va dirigida a los siguientes grupos de poblaci\u00f3n:<\/p>\n<ol>\n<li>Personas mayores a partir de 65 a\u00f1os. Se har\u00e1 especial \u00e9nfasis en aquellas personas que conviven en instituciones cerradas.<\/li>\n<li>Personas con menos de 65 a\u00f1os que presentan un alto riesgo de complicaciones derivadas de la gripe:\n<ul>\n<li>Menores (a partir de los 6 meses) y personas adultas con enfermedades cr\u00f3nicas cardiovasculares, neurol\u00f3gicas o respiratorias, incluyendo displasia bronco-pulmonar, fibrosis qu\u00edstica y asma.<\/li>\n<li>Menores (a partir de los 6 meses) y personas adultas con:\n<ul>\n<li>diabetes mellitus<\/li>\n<li>obesidad m\u00f3rbida (\u00edndice de masa corporal \u226540 en adultos, \u226535 en adolescentes \u00f3 \u22653 DS en la infancia)<\/li>\n<li>enfermedad renal cr\u00f3nica y s\u00edndrome nefr\u00f3tico<\/li>\n<li>hemoglobinopat\u00edas y anemias<\/li>\n<li>hemofilia, otros trastornos de la coagulaci\u00f3n y trastornos hemorr\u00e1gicos cr\u00f3nicos, as\u00ed como receptores de hemoderivados y transfusiones m\u00faltiples<\/li>\n<li>asplenia o disfunci\u00f3n espl\u00e9nica grave<\/li>\n<li>enfermedad hep\u00e1tica cr\u00f3nica, incluyendo alcoholismo cr\u00f3nico<\/li>\n<li>enfermedades neuromusculares graves<\/li>\n<li>inmunosupresi\u00f3n (incluida la originada por la infecci\u00f3n de VIH, por f\u00e1rmacos \u2013 incluyendo tratamiento con eculizumab \u2013 en los receptores de trasplantes y d\u00e9ficit de complemento)<\/li>\n<li>c\u00e1ncer y hemopat\u00edas malignas<\/li>\n<li>implante coclear o en espera del mismo<\/li>\n<li>f\u00edstula de l\u00edquido cefalorraqu\u00eddeo<\/li>\n<li>enfermedad cel\u00edaca<\/li>\n<li>enfermedad inflamatoria cr\u00f3nica<\/li>\n<li>trastornos y enfermedades que conllevan disfunci\u00f3n cognitiva: s\u00edndrome de Down, demencias y otras<\/li>\n<\/ul>\n<p>En este grupo se har\u00e1 un especial \u00e9nfasis en aquellas personas que precisen seguimiento m\u00e9dico peri\u00f3dico o que hayan sido hospitalizadas en el a\u00f1o precedente.<\/li>\n<li>Menores entre los 6 meses y los 18 a\u00f1os de edad, que reciben tratamiento prolongado con \u00e1cido acetil salic\u00edlico, por la posibilidad de desarrollar un s\u00edndrome de Reye tras la gripe.<\/li>\n<li>Personas de cualquier edad (\u2265 6 meses) institucionalizadas de manera prolongada.<\/li>\n<li>Mujeres embarazadas en cualquier trimestre de gestaci\u00f3n y mujeres durante el puerperio (hasta los 6 meses tras el parto y que no se hayan vacunado durante el embarazo).<\/li>\n<li>Menores entre 6 meses y los 2 a\u00f1os de edad, para los nacidos en prematuridad antes de las 32 semanas de gestaci\u00f3n.<\/li>\n<\/ul>\n<\/li>\n<li>Personas que pueden transmitir la gripe a aquellas que tienen un alto riesgo de presentar complicaciones:\n<ul>\n<li>Personal de los centros, servicios y establecimientos sanitarios, tanto de atenci\u00f3n primaria como especializada y hospitalaria; p\u00fablica y privada, as\u00ed como personal de oficinas de farmacia. Se har\u00e1 especial \u00e9nfasis en el personal que tiene contacto mantenido con pacientes de algunos de los grupos de alto riesgo anteriormente descritos.<\/li>\n<li>Personas que trabajan en instituciones geri\u00e1tricas o en centros de atenci\u00f3n a enfermos cr\u00f3nicos, especialmente quienes tengan contacto continuo con personas vulnerables.<\/li>\n<li>Estudiantes en pr\u00e1cticas en centros sanitarios.<\/li>\n<li>Personas que proporcionen cuidados domiciliarios a pacientes de alto riesgo o mayores (definidos en los apartados 1 y 2).<\/li>\n<li>Personas que conviven en el hogar, incluidos los menores a partir de los 6 meses de edad, con otras que pertenecen a algunos de los grupos de alto riesgo, por su condici\u00f3n cl\u00ednica especial (citados en el punto 2).<\/li>\n<\/ul>\n<\/li>\n<li>Otros grupos en los que se recomienda la vacunaci\u00f3n:\n<ul>\n<li>Personas que trabajan en servicios p\u00fablicos esenciales, con especial \u00e9nfasis en los siguientes subgrupos:\n<ul>\n<li>Fuerzas y cuerpos de seguridad del Estado, con dependencia nacional, auton\u00f3mica o local.<\/li>\n<li>Bomberos\/as.<\/li>\n<li>Servicios de protecci\u00f3n civil.<\/li>\n<li>Personas que trabajan en los servicios de emergencias sanitarias.<\/li>\n<li>Personal de instituciones penitenciarias y de otros centros de internamiento por resoluci\u00f3n judicial (incluyendo centros de acogida de inmigrantes).<\/li>\n<\/ul>\n<\/li>\n<li>Personal con exposici\u00f3n laboral directa a aves dom\u00e9sticas o a cerdos en granjas o explotaciones av\u00edcolas o porcinas y tambi\u00e9n a aves silvestres. La finalidad es reducir la oportunidad de una infecci\u00f3n concomitante de virus humano y aviar o porcino, disminuyendo la posibilidad de recombinaci\u00f3n o intercambio gen\u00e9tico entre ambos virus.<\/li>\n<\/ul>\n<\/li>\n<\/ol>\n<p>En la vacunaci\u00f3n de la poblaci\u00f3n infantil se administrar\u00e1n dosis de 0,5 ml a partir de los 6 meses de edad (independientemente de la vacuna administrada). En los menores de 9 a\u00f1os que se vacunan por primera vez, se administrar\u00e1n dos dosis de vacuna con un intervalo m\u00ednimo entre dosis de 4 semanas. En las temporadas sucesivas se administrar\u00e1 una sola dosis.<\/p>\n<p>El cuadro gripal generalmente es benigno con una duraci\u00f3n entre cuatro y cinco d\u00edas por t\u00e9rmino medio.<\/p>\n<p>La gripe se transmite de persona a persona a trav\u00e9s de las secreciones respiratorias. El periodo de transmisibilidad se extiende desde 24-48 horas antes del inicio de los s\u00edntomas hasta 5-6 d\u00edas despu\u00e9s. El periodo de incubaci\u00f3n es de 1-5 d\u00edas.<\/p>\n<p>La vacunaci\u00f3n anual es la principal medida de prevenci\u00f3n contra la gripe, siendo necesario vacunarse todos los a\u00f1os debido a que las cepas que componen la vacuna cambian de una temporada a otra.<\/p>\n<p>La efectividad de la vacuna es aproximadamente de entre 40 y 60 % aunque puede variar en funci\u00f3n de las cepas circulantes, vacunaciones previas y otras variables. El objetivo principal de las campa\u00f1as de vacunaci\u00f3n es proteger a los grupos de riesgo en los cuales la enfermedad es potencialmente m\u00e1s grave por sus complicaciones.<\/p>\n<p>Otras medidas preventivas efectivas contra la gripe son: al estornudar utilizar un pa\u00f1uelo desechable, lavarse las manos despu\u00e9s de estornudar, beber bebidas calientes, ventilar peri\u00f3dicamente las habitaciones, evitar los locales cerrados y cargados de humo.<\/p>\n<p>La campa\u00f1a de vacunaci\u00f3n antigripal en la Comunidad Valenciana comenzar\u00e1 el d\u00eda 5 de Octubre.<\/p>\n<p>Los objetivos para la temporada 2020-2021 son alcanzar o superar coberturas de vacunaci\u00f3n del 75% en mayores, preferentemente a partir de 65 a\u00f1os y en el personal sanitario y sociosanitario, as\u00ed como superar el 60% en embarazadas y puerperio temprano y en personas con condiciones de riesgo<\/p>\n<p><strong>ver composiciones y detalles t\u00e9cnicos en la <a href=\"https:\/\/www.sp.san.gva.es\/sscc\/progSalud.jsp?menuRaizPortal=SANMS&amp;CodProg=PS92&amp;Pag=punto.jsp?CodPunto=3619&amp;Opcion=SANMS12101&amp;Nivel=2&amp;Seccion=SANPS1210102&amp;Layout=rvn&amp;MenuSup=SANMS121\" target=\"_blank\">web de Sanitat<\/a><\/strong><\/p>\n<\/div>\n","protected":false},"excerpt":{"rendered":"<p>Los neum\u00f3logos piden a los grupos de riesgo que extremen las precauci\u00f3n y se inmunicen La Sociedad Espa\u00f1ola de Neumolog\u00eda y Cirug\u00eda Tor\u00e1cica ha hecho un llamamiento para que la poblaci\u00f3n se vacune contra la gripe no s\u00f3lo para prevenir esta enfermedad, sino para evitar la coinfecci\u00f3n con la Covid-19. Seg\u00fan los neum\u00f3logos, \u201cla coexistencia [&hellip;]<\/p>\n","protected":false},"author":1,"featured_media":0,"comment_status":"closed","ping_status":"open","sticky":false,"template":"","format":"standard","meta":{"_monsterinsights_skip_tracking":false,"_monsterinsights_sitenote_active":false,"_monsterinsights_sitenote_note":"","_monsterinsights_sitenote_category":0},"categories":[10,12],"tags":[],"_links":{"self":[{"href":"http:\/\/www.portaldelolleria.es\/index.php?rest_route=\/wp\/v2\/posts\/26105"}],"collection":[{"href":"http:\/\/www.portaldelolleria.es\/index.php?rest_route=\/wp\/v2\/posts"}],"about":[{"href":"http:\/\/www.portaldelolleria.es\/index.php?rest_route=\/wp\/v2\/types\/post"}],"author":[{"embeddable":true,"href":"http:\/\/www.portaldelolleria.es\/index.php?rest_route=\/wp\/v2\/users\/1"}],"replies":[{"embeddable":true,"href":"http:\/\/www.portaldelolleria.es\/index.php?rest_route=%2Fwp%2Fv2%2Fcomments&post=26105"}],"version-history":[{"count":2,"href":"http:\/\/www.portaldelolleria.es\/index.php?rest_route=\/wp\/v2\/posts\/26105\/revisions"}],"predecessor-version":[{"id":26108,"href":"http:\/\/www.portaldelolleria.es\/index.php?rest_route=\/wp\/v2\/posts\/26105\/revisions\/26108"}],"wp:attachment":[{"href":"http:\/\/www.portaldelolleria.es\/index.php?rest_route=%2Fwp%2Fv2%2Fmedia&parent=26105"}],"wp:term":[{"taxonomy":"category","embeddable":true,"href":"http:\/\/www.portaldelolleria.es\/index.php?rest_route=%2Fwp%2Fv2%2Fcategories&post=26105"},{"taxonomy":"post_tag","embeddable":true,"href":"http:\/\/www.portaldelolleria.es\/index.php?rest_route=%2Fwp%2Fv2%2Ftags&post=26105"}],"curies":[{"name":"wp","href":"https:\/\/api.w.org\/{rel}","templated":true}]}}