{"id":26114,"date":"2020-11-22T15:32:57","date_gmt":"2020-11-22T13:32:57","guid":{"rendered":"http:\/\/www.portaldelolleria.es\/?p=26114"},"modified":"2020-11-22T15:32:57","modified_gmt":"2020-11-22T13:32:57","slug":"prorroga-de-las-medidas-anti-covid-hasta-las-00-h-del-9-de-diciembre","status":"publish","type":"post","link":"http:\/\/www.portaldelolleria.es\/?p=26114","title":{"rendered":"Pr\u00f3rroga de las medidas anti-Covid hasta las 00 h del 9 de diciembre"},"content":{"rendered":"<p><a href=\"http:\/\/www.portaldelolleria.es\/wp-content\/uploads\/2020\/11\/ajuntament21.jpg\"><img loading=\"lazy\" class=\"aligncenter size-full wp-image-26119\" title=\"ajuntament2\" src=\"http:\/\/www.portaldelolleria.es\/wp-content\/uploads\/2020\/11\/ajuntament21.jpg\" alt=\"\" width=\"598\" height=\"404\" srcset=\"http:\/\/www.portaldelolleria.es\/wp-content\/uploads\/2020\/11\/ajuntament21.jpg 598w, http:\/\/www.portaldelolleria.es\/wp-content\/uploads\/2020\/11\/ajuntament21-300x202.jpg 300w\" sizes=\"(max-width: 598px) 100vw, 598px\" \/><\/a><\/p>\n<p><span style=\"color: #333333;\"><em>Ajuntament de l&#8217;Olleria, 22\/11\/2020<\/em><\/span><\/p>\n<p>&nbsp;<\/p>\n<div>\n<div dir=\"auto\"><strong>Pr\u00f3rroga de las medidas anti-Covid hasta las 00 h del 9 de diciembre<\/strong><\/div>\n<\/div>\n<div>\n<div dir=\"auto\">A consecuencia de la agravaci\u00f3n de la situaci\u00f3n sanitaria provocada por un incremento de los contagios por COVID-19 durante los \u00faltimos d\u00edas, y con el prop\u00f3sito de contener la propagaci\u00f3n de la pandemia en L&#8217;Olleria, desde el Departamento de Salud P\u00fablica X\u00e0tiva-Ontinyent y los profesionales del Centro de Salud, nos han transmitido la necesidad de extremar las medidas para evitar contagios.<\/div>\n<\/div>\n<div>\n<div dir=\"auto\">Las medidas son las siguientes:<\/div>\n<\/div>\n<div>\n<div dir=\"auto\">&#8211; Cierre de todas las instalaciones deportivas municipales.<\/div>\n<div dir=\"auto\">&#8211; Cierre del Museo &#8211; Casa Santonja, as\u00ed como de los parques, jardines, zonas verdes, parques de socializaci\u00f3n canina y pipi-canes de todo el pueblo.<\/div>\n<div dir=\"auto\">&#8211; La Biblioteca solo ser\u00e1 utilizada para pr\u00e9stamos de libros.<\/div>\n<div dir=\"auto\">&#8211; Aplazar los actos, espect\u00e1culos u otras actividades contratadas previstas en el Cine Goya, Casa Santonja, Cine Cervantes y otras instalaciones p\u00fablicas.<\/div>\n<div dir=\"auto\">&#8211; Proceder a la limpieza y desinfecci\u00f3n peri\u00f3dica de los Centros Educativos, las calles del pueblo y espacios p\u00fablicos, especialmente de las zonas m\u00e1s transitadas.<\/div>\n<div dir=\"auto\">&#8211; Reforzar los efectivos de la Polic\u00eda Local para la vigilancia y cumplimiento contundente de las medidas sanitarias establecidas en la presente resoluci\u00f3n, con coordinaci\u00f3n con la Guardia Civil, Servicios Municipales y el Ayuntamiento en general.<\/div>\n<div dir=\"auto\">&#8211; Se recomienda a las entidades privadas que aplacen todos los actos y acontecimientos organizados durante el periodo de aplicaci\u00f3n del presente decreto.<\/div>\n<div dir=\"auto\">&#8211; Se aconseja a toda la poblaci\u00f3n, especialmente a la considerada de alto riesgo, que siga las recomendaciones e instrucciones sanitarias.<\/div>\n<\/div>\n<div>\n<div dir=\"auto\">Las medidas previstas en esta resoluci\u00f3n se prorrogan hasta las 00:00 horas del 9 de diciembre. Se podr\u00e1n ampliar de acuerdo con las recomendaciones de la Generalitat Valenciana y Salud P\u00fablica.<\/div>\n<\/div>\n<div>\n<div dir=\"auto\">Desde el Consistorio seguimos confiando en la responsabilidad de las vecinas y vecinos de L&#8217;Olleria y esperamos, una vez m\u00e1s, poder contar con su colaboraci\u00f3n en el cumplimiento de estas normas. Tambi\u00e9n es voluntad de este Ayuntamiento lanzar un mensaje de tranquilidad y esperanza al conjunto de la poblaci\u00f3n, as\u00ed como manifestar el agradecimiento general por la comprensi\u00f3n, junto con el deseo que entre todas y todos superemos esta situaci\u00f3n.<\/div>\n<\/div>\n<div>\n<div data-visualcompletion=\"ignore-dynamic\">\u00a0______________________________<\/div>\n<\/div>\n<div data-visualcompletion=\"ignore-dynamic\">\n<div>\n<div dir=\"auto\"><span style=\"color: #003366;\"><strong>Pr\u00f2rroga de les mesures anti-Covid fins a les 00 h del 9 de desembre<\/strong><\/span><\/div>\n<\/div>\n<div>\n<div dir=\"auto\"><span style=\"color: #003366;\">A conseq\u00fc\u00e8ncia de l\u2019agreujament de la situaci\u00f3 sanit\u00e0ria provocada per un increment dels contagis per COVID-19 durant els \u00faltims dies, i amb el prop\u00f2sit de contenir la propagaci\u00f3 de la pand\u00e8mia a L\u2019Olleria, des del Departament de Salut P\u00fablica X\u00e0tiva-Ontinyent i els professionals del Centre de Salut, ens han transmet la necessitat d\u2019extremar les mesures per a evitar contagis.<\/span><\/div>\n<\/div>\n<div>\n<div dir=\"auto\"><span style=\"color: #003366;\">Les mesures s\u00f3n les seg\u00fcents:<\/span><\/div>\n<\/div>\n<div>\n<div dir=\"auto\"><span style=\"color: #003366;\">&#8211; Tancament de totes les instal\u00b7lacions esportives municipals.<\/span><\/div>\n<div dir=\"auto\"><span style=\"color: #003366;\">&#8211; Tancament del Museu &#8211; Casa Santonja, aix\u00ed com dels parcs, jardins, zones verdes, parcs de socialitzaci\u00f3 canina i pipi-cans de tot el poble.<\/span><\/div>\n<div dir=\"auto\"><span style=\"color: #003366;\">&#8211; La Biblioteca sols ser\u00e0 utilitzada per a pr\u00e9stecs de llibres.<\/span><\/div>\n<div dir=\"auto\"><span style=\"color: #003366;\">&#8211; Ajornar els actes, espectacles o altres activitats contractades previstes en el Cine Goya, Casa Santonja, Cine Cervantes i altres instal\u00b7lacions p\u00fabliques.<\/span><\/div>\n<div dir=\"auto\"><span style=\"color: #003366;\">&#8211; Procedir a la neteja i desinfecci\u00f3 peri\u00f2dica dels Centres Educatius, els carrers del poble i espais p\u00fablics, especialment les zones m\u00e9s transitades.<\/span><\/div>\n<div dir=\"auto\"><span style=\"color: #003366;\">&#8211; Refor\u00e7ar els efectius de la Policia Local per a la vigil\u00e0ncia i compliment contundent de les mesures sanit\u00e0ries establertes en la present resoluci\u00f3, amb coordinaci\u00f3 amb la Gu\u00e0rdia Civil, Servicis Municipals i l\u2019Ajuntament en general.<\/span><\/div>\n<div dir=\"auto\"><span style=\"color: #003366;\">&#8211; Es recomana a les entitats privades que ajornen tots els actes i esdeveniments organitzats durant el per\u00edode d\u2019aplicaci\u00f3 del present decret.<\/span><\/div>\n<div dir=\"auto\"><span style=\"color: #003366;\">&#8211; S\u2019aconsella a tota la poblaci\u00f3, especialment a la considerada d\u2019alt risc, que seguisca les recomanacions i instruccions sanit\u00e0ries.<\/span><\/div>\n<\/div>\n<div>\n<div dir=\"auto\"><span style=\"color: #003366;\">Les mesures previstes a aquesta resoluci\u00f3 es prorroguen fins a les 00:00 hores del 9 de desembre. Es podran ampliar d\u2019acord amb les recomanacions de la Generalitat Valenciana i Salut P\u00fablica.<\/span><\/div>\n<\/div>\n<div dir=\"auto\"><span style=\"color: #003366;\">Des del Consistori seguim confiant en la responsabilitat de les ve\u00efnes i ve\u00efns de L\u2019Olleria i esperem, una vegada m\u00e9s, poder comptar amb la seua col\u00b7laboraci\u00f3 en el compliment d\u2019aquestes normes. Tamb\u00e9 \u00e9s voluntat d\u2019aquest Ajuntament llan\u00e7ar un missatge de tranquil\u00b7litat i esperan\u00e7a al conjunt de la poblaci\u00f3, aix\u00ed com manifestar l\u2019agra\u00efment general per la comprensi\u00f3, juntament amb el desig que entre totes i tots superem aquesta situaci\u00f3.<\/span><\/div>\n<div dir=\"auto\">&#8212;&#8212;&#8212;&#8212;&#8212;&#8212;&#8212;&#8212;&#8212;&#8212;&#8212;<\/div>\n<p><a href=\"http:\/\/www.portaldelolleria.es\/wp-content\/uploads\/2020\/11\/bando221120202.jpg\"><img loading=\"lazy\" class=\"aligncenter size-full wp-image-26118\" title=\"bando22112020\" src=\"http:\/\/www.portaldelolleria.es\/wp-content\/uploads\/2020\/11\/bando221120202.jpg\" alt=\"\" width=\"598\" height=\"964\" srcset=\"http:\/\/www.portaldelolleria.es\/wp-content\/uploads\/2020\/11\/bando221120202.jpg 598w, http:\/\/www.portaldelolleria.es\/wp-content\/uploads\/2020\/11\/bando221120202-186x300.jpg 186w\" sizes=\"(max-width: 598px) 100vw, 598px\" \/><\/a><\/p>\n<\/div>\n","protected":false},"excerpt":{"rendered":"<p>Ajuntament de l&#8217;Olleria, 22\/11\/2020 &nbsp; Pr\u00f3rroga de las medidas anti-Covid hasta las 00 h del 9 de diciembre A consecuencia de la agravaci\u00f3n de la situaci\u00f3n sanitaria provocada por un incremento de los contagios por COVID-19 durante los \u00faltimos d\u00edas, y con el prop\u00f3sito de contener la propagaci\u00f3n de la pandemia en L&#8217;Olleria, desde el [&hellip;]<\/p>\n","protected":false},"author":1,"featured_media":0,"comment_status":"closed","ping_status":"open","sticky":false,"template":"","format":"standard","meta":{"_monsterinsights_skip_tracking":false,"_monsterinsights_sitenote_active":false,"_monsterinsights_sitenote_note":"","_monsterinsights_sitenote_category":0},"categories":[10,12],"tags":[],"_links":{"self":[{"href":"http:\/\/www.portaldelolleria.es\/index.php?rest_route=\/wp\/v2\/posts\/26114"}],"collection":[{"href":"http:\/\/www.portaldelolleria.es\/index.php?rest_route=\/wp\/v2\/posts"}],"about":[{"href":"http:\/\/www.portaldelolleria.es\/index.php?rest_route=\/wp\/v2\/types\/post"}],"author":[{"embeddable":true,"href":"http:\/\/www.portaldelolleria.es\/index.php?rest_route=\/wp\/v2\/users\/1"}],"replies":[{"embeddable":true,"href":"http:\/\/www.portaldelolleria.es\/index.php?rest_route=%2Fwp%2Fv2%2Fcomments&post=26114"}],"version-history":[{"count":1,"href":"http:\/\/www.portaldelolleria.es\/index.php?rest_route=\/wp\/v2\/posts\/26114\/revisions"}],"predecessor-version":[{"id":26120,"href":"http:\/\/www.portaldelolleria.es\/index.php?rest_route=\/wp\/v2\/posts\/26114\/revisions\/26120"}],"wp:attachment":[{"href":"http:\/\/www.portaldelolleria.es\/index.php?rest_route=%2Fwp%2Fv2%2Fmedia&parent=26114"}],"wp:term":[{"taxonomy":"category","embeddable":true,"href":"http:\/\/www.portaldelolleria.es\/index.php?rest_route=%2Fwp%2Fv2%2Fcategories&post=26114"},{"taxonomy":"post_tag","embeddable":true,"href":"http:\/\/www.portaldelolleria.es\/index.php?rest_route=%2Fwp%2Fv2%2Ftags&post=26114"}],"curies":[{"name":"wp","href":"https:\/\/api.w.org\/{rel}","templated":true}]}}