{"id":26125,"date":"2020-11-23T23:34:43","date_gmt":"2020-11-23T21:34:43","guid":{"rendered":"http:\/\/www.portaldelolleria.es\/?p=26125"},"modified":"2020-11-23T23:34:43","modified_gmt":"2020-11-23T21:34:43","slug":"lolleria-alcanza-los-77-positivos-en-los-ultimos-14-dias","status":"publish","type":"post","link":"http:\/\/www.portaldelolleria.es\/?p=26125","title":{"rendered":"L&#8217;Olleria alcanza los 77 positivos en los \u00faltimos 14 d\u00edas"},"content":{"rendered":"<p style=\"text-align: justify;\"><a href=\"http:\/\/www.portaldelolleria.es\/wp-content\/uploads\/2020\/11\/coronavirus.jpg\"><img loading=\"lazy\" class=\"aligncenter size-full wp-image-26126\" title=\"coronavirus\" src=\"http:\/\/www.portaldelolleria.es\/wp-content\/uploads\/2020\/11\/coronavirus.jpg\" alt=\"\" width=\"598\" height=\"401\" srcset=\"http:\/\/www.portaldelolleria.es\/wp-content\/uploads\/2020\/11\/coronavirus.jpg 598w, http:\/\/www.portaldelolleria.es\/wp-content\/uploads\/2020\/11\/coronavirus-300x201.jpg 300w\" sizes=\"(max-width: 598px) 100vw, 598px\" \/><\/a><\/p>\n<p style=\"text-align: justify;\"><strong>L&#8217;Olleria.<\/strong> Pasa de 55 casos y 664 contagiados por cada 100.000 habitantes a <strong>77 nuevos casos<\/strong> y 929 contagiados por cada 100.000 habitantes, en la \u00faltima actualizaci\u00f3n de 23 de noviembre.\u00a0 El n\u00famero de incidencia acumulada es de los m\u00e1s altos ahora mismo en toda la Comunidad Valenciana,\u00a0\u00a0 sirva como referencia que Ontinyent otro de los m\u00e1s altos, est\u00e1 en 860 contagiados por cada 100.000 hab.\u00a0 \u00f3 X\u00e0tiva que se encuentra en 413.<\/p>\n<p style=\"text-align: justify;\">Los casos de coronavirus siguen aumentando en el 90% de los principales municipios de la Comunidad Valenciana pese a las restricciones decretadas por la Generalitat. Tan s\u00f3lo\u00a0 cinco de las cincuenta localidades con m\u00e1s contagios reducen el n\u00famero de positivos desde que se implantaron las nuevas medidas. Las \u00faltimas medidas que afectaban al conjunto de la autonom\u00eda entraron en vigor el 6 de noviembre, hace dos semanas, y se centraban en la limitaci\u00f3n de aforos en espacios como la hosteler\u00eda, restauraci\u00f3n, espacios culturales y otros \u00e1mbitos. Tambi\u00e9n han permanecido en vigor el toque de queda nocturno y el confinamiento perimetral. Estas medidas finalizar\u00e1n el pr\u00f3ximo 9 de diciembre.<\/p>\n<p style=\"text-align: justify;\">Sin embargo, estas restricciones no han logrado reducir el n\u00famero de nuevos contagios de coronavirus,\u00a0 aunque los c\u00e1lculos estadisticos siguen previendo un descenso general de contagios.<\/p>\n<p style=\"text-align: justify;\">___________________________<\/p>\n<div id=\"tw-target-text-container\">\n<p id=\"tw-target-text\" style=\"text-align: justify;\" dir=\"ltr\" data-placeholder=\"Traducci\u00f3n\"><span style=\"color: #000080;\"><strong>L&#8217;Olleria<\/strong>. Passa de 55 casos i 664 contagiats per cada 100.000 habitants a<strong> 77 nous casos<\/strong> i 929 contagiats per cada 100.000 habitants, en l&#8217;\u00faltima actualitzaci\u00f3 de 23 de novembre. El nombre d&#8217;incid\u00e8ncia acumulada \u00e9s dels m\u00e9s alts ara mateix en tota la Comunitat Valenciana, serveixi com a refer\u00e8ncia que Ontinyent un altre dels m\u00e9s alts, est\u00e0 en 860 contagiats per cada 100.000 hab. o X\u00e0tiva que es troba a 413. <\/span><\/p>\n<p style=\"text-align: justify;\" dir=\"ltr\" data-placeholder=\"Traducci\u00f3n\"><span style=\"color: #000080;\">Els casos de coronavirus segueixen augmentant en el 90% dels principals municipis de la Comunitat Valenciana malgrat les restriccions decretades per la Generalitat. Tan sols cinc de les cinquanta localitats amb m\u00e9s contagis redueixen el nombre de positius des que es van implantar les noves mesures. Les \u00faltimes mesures que afectaven el conjunt de l&#8217;autonomia entrar en vigor el 6 de novembre, fa dues setmanes, i se centraven en la limitaci\u00f3 d&#8217;aforaments en espais com l&#8217;hostaleria, restauraci\u00f3, espais culturals i altres \u00e0mbits. Tamb\u00e9 han rom\u00e0s en vigor el toc de queda nocturn i el confinament perimetral. Aquestes mesures finalitzaran el proper 9 de desembre. <\/span><\/p>\n<p style=\"text-align: justify;\" dir=\"ltr\" data-placeholder=\"Traducci\u00f3n\"><span style=\"color: #000080;\"> No obstant aix\u00f2, aquestes restriccions no han aconseguit reduir el nombre de nous contagis de coronavirus, encara que els c\u00e0lculs estad\u00edstics segueixen preveient un descens general de contagis.<\/span><\/p>\n<\/div>\n","protected":false},"excerpt":{"rendered":"<p>L&#8217;Olleria. Pasa de 55 casos y 664 contagiados por cada 100.000 habitantes a 77 nuevos casos y 929 contagiados por cada 100.000 habitantes, en la \u00faltima actualizaci\u00f3n de 23 de noviembre.\u00a0 El n\u00famero de incidencia acumulada es de los m\u00e1s altos ahora mismo en toda la Comunidad Valenciana,\u00a0\u00a0 sirva como referencia que Ontinyent otro de [&hellip;]<\/p>\n","protected":false},"author":1,"featured_media":0,"comment_status":"closed","ping_status":"open","sticky":false,"template":"","format":"standard","meta":{"_monsterinsights_skip_tracking":false,"_monsterinsights_sitenote_active":false,"_monsterinsights_sitenote_note":"","_monsterinsights_sitenote_category":0},"categories":[10,12],"tags":[],"_links":{"self":[{"href":"http:\/\/www.portaldelolleria.es\/index.php?rest_route=\/wp\/v2\/posts\/26125"}],"collection":[{"href":"http:\/\/www.portaldelolleria.es\/index.php?rest_route=\/wp\/v2\/posts"}],"about":[{"href":"http:\/\/www.portaldelolleria.es\/index.php?rest_route=\/wp\/v2\/types\/post"}],"author":[{"embeddable":true,"href":"http:\/\/www.portaldelolleria.es\/index.php?rest_route=\/wp\/v2\/users\/1"}],"replies":[{"embeddable":true,"href":"http:\/\/www.portaldelolleria.es\/index.php?rest_route=%2Fwp%2Fv2%2Fcomments&post=26125"}],"version-history":[{"count":1,"href":"http:\/\/www.portaldelolleria.es\/index.php?rest_route=\/wp\/v2\/posts\/26125\/revisions"}],"predecessor-version":[{"id":26127,"href":"http:\/\/www.portaldelolleria.es\/index.php?rest_route=\/wp\/v2\/posts\/26125\/revisions\/26127"}],"wp:attachment":[{"href":"http:\/\/www.portaldelolleria.es\/index.php?rest_route=%2Fwp%2Fv2%2Fmedia&parent=26125"}],"wp:term":[{"taxonomy":"category","embeddable":true,"href":"http:\/\/www.portaldelolleria.es\/index.php?rest_route=%2Fwp%2Fv2%2Fcategories&post=26125"},{"taxonomy":"post_tag","embeddable":true,"href":"http:\/\/www.portaldelolleria.es\/index.php?rest_route=%2Fwp%2Fv2%2Ftags&post=26125"}],"curies":[{"name":"wp","href":"https:\/\/api.w.org\/{rel}","templated":true}]}}