{"id":2613,"date":"2013-04-03T21:19:31","date_gmt":"2013-04-03T20:19:31","guid":{"rendered":"http:\/\/www.portaldelolleria.es\/?p=2613"},"modified":"2013-04-03T21:19:31","modified_gmt":"2013-04-03T20:19:31","slug":"52-ninos-de-infantil-y-primaria-participan-en-la-escoleta-de-pascua-de-l%e2%80%99olleria","status":"publish","type":"post","link":"http:\/\/www.portaldelolleria.es\/?p=2613","title":{"rendered":"52 ni\u00f1os de infantil y primaria participan en la Escoleta de Pascua de L\u2019Olleria"},"content":{"rendered":"<p>&nbsp;<\/p>\n<p><a href=\"http:\/\/www.portaldelolleria.es\/wp-content\/uploads\/2013\/04\/escoleta3.jpg\"><img loading=\"lazy\" class=\"aligncenter size-full wp-image-2615\" title=\"escoleta3\" src=\"http:\/\/www.portaldelolleria.es\/wp-content\/uploads\/2013\/04\/escoleta3.jpg\" alt=\"\" width=\"598\" height=\"398\" srcset=\"http:\/\/www.portaldelolleria.es\/wp-content\/uploads\/2013\/04\/escoleta3.jpg 598w, http:\/\/www.portaldelolleria.es\/wp-content\/uploads\/2013\/04\/escoleta3-300x199.jpg 300w\" sizes=\"(max-width: 598px) 100vw, 598px\" \/><\/a><\/p>\n<p>&nbsp;<\/p>\n<p>&nbsp;<\/p>\n<p class=\"MsoNormal\" style=\"text-align: justify;\"><span style=\"font-size: 12.0pt; line-height: 115%;\" lang=\"ES-TRAD\">Esta semana el Colegio Isabel la Cat\u00f3lica de L\u2019Olleria acoge la Escoleta de Pascua, organizada por el Ayuntamiento a trav\u00e9s de la concejal\u00eda de Educaci\u00f3n. <\/span><\/p>\n<p class=\"MsoNormal\" style=\"text-align: justify;\"><span style=\"font-size: 12.0pt; line-height: 115%;\" lang=\"ES-TRAD\">La concejala del \u00e1rea Gema Borr\u00e1s, acud\u00eda el primer d\u00eda y explicaba que \u201cun a\u00f1o m\u00e1s desde el Ayuntamiento de L\u2019Olleria hemos organizado esta Escoleta coincidiendo con las vacaciones de Pascua de los escolares, de tal manera que por una parte, a los padres <span style=\"mso-spacerun: yes;\">\u00a0<\/span>les resulte m\u00e1s f\u00e1cil conciliar la vida familiar y laboral y por otra, los peque\u00f1os aprenden divirti\u00e9ndose con las diferentes actividades preparadas para ellos\u201d.<\/span><\/p>\n<p class=\"MsoNormal\" style=\"text-align: justify;\"><span style=\"font-size: 12.0pt; line-height: 115%;\" lang=\"ES-TRAD\">Este a\u00f1o, tal y como ha indicado Borr\u00e1s \u201cse han matriculado 52 ni\u00f1os de infantil y primaria siendo el horario de 9 de la ma\u00f1ana a dos de la tarde aunque hay posibilidad de dejarlos en la Escoleta a las nueve y media y recogerlos a las una y media, dependiendo de las necesidades horarias de los padres\u201d a\u00f1adiendo que \u201cadem\u00e1s, continuamos desde el \u00e1rea de educaci\u00f3n aportando por alumno una peque\u00f1a subvenci\u00f3n para ayudar en la matricula a los padres\u201d.<\/span><\/p>\n<p class=\"MsoNormal\" style=\"text-align: justify;\"><span style=\"font-size: 12.0pt; line-height: 115%;\" lang=\"ES-TRAD\">Igualmente ha comentado que \u201centre los objetivos espec\u00edficos que se persiguen en la Escoleta est\u00e1n el fomento de la participaci\u00f3n de los ni\u00f1os, el respeto al medio ambiente, descubrir nuevas actividades formativas y favorecer la comunicaci\u00f3n interpersonal y la coeducaci\u00f3n entre otros.\u201d<\/span><\/p>\n<p>&nbsp;<\/p>\n<p><a href=\"http:\/\/www.portaldelolleria.es\/wp-content\/uploads\/2013\/04\/escoleta2.jpg\"><img loading=\"lazy\" class=\"size-full wp-image-2614 aligncenter\" title=\"escoleta2\" src=\"http:\/\/www.portaldelolleria.es\/wp-content\/uploads\/2013\/04\/escoleta2.jpg\" alt=\"\" width=\"598\" height=\"398\" srcset=\"http:\/\/www.portaldelolleria.es\/wp-content\/uploads\/2013\/04\/escoleta2.jpg 598w, http:\/\/www.portaldelolleria.es\/wp-content\/uploads\/2013\/04\/escoleta2-300x199.jpg 300w\" sizes=\"(max-width: 598px) 100vw, 598px\" \/><\/a><\/p>\n<p>&nbsp;<\/p>\n<p>&nbsp;<\/p>\n","protected":false},"excerpt":{"rendered":"<p>&nbsp; &nbsp; &nbsp; Esta semana el Colegio Isabel la Cat\u00f3lica de L\u2019Olleria acoge la Escoleta de Pascua, organizada por el Ayuntamiento a trav\u00e9s de la concejal\u00eda de Educaci\u00f3n. La concejala del \u00e1rea Gema Borr\u00e1s, acud\u00eda el primer d\u00eda y explicaba que \u201cun a\u00f1o m\u00e1s desde el Ayuntamiento de L\u2019Olleria hemos organizado esta Escoleta coincidiendo con [&hellip;]<\/p>\n","protected":false},"author":2,"featured_media":0,"comment_status":"closed","ping_status":"open","sticky":false,"template":"","format":"standard","meta":{"_monsterinsights_skip_tracking":false,"_monsterinsights_sitenote_active":false,"_monsterinsights_sitenote_note":"","_monsterinsights_sitenote_category":0},"categories":[10,12],"tags":[468,391,607],"_links":{"self":[{"href":"http:\/\/www.portaldelolleria.es\/index.php?rest_route=\/wp\/v2\/posts\/2613"}],"collection":[{"href":"http:\/\/www.portaldelolleria.es\/index.php?rest_route=\/wp\/v2\/posts"}],"about":[{"href":"http:\/\/www.portaldelolleria.es\/index.php?rest_route=\/wp\/v2\/types\/post"}],"author":[{"embeddable":true,"href":"http:\/\/www.portaldelolleria.es\/index.php?rest_route=\/wp\/v2\/users\/2"}],"replies":[{"embeddable":true,"href":"http:\/\/www.portaldelolleria.es\/index.php?rest_route=%2Fwp%2Fv2%2Fcomments&post=2613"}],"version-history":[{"count":1,"href":"http:\/\/www.portaldelolleria.es\/index.php?rest_route=\/wp\/v2\/posts\/2613\/revisions"}],"predecessor-version":[{"id":2616,"href":"http:\/\/www.portaldelolleria.es\/index.php?rest_route=\/wp\/v2\/posts\/2613\/revisions\/2616"}],"wp:attachment":[{"href":"http:\/\/www.portaldelolleria.es\/index.php?rest_route=%2Fwp%2Fv2%2Fmedia&parent=2613"}],"wp:term":[{"taxonomy":"category","embeddable":true,"href":"http:\/\/www.portaldelolleria.es\/index.php?rest_route=%2Fwp%2Fv2%2Fcategories&post=2613"},{"taxonomy":"post_tag","embeddable":true,"href":"http:\/\/www.portaldelolleria.es\/index.php?rest_route=%2Fwp%2Fv2%2Ftags&post=2613"}],"curies":[{"name":"wp","href":"https:\/\/api.w.org\/{rel}","templated":true}]}}