{"id":26178,"date":"2020-12-09T18:51:57","date_gmt":"2020-12-09T16:51:57","guid":{"rendered":"http:\/\/www.portaldelolleria.es\/?p=26178"},"modified":"2020-12-09T18:51:57","modified_gmt":"2020-12-09T16:51:57","slug":"esta-noche-finalizan-las-medidas-excepcionales-decretadas-por-el-ayuntamiento","status":"publish","type":"post","link":"http:\/\/www.portaldelolleria.es\/?p=26178","title":{"rendered":"Esta noche finalizan las medidas excepcionales decretadas por el Ayuntamiento"},"content":{"rendered":"<p><a href=\"http:\/\/www.portaldelolleria.es\/wp-content\/uploads\/2020\/12\/ayuntamiento1.jpg\"><img loading=\"lazy\" class=\"aligncenter size-full wp-image-26179\" title=\"ayuntamiento\" src=\"http:\/\/www.portaldelolleria.es\/wp-content\/uploads\/2020\/12\/ayuntamiento1.jpg\" alt=\"\" width=\"598\" height=\"396\" srcset=\"http:\/\/www.portaldelolleria.es\/wp-content\/uploads\/2020\/12\/ayuntamiento1.jpg 598w, http:\/\/www.portaldelolleria.es\/wp-content\/uploads\/2020\/12\/ayuntamiento1-300x198.jpg 300w\" sizes=\"(max-width: 598px) 100vw, 598px\" \/><\/a><\/p>\n<p>&nbsp;<\/p>\n<div dir=\"auto\">Hoy 9 de diciembre a las 23:59 h finalizan las medidas anti-Covid decretadas por el Ayuntamiento de L&#8217;Olleria<\/div>\n<div>\n<div dir=\"auto\">A consecuencia de la agravaci\u00f3n de la situaci\u00f3n sanitaria provocada por un incremento de los contagios por COVID-19, y con el prop\u00f3sito de contener la propagaci\u00f3n de la pandemia en L&#8217;Olleria, desde el Ayuntamiento de L&#8217;Olleria se decretaron unas medidas anti-Covid a escala local y que, a causa de la mejora de la situaci\u00f3n, finalizan esta noche a las 23:59 h.<\/div>\n<\/div>\n<div>\n<div dir=\"auto\"><strong>A partir de ma\u00f1ana jueves 10 de diciembre:<\/strong><\/div>\n<\/div>\n<div>\n<div dir=\"auto\">Se abrir\u00e1n todas las instalaciones deportivas municipales.<\/div>\n<div dir=\"auto\">Se abrir\u00e1 el Museo &#8211; Casa Santonja, as\u00ed como de los parques, jardines, zonas verdes, parques de socializaci\u00f3n canina y pipi-canes de todo el pueblo.<\/div>\n<div dir=\"auto\">La Biblioteca volver\u00e1 a su actividad normal (con restricci\u00f3n de aforo).<\/div>\n<div dir=\"auto\">Se podr\u00e1n realizar los actos, espect\u00e1culos u otras actividades contratadas previstas en el Cine Goya, Casa Santonja, Cine Cervantes y otras instalaciones p\u00fablicas.<\/div>\n<\/div>\n<div>\n<div dir=\"auto\">Retomar estas actividades <strong>no significa que el virus haya desaparecido<\/strong>, desde el Consistorio seguimos confiando en la responsabilidad de las vecinas y vecinos de L&#8217;Olleria y esperamos, una vez m\u00e1s, poder contar con su colaboraci\u00f3n para poder seguir bajando el n\u00famero de casos positivos en el municipio.<\/div>\n<\/div>\n<div>\n<div dir=\"auto\">\u00a0Las medidas aplicadas por el Gobierno y la Generalitat Valenciana contin\u00faan vigentes.<\/div>\n<\/div>\n<div>\n<div dir=\"auto\">Y, por supuesto, continuamos aplicando las normas fundamentales: Uso de mascarilla, respetar la distancia social y lavarse las manos con mucha frecuencia.<\/div>\n<\/div>\n<div>\n<div dir=\"auto\">\u00a1Entre todos y todas conseguiremos ganarle la batalla a la Covid-19!<\/div>\n<\/div>\n<p>_______________________<\/p>\n<div dir=\"auto\"><span style=\"color: #003366;\">Hui 9 de desembre a les 23:59 h finalitzen les mesures anti-Covid decretades per l&#8217;Ajuntament de L&#8217;Olleria<\/span><\/div>\n<div>\n<div dir=\"auto\"><span style=\"color: #003366;\">A conseq\u00fc\u00e8ncia de l\u2019agreujament de la situaci\u00f3 sanit\u00e0ria provocada per un increment dels contagis per COVID-19, i amb el prop\u00f2sit de contenir la propagaci\u00f3 de la pand\u00e8mia a L\u2019Olleria, des de l&#8217;Ajuntament de L&#8217;Olleria es van decretar unes mesures anti-Covid a escala local i que, a causa de la millora de la situaci\u00f3, finalitzen aquesta nit a les 23:59 h.<\/span><\/div>\n<\/div>\n<div>\n<div dir=\"auto\"><span style=\"color: #003366;\"><strong>A partir de dem\u00e0 dijous 10 de desembre:<\/strong><\/span><\/div>\n<\/div>\n<div>\n<div dir=\"auto\"><span style=\"color: #003366;\"> S&#8217;obriran totes les instal\u00b7lacions esportives municipals.<\/span><\/div>\n<div dir=\"auto\"><span style=\"color: #003366;\"> S&#8217;obrir\u00e0 del Museu &#8211; Casa Santonja, aix\u00ed com dels parcs, jardins, zones verdes, parcs de socialitzaci\u00f3 canina i pipi-cans de tot el poble.<\/span><\/div>\n<div dir=\"auto\"><span style=\"color: #003366;\"> La Biblioteca tornar\u00e0 a la seua activitat normal (amb restricci\u00f3 d&#8217;aforament).<\/span><\/div>\n<div dir=\"auto\"><span style=\"color: #003366;\"> Es podran realitzar els actes, espectacles o altres activitats contractades previstes en el Cine Goya, Casa Santonja, Cine Cervantes i altres instal\u00b7lacions p\u00fabliques.<\/span><\/div>\n<\/div>\n<div>\n<div dir=\"auto\"><span style=\"color: #003366;\"> Reprendre aquestes activitats <strong>no significa que el virus haja desaparegut<\/strong>, des del Consistori seguim confiant en la responsabilitat de les ve\u00efnes i ve\u00efns de L\u2019Olleria i esperem, una vegada m\u00e9s, poder comptar amb la seua col\u00b7laboraci\u00f3 per poder seguir baixant el nombre de casos positius al municipi.<\/span><\/div>\n<\/div>\n<div>\n<div dir=\"auto\"><span style=\"color: #003366;\">Les mesures aplicades pel Govern i la Generalitat Valenciana continuen vigents.<\/span><\/div>\n<\/div>\n<div>\n<div dir=\"auto\"><span style=\"color: #003366;\"> I, per descomptat, continuem aplicant les normes fonamentals: \u00das de mascareta, respectar la dist\u00e0ncia social i rentar-se les mans amb molta freq\u00fc\u00e8ncia.<\/span><\/div>\n<\/div>\n<div>\n<div dir=\"auto\"><span style=\"color: #003366;\"> Entre tots i totes aconseguirem guanyar-li la batalla a la Covid-19!<\/span><\/div>\n<div dir=\"auto\"><span style=\"color: #003366;\"><br \/>\n<\/span><\/div>\n<\/div>\n","protected":false},"excerpt":{"rendered":"<p>&nbsp; Hoy 9 de diciembre a las 23:59 h finalizan las medidas anti-Covid decretadas por el Ayuntamiento de L&#8217;Olleria A consecuencia de la agravaci\u00f3n de la situaci\u00f3n sanitaria provocada por un incremento de los contagios por COVID-19, y con el prop\u00f3sito de contener la propagaci\u00f3n de la pandemia en L&#8217;Olleria, desde el Ayuntamiento de L&#8217;Olleria [&hellip;]<\/p>\n","protected":false},"author":1,"featured_media":0,"comment_status":"closed","ping_status":"open","sticky":false,"template":"","format":"standard","meta":{"_monsterinsights_skip_tracking":false,"_monsterinsights_sitenote_active":false,"_monsterinsights_sitenote_note":"","_monsterinsights_sitenote_category":0},"categories":[3,12],"tags":[],"_links":{"self":[{"href":"http:\/\/www.portaldelolleria.es\/index.php?rest_route=\/wp\/v2\/posts\/26178"}],"collection":[{"href":"http:\/\/www.portaldelolleria.es\/index.php?rest_route=\/wp\/v2\/posts"}],"about":[{"href":"http:\/\/www.portaldelolleria.es\/index.php?rest_route=\/wp\/v2\/types\/post"}],"author":[{"embeddable":true,"href":"http:\/\/www.portaldelolleria.es\/index.php?rest_route=\/wp\/v2\/users\/1"}],"replies":[{"embeddable":true,"href":"http:\/\/www.portaldelolleria.es\/index.php?rest_route=%2Fwp%2Fv2%2Fcomments&post=26178"}],"version-history":[{"count":1,"href":"http:\/\/www.portaldelolleria.es\/index.php?rest_route=\/wp\/v2\/posts\/26178\/revisions"}],"predecessor-version":[{"id":26180,"href":"http:\/\/www.portaldelolleria.es\/index.php?rest_route=\/wp\/v2\/posts\/26178\/revisions\/26180"}],"wp:attachment":[{"href":"http:\/\/www.portaldelolleria.es\/index.php?rest_route=%2Fwp%2Fv2%2Fmedia&parent=26178"}],"wp:term":[{"taxonomy":"category","embeddable":true,"href":"http:\/\/www.portaldelolleria.es\/index.php?rest_route=%2Fwp%2Fv2%2Fcategories&post=26178"},{"taxonomy":"post_tag","embeddable":true,"href":"http:\/\/www.portaldelolleria.es\/index.php?rest_route=%2Fwp%2Fv2%2Ftags&post=26178"}],"curies":[{"name":"wp","href":"https:\/\/api.w.org\/{rel}","templated":true}]}}