{"id":26203,"date":"2020-12-14T20:43:30","date_gmt":"2020-12-14T18:43:30","guid":{"rendered":"http:\/\/www.portaldelolleria.es\/?p=26203"},"modified":"2020-12-14T20:45:50","modified_gmt":"2020-12-14T18:45:50","slug":"lolleria-lunes-14-de-diciembre-18-positivos-pcr14-dias-y-5-fallecidos","status":"publish","type":"post","link":"http:\/\/www.portaldelolleria.es\/?p=26203","title":{"rendered":"L&#8217;Olleria lunes 14 de diciembre,   18 positivos (pcr+14 dias) y 5 fallecidos"},"content":{"rendered":"<p><a href=\"http:\/\/www.portaldelolleria.es\/wp-content\/uploads\/2020\/12\/ambulatorio.jpg\"><img loading=\"lazy\" class=\"aligncenter size-full wp-image-26204\" title=\"ambulatorio\" src=\"http:\/\/www.portaldelolleria.es\/wp-content\/uploads\/2020\/12\/ambulatorio.jpg\" alt=\"\" width=\"598\" height=\"399\" srcset=\"http:\/\/www.portaldelolleria.es\/wp-content\/uploads\/2020\/12\/ambulatorio.jpg 598w, http:\/\/www.portaldelolleria.es\/wp-content\/uploads\/2020\/12\/ambulatorio-300x200.jpg 300w\" sizes=\"(max-width: 598px) 100vw, 598px\" \/><\/a><\/p>\n<p style=\"text-align: justify;\">L&#8217;Olleria\u00a0 registra ahora mismo\u00a0 18 contagios en los pcr +14 dias,\u00a0 seg\u00fan fuentes de la Conseller\u00eda de Sanitat.\u00a0\u00a0 Teniendo en cuenta que el 23 de noviembre alcanzamos los 77 casos, rebajarlo a 18 es un buen indicador de la responsabilidad de la poblaci\u00f3n. Eso no significa que se puedan distraer las medidas de prevenci\u00f3n.\u00a0 Cada vez que se publica un dato m\u00e1s favorable que el anterior tendemos a caer en la trampa de la relajaci\u00f3n.\u00a0 <strong>Por lo que una vez m\u00e1s se recomienda rigurosidad en el distanciamiento y uso de mascarillas<\/strong>. El n\u00famero de fallecidos se mantiene en 5 y es responsabilidad de todos intentar que esta cifra no aumente.<\/p>\n<p style=\"text-align: justify;\">Por otro lado, el\u00a0 coronavirus sigue aumentando en la Comunitat Valenciana, donde\u00a0 tras el fin de semana, se han registrado 32 muertos y 2.146 nuevos casos nuevos desde la \u00faltima actualizaci\u00f3n, seg\u00fan el informe la Conselleria de Sanidad de este lunes. Los hospitales valencianos tienen, actualmente, 1.198 personas ingresadas y hay un total de 117.036 personas contagiadas.<\/p>\n<p style=\"text-align: justify;\">Se ha informado de 48 nuevos\u00a0 brotes en la Comunitat. Valencia sigue sumando la mayor\u00eda de los casos (35)\u00a0 y la capital del Turia y poblaciones lim\u00edtrofes estan siendo castigadas severamente por la pandem\u00eda.<\/p>\n<p style=\"text-align: justify;\">Cheste: 9 casos. Origen social<\/p>\n<p>La Vilavella: 4 casos. Origen laboral<\/p>\n<p>Valencia: 5 casos. Origen laboral<\/p>\n<p>D\u00e9nia: 6 casos. Origen social<\/p>\n<p>Alboraya: 6 casos. Origen social<\/p>\n<p>Utiel: 3 casos. Origen social<\/p>\n<p>Torrevieja: 6 casos. Origen laboral<\/p>\n<p>Almorad\u00ed: 5 casos. Origen social<\/p>\n<p>Soneja: 6 casos. Origen laboral<\/p>\n<p>Valencia: 5 casos. Origen social<\/p>\n<p>L&#8217;Alc\u00fadia: 9 casos. Origen social<\/p>\n<p>Benidorm: 8 casos. Origen social<\/p>\n<p>Valencia: 5 casos. Origen social<\/p>\n<p>Alzira: 6 casos. Origen social<\/p>\n<p>Gandia: 4 casos. Origen social<\/p>\n<p>Valencia: 6 casos. Origen social<\/p>\n<p>Caudete de las Fuentes: 8 casos. Origen social<\/p>\n<p>Algemes\u00ed: 6 casos. Origen social<\/p>\n<p>Alzira: 7 casos. Origen social<\/p>\n<p>Catarroja: 7 casos. Origen social<\/p>\n<p>Vila-real: 4 casos. Origen social<\/p>\n<p>Gandia: 6 casos. Origen social<\/p>\n<p>Benidorm: 6 casos. Origen social<\/p>\n<p>Valencia: 8 casos. Origen laboral<\/p>\n<p>Valencia: 12 casos. \u00c1mbito educativo<\/p>\n<p>Valencia: 3 casos. Origen laboral<\/p>\n<p>Valencia: 3 casos. Origen laboral<\/p>\n<p>Alicante: 5 casos. Origen social<\/p>\n<p>Valencia: 3 casos. Origen laboral<\/p>\n<p>Elche: 5 casos. Origen laboral<\/p>\n<p>Agost: 8 casos. Origen social<\/p>\n<p>Valencia: 3 casos. Origen social<\/p>\n<p>Valencia: 4 casos. Origen social<\/p>\n<p>La Pobla de Farnals: 3 casos. Origen social<\/p>\n<p>Valencia: 3 casos. Origen social<\/p>\n<p>Valencia: 4 casos. Origen social<\/p>\n<p>Soneja: 3 casos. Origen social<\/p>\n<p>Valencia: 7 casos. Origen social<\/p>\n<p>Valencia: 4 casos. Origen social<\/p>\n<p>Quart de Poblet: 5 casos. \u00c1mbito educativo<\/p>\n<p>Sagunto: 3 casos. Origen social<\/p>\n<p>Valencia: 6 casos. Origen social<\/p>\n<p>Manises: 7 casos. Origen social<\/p>\n<p>Valencia: 3 casos. Origen social<\/p>\n<p>Valencia: 4 casos. Origen social<\/p>\n<p>Elche: 13 casos. Origen social<\/p>\n<p>Cheste: 11 casos. Origen social<\/p>\n<p>Cheste: 4 casos. Origen laboral<\/p>\n<p>&nbsp;<\/p>\n<p>Seg\u00fan las autoridades,\u00a0 los pr\u00f3ximos d\u00edas son los m\u00e1s delicados ya que podemos entrar de lleno en una tercera ola,\u00a0 o bien mantener los registros a la espera de que las tan ansiadas vacunas ayuden a doblegar la curva de positivos.<\/p>\n","protected":false},"excerpt":{"rendered":"<p>L&#8217;Olleria\u00a0 registra ahora mismo\u00a0 18 contagios en los pcr +14 dias,\u00a0 seg\u00fan fuentes de la Conseller\u00eda de Sanitat.\u00a0\u00a0 Teniendo en cuenta que el 23 de noviembre alcanzamos los 77 casos, rebajarlo a 18 es un buen indicador de la responsabilidad de la poblaci\u00f3n. Eso no significa que se puedan distraer las medidas de prevenci\u00f3n.\u00a0 Cada [&hellip;]<\/p>\n","protected":false},"author":1,"featured_media":0,"comment_status":"closed","ping_status":"open","sticky":false,"template":"","format":"standard","meta":{"_monsterinsights_skip_tracking":false,"_monsterinsights_sitenote_active":false,"_monsterinsights_sitenote_note":"","_monsterinsights_sitenote_category":0},"categories":[10,12],"tags":[],"_links":{"self":[{"href":"http:\/\/www.portaldelolleria.es\/index.php?rest_route=\/wp\/v2\/posts\/26203"}],"collection":[{"href":"http:\/\/www.portaldelolleria.es\/index.php?rest_route=\/wp\/v2\/posts"}],"about":[{"href":"http:\/\/www.portaldelolleria.es\/index.php?rest_route=\/wp\/v2\/types\/post"}],"author":[{"embeddable":true,"href":"http:\/\/www.portaldelolleria.es\/index.php?rest_route=\/wp\/v2\/users\/1"}],"replies":[{"embeddable":true,"href":"http:\/\/www.portaldelolleria.es\/index.php?rest_route=%2Fwp%2Fv2%2Fcomments&post=26203"}],"version-history":[{"count":3,"href":"http:\/\/www.portaldelolleria.es\/index.php?rest_route=\/wp\/v2\/posts\/26203\/revisions"}],"predecessor-version":[{"id":26207,"href":"http:\/\/www.portaldelolleria.es\/index.php?rest_route=\/wp\/v2\/posts\/26203\/revisions\/26207"}],"wp:attachment":[{"href":"http:\/\/www.portaldelolleria.es\/index.php?rest_route=%2Fwp%2Fv2%2Fmedia&parent=26203"}],"wp:term":[{"taxonomy":"category","embeddable":true,"href":"http:\/\/www.portaldelolleria.es\/index.php?rest_route=%2Fwp%2Fv2%2Fcategories&post=26203"},{"taxonomy":"post_tag","embeddable":true,"href":"http:\/\/www.portaldelolleria.es\/index.php?rest_route=%2Fwp%2Fv2%2Ftags&post=26203"}],"curies":[{"name":"wp","href":"https:\/\/api.w.org\/{rel}","templated":true}]}}