{"id":26208,"date":"2020-12-15T20:24:14","date_gmt":"2020-12-15T18:24:14","guid":{"rendered":"http:\/\/www.portaldelolleria.es\/?p=26208"},"modified":"2020-12-15T20:24:14","modified_gmt":"2020-12-15T18:24:14","slug":"ayuda-para-la-rehabilitacion-energetica-de-inmuebles-edificados","status":"publish","type":"post","link":"http:\/\/www.portaldelolleria.es\/?p=26208","title":{"rendered":"Ayuda para la rehabilitaci\u00f3n energ\u00e9tica de inmuebles edificados"},"content":{"rendered":"<p style=\"text-align: center;\"><a href=\"http:\/\/www.portaldelolleria.es\/wp-content\/uploads\/2020\/12\/ivace.jpg\"><img loading=\"lazy\" class=\"aligncenter size-full wp-image-26209\" title=\"ivace\" src=\"http:\/\/www.portaldelolleria.es\/wp-content\/uploads\/2020\/12\/ivace.jpg\" alt=\"\" width=\"598\" height=\"396\" srcset=\"http:\/\/www.portaldelolleria.es\/wp-content\/uploads\/2020\/12\/ivace.jpg 598w, http:\/\/www.portaldelolleria.es\/wp-content\/uploads\/2020\/12\/ivace-300x198.jpg 300w\" sizes=\"(max-width: 598px) 100vw, 598px\" \/><\/a>del 17 desembre al 31 juliol de 2021<br \/>\nPer a particulars, comunitats, entitats i empreses.<\/p>\n<p>Publicaci\u00f3n diario oficial:\u00a0<a href=\"http:\/\/www.dogv.gva.es\/datos\/2020\/12\/15\/pdf\/2020_10707.pdf\" target=\"_blank\"> https:\/\/bit.ly\/3mkSQof<br \/>\n<\/a>Publicaci\u00f3n web Ivace:<a href=\"http:\/\/www.dogv.gva.es\/datos\/2020\/12\/15\/pdf\/2020_10707.pdf\" target=\"_blank\"> https:\/\/bit.ly\/2Wf3fXM<\/a><\/p>\n<p>&nbsp;<\/p>\n<h4 style=\"text-align: justify;\">Ivace Energ\u00eda destinar\u00e1 26 millones de euros para sufragar actuaciones de rehabilitaci\u00f3n energ\u00e9tica en los edificios de la Comunitat<\/h4>\n<p style=\"text-align: justify;\">El Instituto Valenciano de Competitividad Empresarial (Ivace), dependiente de la conselleria de Econom\u00eda Sostenible ha publicado hoy en el DOGV la convocatoria de un programa de ayudas a fondo perdido para impulsar actuaciones de rehabilitaci\u00f3n energ\u00e9tica en edificios existentes, dotado con un total 25.900.000 euros (15-12-20)<\/p>\n<p style=\"text-align: justify;\">El objetivo del programa es dar un impulso a la sostenibilidad de la edificaci\u00f3n existente en la Comunitat, mediante actuaciones de mejora de la eficiencia energ\u00e9tica de la envolvente t\u00e9rmica (fachadas), a actuaciones de mejora de la eficiencia energ\u00e9tica y de utilizaci\u00f3n de energ\u00edas renovables en las instalaciones t\u00e9rmicas de calefacci\u00f3n, climatizaci\u00f3n, ventilaci\u00f3n y agua caliente sanitaria, as\u00ed como actuaciones de mejora de la eficiencia energ\u00e9tica de las instalaciones de iluminaci\u00f3n\u201d.<\/p>\n<p style=\"text-align: justify;\">Para poder beneficiarse de las ayudas, las acciones que se realicen deber\u00e1n suponer una mejora de la letra de calificaci\u00f3n energ\u00e9tica de la vivienda o edificio que se rehabilite. Este aumento de letra de calificaci\u00f3n energ\u00e9tica implica que un edificio de viviendas reducir\u00e1 su consumo de energ\u00eda alrededor de un 30%, seg\u00fan los datos de Ivace Energ\u00eda. Las ayudas ser\u00e1n como m\u00ednimo de un 25% -35 % de la inversi\u00f3n energ\u00e9tica y eficientemente realizada.<\/p>\n<p style=\"text-align: justify;\">Hay que recordar que las viviendas cuentan con una etiqueta energ\u00e9tica que determina el comportamiento energ\u00e9tico y que abarca de la A ( m\u00e1s eficiente) a G (menos eficiente). El 26% del parque de viviendas de la Comunitat registrado por el Ivace corresponde a viviendas con las letras F y G, las m\u00e1s ineficientes, y si se incluye la letra E asciende a un 86%, lo que da una idea del enorme potencial existente en este \u00e1mbito.<\/p>\n<p style=\"text-align: justify;\">Para el conseller Rafael Climent, el mejor camino para relanzar la econom\u00eda es \u201capostar por una econom\u00eda verde, por una aut\u00e9ntica transformaci\u00f3n de nuestros sistemas, que ponga la lucha contra la emergencia clim\u00e1tica y la sostenibilidad, en el centro del nuevo modelo econ\u00f3mico\u201d.<\/p>\n<p style=\"text-align: justify;\">En ese sentido, ha recalcado que la \u201ctransformaci\u00f3n de la infraestructura construida hacia edificios de consumo cero abre importantes alternativas y oportunidades de inversi\u00f3n y empleo\u201d.<\/p>\n<p>Pueden beneficiarse tanto los particulares, como comunidades de propietarios, comunidades energ\u00e9ticas, empresas explotadoras, arrendatarias o concesionarias de edificios, empresas de servicios energ\u00e9ticos (ESEs), entidades locales y el sector p\u00fablico institucional de las administraciones p\u00fablicas.<\/p>\n<p style=\"text-align: justify;\">Adem\u00e1s, el Programa pretende promover las actuaciones realizadas por comunidades de energ\u00edas renovables o comunidades ciudadanas de energ\u00eda, por lo que tambi\u00e9n podr\u00e1n acceder a estas ayudas, que adem\u00e1s contar\u00e1n una ayuda adicional de hasta un 20%.<\/p>\n<p style=\"text-align: justify;\">Los fondos proceden del Programa PREE Comunitat Valenciana del Instituto para la Diversificaci\u00f3n y Ahorro energ\u00e9tico (IDAE) y la unidad de Energ\u00eda de lvace es la encargada de convocar, tramitar, gestionar y conceder estas ayudas en la Comunitat Valenciana.<\/p>\n<p style=\"text-align: justify;\"><strong>Plazo y cuant\u00eda de las ayudas<\/strong><\/p>\n<p style=\"text-align: justify;\">El plazo para la presentaci\u00f3n de solicitudes se iniciar\u00e1 el d\u00eda 17 de diciembre y finalizar\u00e1 el pr\u00f3ximo 31 de julio de 2021. La cuant\u00eda de las ayudas oscila entre el 25% y el 35% en funci\u00f3n del tipo de actuaci\u00f3n y del uso del edificio.<\/p>\n<p style=\"text-align: justify;\">A esta ayuda se podr\u00e1 sumar una ayuda adicional por criterio social, eficiencia energ\u00e9tica o por actuaci\u00f3n integrada. De esta forma, el porcentaje de ayuda puede llegar a alcanzar hasta el 85% del coste.<\/p>\n<p style=\"text-align: justify;\">En el caso del criterio social, la ayuda se podr\u00e1 incrementar en los edificios de viviendas de protecci\u00f3n p\u00fablica o situados en las \u00c1reas de Regeneraci\u00f3n y Renovaci\u00f3n Urbanas o Rurales.<\/p>\n<p style=\"text-align: justify;\">En cuanto a la ayuda adicional por eficiencia energ\u00e9tica se aplicar\u00e1 en actuaciones que eleven la calificaci\u00f3n energ\u00e9tica del edificio para obtener una clase energ\u00e9tica \u00abA\u00bb o \u00abB\u00bb, en la escala de CO2, o bien, incrementen en dos letras la calificaci\u00f3n energ\u00e9tica de partida.<\/p>\n<p style=\"text-align: justify;\">Por \u00faltimo, la ayuda adicional por actuaci\u00f3n integrada, se aplicar\u00e1 en los edificios que realicen simult\u00e1neamente la combinaci\u00f3n de dos o m\u00e1s tipolog\u00edas de actuaci\u00f3n siempre y cuando una de ellas sea sobre la envolvente t\u00e9rmica.<\/p>\n<p style=\"text-align: justify;\">Tendr\u00e1n tambi\u00e9n derecho a ayuda adicional los edificios incluidos dentro de una comunidad de energ\u00edas renovables o una comunidad ciudadana de energ\u00eda.<\/p>\n<p style=\"text-align: justify;\"><strong>Acciones apoyables<\/strong><\/p>\n<p style=\"text-align: justify;\">En cuanto las acciones apoyables, se encuadran en tres categor\u00edas: mejora de la eficiencia energ\u00e9tica de la envolvente t\u00e9rmica (fachadas), mejora de la eficiencia energ\u00e9tica y de energ\u00edas renovables en las instalaciones t\u00e9rmicas de calefacci\u00f3n, climatizaci\u00f3n, ventilaci\u00f3n y agua caliente sanitaria y mejora de la eficiencia energ\u00e9tica de las instalaciones de iluminaci\u00f3n.<\/p>\n<p>Las actuaciones subvencionables incluidas en cada una de las tipolog\u00edas se pueden llevar a cabo en edificios destinados a vivienda unifamiliar, residencial colectiva de vivienda, cualquier otro uso (administrativo, sanitario, docente, cultural, etc.)<\/p>\n<p style=\"text-align: justify;\">Asimismo, las actuaciones subvencionables se podr\u00e1n realizar en edificios completos existentes o sobre una o varias viviendas o locales del mismo edificio, consideradas individualmente o como partes de un edificio existente.<\/p>\n<p style=\"text-align: justify;\">Con car\u00e1cter general, las actuaciones objeto de ayuda deben mejorar la calificaci\u00f3n energ\u00e9tica total del edificio en, al menos, una letra medida en la escala de emisiones de di\u00f3xido de carbono (kg CO2 \/m2 a\u00f1o), con respecto a la calificaci\u00f3n energ\u00e9tica inicial del edificio.<\/p>\n<p style=\"text-align: justify;\">No ser\u00e1n actuaciones subvencionables las que realicen en edificios construidos en el a\u00f1o 2007 o posterior aquellos en los que supongan una ampliaci\u00f3n, en los que se incremente la superficie o volumen construido o cuando conlleven un cambio de uso del edificio.<\/p>\n","protected":false},"excerpt":{"rendered":"<p>del 17 desembre al 31 juliol de 2021 Per a particulars, comunitats, entitats i empreses. Publicaci\u00f3n diario oficial:\u00a0 https:\/\/bit.ly\/3mkSQof Publicaci\u00f3n web Ivace: https:\/\/bit.ly\/2Wf3fXM &nbsp; Ivace Energ\u00eda destinar\u00e1 26 millones de euros para sufragar actuaciones de rehabilitaci\u00f3n energ\u00e9tica en los edificios de la Comunitat El Instituto Valenciano de Competitividad Empresarial (Ivace), dependiente de la conselleria de [&hellip;]<\/p>\n","protected":false},"author":1,"featured_media":0,"comment_status":"closed","ping_status":"open","sticky":false,"template":"","format":"standard","meta":{"_monsterinsights_skip_tracking":false,"_monsterinsights_sitenote_active":false,"_monsterinsights_sitenote_note":"","_monsterinsights_sitenote_category":0},"categories":[171,12],"tags":[],"_links":{"self":[{"href":"http:\/\/www.portaldelolleria.es\/index.php?rest_route=\/wp\/v2\/posts\/26208"}],"collection":[{"href":"http:\/\/www.portaldelolleria.es\/index.php?rest_route=\/wp\/v2\/posts"}],"about":[{"href":"http:\/\/www.portaldelolleria.es\/index.php?rest_route=\/wp\/v2\/types\/post"}],"author":[{"embeddable":true,"href":"http:\/\/www.portaldelolleria.es\/index.php?rest_route=\/wp\/v2\/users\/1"}],"replies":[{"embeddable":true,"href":"http:\/\/www.portaldelolleria.es\/index.php?rest_route=%2Fwp%2Fv2%2Fcomments&post=26208"}],"version-history":[{"count":1,"href":"http:\/\/www.portaldelolleria.es\/index.php?rest_route=\/wp\/v2\/posts\/26208\/revisions"}],"predecessor-version":[{"id":26210,"href":"http:\/\/www.portaldelolleria.es\/index.php?rest_route=\/wp\/v2\/posts\/26208\/revisions\/26210"}],"wp:attachment":[{"href":"http:\/\/www.portaldelolleria.es\/index.php?rest_route=%2Fwp%2Fv2%2Fmedia&parent=26208"}],"wp:term":[{"taxonomy":"category","embeddable":true,"href":"http:\/\/www.portaldelolleria.es\/index.php?rest_route=%2Fwp%2Fv2%2Fcategories&post=26208"},{"taxonomy":"post_tag","embeddable":true,"href":"http:\/\/www.portaldelolleria.es\/index.php?rest_route=%2Fwp%2Fv2%2Ftags&post=26208"}],"curies":[{"name":"wp","href":"https:\/\/api.w.org\/{rel}","templated":true}]}}