{"id":26212,"date":"2020-12-18T10:44:51","date_gmt":"2020-12-18T08:44:51","guid":{"rendered":"http:\/\/www.portaldelolleria.es\/?p=26212"},"modified":"2020-12-18T10:47:04","modified_gmt":"2020-12-18T08:47:04","slug":"la-generalitat-endurece-las-medidas-de-prevencion-del-coronavirus","status":"publish","type":"post","link":"http:\/\/www.portaldelolleria.es\/?p=26212","title":{"rendered":"La Generalitat endurece las medidas de prevenci\u00f3n del coronavirus"},"content":{"rendered":"<p><a href=\"http:\/\/www.portaldelolleria.es\/wp-content\/uploads\/2020\/12\/1news.jpg\"><img loading=\"lazy\" class=\"aligncenter size-full wp-image-26213\" title=\"1news\" src=\"http:\/\/www.portaldelolleria.es\/wp-content\/uploads\/2020\/12\/1news.jpg\" alt=\"\" width=\"598\" height=\"369\" srcset=\"http:\/\/www.portaldelolleria.es\/wp-content\/uploads\/2020\/12\/1news.jpg 598w, http:\/\/www.portaldelolleria.es\/wp-content\/uploads\/2020\/12\/1news-300x185.jpg 300w\" sizes=\"(max-width: 598px) 100vw, 598px\" \/><\/a><\/p>\n<p>&nbsp;<\/p>\n<p>El president de la Generalitat Valenciana, Ximo Puig, ha anunciado las <strong>nuevas medidas contra el coronavirus<\/strong> que estar\u00e1n en vigor esta <strong>Navidad<\/strong>. Se confirma as\u00ed, que la Comunitat Valenciana endurecer\u00e1 el <strong>Plan de Navidad<\/strong><\/p>\n<h3>Resumen de las nuevas medidas del Plan de Navidad<\/h3>\n<ul>\n<li>El toque de queda en la Comunitat Valenciana se adelanta a las 23 horas, a excepci\u00f3n de Nochebuena y Nochevieja, que se mantendr\u00e1 a las 00 horas.<\/li>\n<li>Las reuniones sociales se limitan a seis personas.<\/li>\n<li>Los d\u00edas festivos de Navidad, adem\u00e1s de a seis personas, se limitan las reuniones a dos \u00fanicos grupos convivientes.<\/li>\n<li>Los allegados <strong>no podr\u00e1n asistir<\/strong> a las reuniones sociales en Navidad.<\/li>\n<li>El cierre perimetral auton\u00f3mico seguir\u00e1 en vigor hasta el 15 de enero.<\/li>\n<\/ul>\n<div>Las <strong>nuevas medidas y restricciones<\/strong> que operar\u00e1n en Navidad en la Comunitat Valenciana, modificadas el 17 de diciembre, estar\u00e1n en vigor durante 26 d\u00edas: empezar\u00e1n el <strong>lunes 21 de diciembre<\/strong> de 2020 y finalizar\u00e1n el <strong>viernes 15 de enero<\/strong> de 2021.<\/div>\n<div>____________________<\/div>\n<div><span style=\"color: #003366;\">El president de la Generalitat Valenciana, Ximo Puig, ha anunciat les noves mesures contra el coronavirus que estaran en vigor aquest Nadal. Es confirma aix\u00ed, que la Comunitat Valenciana endurir\u00e0 el Pla de Nadal<\/span><br \/>\n<span style=\"color: #003366;\">Resum de les noves mesures d&#8217;el Pla de Nadal<\/span><span style=\"color: #003366;\">\u00a0\u00a0\u00a0\u00a0 El toc de queda a la Comunitat Valenciana s&#8217;avan\u00e7a a les 23 hores, a excepci\u00f3 de Nadal i Cap d&#8217;Any, que es mantindr\u00e0 a les 00 hores.<\/span><br \/>\n<span style=\"color: #003366;\">\u00a0\u00a0\u00a0\u00a0 Les reunions socials es limiten a sis persones.<\/span><br \/>\n<span style=\"color: #003366;\">\u00a0\u00a0\u00a0\u00a0 Els dies festius de Nadal, a m\u00e9s de sis persones, es limiten les reunions a dos \u00fanics grups convivents.<\/span><br \/>\n<span style=\"color: #003366;\">\u00a0\u00a0\u00a0\u00a0 Els allegats no podran assistir a les reunions socials per Nadal.<\/span><br \/>\n<span style=\"color: #003366;\">\u00a0\u00a0\u00a0\u00a0 El tancament perimetral auton\u00f2mic seguir\u00e0 en vigor fins al 15 de gener.<\/span><span style=\"color: #003366;\">Les noves mesures i restriccions que operaran a Nadal a la Comunitat Valenciana, modificades el 17 de desembre, estaran en vigor durant 26 dies: comen\u00e7aran el dilluns 21 de desembre del 2020 i finalitzaran el divendres 15 de gener de 2021.<\/span><\/p>\n<\/div>\n","protected":false},"excerpt":{"rendered":"<p>&nbsp; El president de la Generalitat Valenciana, Ximo Puig, ha anunciado las nuevas medidas contra el coronavirus que estar\u00e1n en vigor esta Navidad. Se confirma as\u00ed, que la Comunitat Valenciana endurecer\u00e1 el Plan de Navidad Resumen de las nuevas medidas del Plan de Navidad El toque de queda en la Comunitat Valenciana se adelanta a [&hellip;]<\/p>\n","protected":false},"author":1,"featured_media":0,"comment_status":"closed","ping_status":"open","sticky":false,"template":"","format":"standard","meta":{"_monsterinsights_skip_tracking":false,"_monsterinsights_sitenote_active":false,"_monsterinsights_sitenote_note":"","_monsterinsights_sitenote_category":0},"categories":[10,12],"tags":[],"_links":{"self":[{"href":"http:\/\/www.portaldelolleria.es\/index.php?rest_route=\/wp\/v2\/posts\/26212"}],"collection":[{"href":"http:\/\/www.portaldelolleria.es\/index.php?rest_route=\/wp\/v2\/posts"}],"about":[{"href":"http:\/\/www.portaldelolleria.es\/index.php?rest_route=\/wp\/v2\/types\/post"}],"author":[{"embeddable":true,"href":"http:\/\/www.portaldelolleria.es\/index.php?rest_route=\/wp\/v2\/users\/1"}],"replies":[{"embeddable":true,"href":"http:\/\/www.portaldelolleria.es\/index.php?rest_route=%2Fwp%2Fv2%2Fcomments&post=26212"}],"version-history":[{"count":3,"href":"http:\/\/www.portaldelolleria.es\/index.php?rest_route=\/wp\/v2\/posts\/26212\/revisions"}],"predecessor-version":[{"id":26215,"href":"http:\/\/www.portaldelolleria.es\/index.php?rest_route=\/wp\/v2\/posts\/26212\/revisions\/26215"}],"wp:attachment":[{"href":"http:\/\/www.portaldelolleria.es\/index.php?rest_route=%2Fwp%2Fv2%2Fmedia&parent=26212"}],"wp:term":[{"taxonomy":"category","embeddable":true,"href":"http:\/\/www.portaldelolleria.es\/index.php?rest_route=%2Fwp%2Fv2%2Fcategories&post=26212"},{"taxonomy":"post_tag","embeddable":true,"href":"http:\/\/www.portaldelolleria.es\/index.php?rest_route=%2Fwp%2Fv2%2Ftags&post=26212"}],"curies":[{"name":"wp","href":"https:\/\/api.w.org\/{rel}","templated":true}]}}