{"id":26229,"date":"2020-12-21T22:34:19","date_gmt":"2020-12-21T20:34:19","guid":{"rendered":"http:\/\/www.portaldelolleria.es\/?p=26229"},"modified":"2020-12-21T23:27:23","modified_gmt":"2020-12-21T21:27:23","slug":"lolleria-suma-20-afectados-en-los-pcr-14-dias","status":"publish","type":"post","link":"http:\/\/www.portaldelolleria.es\/?p=26229","title":{"rendered":"L&#8217;Olleria suma 25 afectados en los pcr+ 14 dias"},"content":{"rendered":"<p><a href=\"http:\/\/www.portaldelolleria.es\/wp-content\/uploads\/2020\/12\/0011_coronavirus.jpg\"><img loading=\"lazy\" class=\"aligncenter size-full wp-image-26232\" title=\"0011_coronavirus\" src=\"http:\/\/www.portaldelolleria.es\/wp-content\/uploads\/2020\/12\/0011_coronavirus.jpg\" alt=\"\" width=\"598\" height=\"405\" srcset=\"http:\/\/www.portaldelolleria.es\/wp-content\/uploads\/2020\/12\/0011_coronavirus.jpg 598w, http:\/\/www.portaldelolleria.es\/wp-content\/uploads\/2020\/12\/0011_coronavirus-300x203.jpg 300w\" sizes=\"(max-width: 598px) 100vw, 598px\" \/><\/a><\/p>\n<p>&nbsp;<\/p>\n<p style=\"text-align: justify;\">L&#8217;Olleria seg\u00fan los datos emitidos por la Conseller\u00eda de Sanitat de la Generalitat\u00a0 Valenciana,\u00a0 mantiene en 25 los casos positivos correspondientes a los pcr+ 14 dias.\u00a0 Siete positivos m\u00e1s desde el lunes 14 de diciembre.\u00a0 La semana con Nochebuena y Navidad a las puertas es de consecuencias impredecibles.\u00a0 Todos los vaticinios apuntan a un empeoramiento de la situaci\u00f3n.\u00a0 De todos depende romper los pron\u00f3sticos y aplicar toda la responsabilidad debida en una situaci\u00f3n in\u00e9dita.<\/p>\n<p style=\"text-align: justify;\">Hemos sido testigos de como durante todo el a\u00f1o\u00a0 fiestas, eventos y toda clas de actos que jam\u00e1s hubi\u00e9semos pensado que no se celebrerar\u00edan, eran suspendidos unos tras otros.\u00a0\u00a0 Las fiestas navide\u00f1as son otra prueba que tendremos que superar, y no precisamente usando el ing\u00e9nio, sino la prudencia y el rigor con las normas preventivas.\u00a0\u00a0 Disfruten de las comidas y cenas, pero sean conscientes de la realidad que nos ha tocado vivir.\u00a0 Cumplan con las normas y\u00a0 extremen las medidas preventivas. Ahora mismo estamos pr\u00f3ximos a municipios con incidencia extrema como son Canals y X\u00e0tiva que pueden ver como se endurecen las medidas la pr\u00f3xima semana.<\/p>\n<p style=\"text-align: justify;\"><strong>Sanitat no descarta medidas m\u00e1s restrictivas en X\u00e0tiva y Canals si la incidencia no baja en esta semana<\/strong><\/p>\n<p style=\"text-align: justify;\"><strong><\/strong> La consellera de Sanitat, Ana Barcel\u00f3, no descarta medidas m\u00e1s restrictivas para X\u00e0tiva y Canals, en caso de que las medidas que los ayuntamientos de X\u00e0tiva y Canals decretaron la pasada semana no repercutan en la bajada de la incidencia de Covid, que se sit\u00faa en 721,84 y 802,24 casos por 100.000 habitantes, respectivamente. \u00abVamos a ver la evoluci\u00f3n a lo largo de la semana por si hubiera que adoptar alguna medida extraordinaria m\u00e1s all\u00e1 de las ya implantadas en la Comunitat, que son ya muy duras\u00bb, ha dicho durante su visita al hospital Llu\u00eds Alcany\u00eds de X\u00e0tiva.<\/p>\n<p style=\"text-align: justify;\">La Conselleria de Sanidad de la Generalitat Valenciana ha informado este lunes de <strong>63 nuevos brotes de coronavirus desde la \u00faltima actualizaci\u00f3n<\/strong>, 48 de ellos en la provincia de Valencia y uno de ellos de 5 afectados en Aielo de Malferit.\u00a0\u00a0 La Comunitat ha registrado 622 nuevos casos de coronavirus frente a los 2.091 registrados en la \u00faltima actualizaci\u00f3n del pasado s\u00e1bado. De esta forma la cifra total de positivos es ya de 128.969 personas desde el inicio de la pandemia.<\/p>\n<p style=\"text-align: center;\"><a href=\"http:\/\/www.portaldelolleria.es\/wp-content\/uploads\/2020\/12\/S2.jpg\"><img loading=\"lazy\" class=\"aligncenter size-full wp-image-26231\" title=\"S2\" src=\"http:\/\/www.portaldelolleria.es\/wp-content\/uploads\/2020\/12\/S2.jpg\" alt=\"\" width=\"598\" height=\"401\" \/><\/a><\/p>\n","protected":false},"excerpt":{"rendered":"<p>&nbsp; L&#8217;Olleria seg\u00fan los datos emitidos por la Conseller\u00eda de Sanitat de la Generalitat\u00a0 Valenciana,\u00a0 mantiene en 25 los casos positivos correspondientes a los pcr+ 14 dias.\u00a0 Siete positivos m\u00e1s desde el lunes 14 de diciembre.\u00a0 La semana con Nochebuena y Navidad a las puertas es de consecuencias impredecibles.\u00a0 Todos los vaticinios apuntan a un [&hellip;]<\/p>\n","protected":false},"author":1,"featured_media":0,"comment_status":"closed","ping_status":"open","sticky":false,"template":"","format":"standard","meta":{"_monsterinsights_skip_tracking":false,"_monsterinsights_sitenote_active":false,"_monsterinsights_sitenote_note":"","_monsterinsights_sitenote_category":0},"categories":[10,12],"tags":[],"_links":{"self":[{"href":"http:\/\/www.portaldelolleria.es\/index.php?rest_route=\/wp\/v2\/posts\/26229"}],"collection":[{"href":"http:\/\/www.portaldelolleria.es\/index.php?rest_route=\/wp\/v2\/posts"}],"about":[{"href":"http:\/\/www.portaldelolleria.es\/index.php?rest_route=\/wp\/v2\/types\/post"}],"author":[{"embeddable":true,"href":"http:\/\/www.portaldelolleria.es\/index.php?rest_route=\/wp\/v2\/users\/1"}],"replies":[{"embeddable":true,"href":"http:\/\/www.portaldelolleria.es\/index.php?rest_route=%2Fwp%2Fv2%2Fcomments&post=26229"}],"version-history":[{"count":9,"href":"http:\/\/www.portaldelolleria.es\/index.php?rest_route=\/wp\/v2\/posts\/26229\/revisions"}],"predecessor-version":[{"id":26241,"href":"http:\/\/www.portaldelolleria.es\/index.php?rest_route=\/wp\/v2\/posts\/26229\/revisions\/26241"}],"wp:attachment":[{"href":"http:\/\/www.portaldelolleria.es\/index.php?rest_route=%2Fwp%2Fv2%2Fmedia&parent=26229"}],"wp:term":[{"taxonomy":"category","embeddable":true,"href":"http:\/\/www.portaldelolleria.es\/index.php?rest_route=%2Fwp%2Fv2%2Fcategories&post=26229"},{"taxonomy":"post_tag","embeddable":true,"href":"http:\/\/www.portaldelolleria.es\/index.php?rest_route=%2Fwp%2Fv2%2Ftags&post=26229"}],"curies":[{"name":"wp","href":"https:\/\/api.w.org\/{rel}","templated":true}]}}