{"id":2626,"date":"2013-04-04T08:16:38","date_gmt":"2013-04-04T07:16:38","guid":{"rendered":"http:\/\/www.portaldelolleria.es\/?p=2626"},"modified":"2013-04-04T09:18:52","modified_gmt":"2013-04-04T08:18:52","slug":"ayudas-al-estudio-de-la-universidad-de-valencia","status":"publish","type":"post","link":"http:\/\/www.portaldelolleria.es\/?p=2626","title":{"rendered":"Ayudas al estudio de la Universidad de Valencia"},"content":{"rendered":"<p><a href=\"http:\/\/www.portaldelolleria.es\/wp-content\/uploads\/2013\/04\/universidad.jpg\"><img loading=\"lazy\" class=\"aligncenter size-full wp-image-2627\" title=\"universidad\" src=\"http:\/\/www.portaldelolleria.es\/wp-content\/uploads\/2013\/04\/universidad.jpg\" alt=\"\" width=\"598\" height=\"398\" srcset=\"http:\/\/www.portaldelolleria.es\/wp-content\/uploads\/2013\/04\/universidad.jpg 598w, http:\/\/www.portaldelolleria.es\/wp-content\/uploads\/2013\/04\/universidad-300x199.jpg 300w\" sizes=\"(max-width: 598px) 100vw, 598px\" \/><\/a><\/p>\n<p>&nbsp;<\/p>\n<p><span id=\"result_box\" lang=\"es\"><span class=\"hps\">La Delegaci\u00f3n<\/span> <span class=\"hps\">para Estudiantes<\/span> <span class=\"hps\">de la<\/span> <span class=\"hps\">Universidad de Valencia,<\/span> <span class=\"hps\">a trav\u00e9s del<\/span> <span class=\"hps\">Sedis<\/span><span>, convoca<\/span> <span class=\"hps\">ayudas econ\u00f3micas para los<\/span> <span class=\"hps\">estudiantes que<\/span> <span class=\"hps\">cursan estudios<\/span> <span class=\"hps\">oficiales de grado,<\/span> <span class=\"hps\">licenciatura, ingenier\u00eda<\/span><span>, ingenier\u00eda t\u00e9cnica<\/span><span>, diplomatura,<\/span> <span class=\"hps\">maestro o<\/span> <span class=\"hps\">master<\/span> <span class=\"hps\">en los centros<\/span> <span class=\"hps\">propios de la<\/span> <span class=\"hps\">Universidad de<\/span> <span class=\"hps\">Valencia y<\/span> <span class=\"hps\">que re\u00fanan los requisitos<\/span> <span class=\"hps\">econ\u00f3micos y acad\u00e9micos<\/span> <span class=\"hps\">indicados<\/span> <span class=\"hps\">en esta convocatoria.<\/span><\/span><\/p>\n<p><span class=\"hps\">El objetivo de las<\/span> <span class=\"hps\">ayudas es<\/span> <span class=\"hps\">cubrir parte<\/span> <span class=\"hps\">de los gastos derivados<\/span> <span class=\"hps\">de sus estudios.<\/span> <span class=\"hps\">La ayuda<\/span> <span class=\"hps\">consiste en el pago<\/span> <span class=\"hps\">de una ayuda<\/span> <span class=\"hps\">equivalente al 80%<\/span> <span class=\"hps\">(en el caso<\/span> <span class=\"hps\">de estudios<\/span> <span class=\"hps\">de m\u00e1ster oficial<\/span><span>, licenciatura,<\/span> <span class=\"hps\">diplomatura, ingenier\u00eda<\/span><span>, ingenier\u00eda t\u00e9cnica<\/span> <span class=\"hps\">y maestro<\/span><span>)<\/span> <span class=\"hps\">de las tasas<\/span> <span class=\"hps\">que hayan<\/span> <span class=\"hps\">sido efectivamente<\/span> <span class=\"hps\">abonadas<\/span> <span class=\"hps\">por<\/span> <span class=\"hps\">los beneficiarios<\/span> <span class=\"hps\">para<\/span> <span class=\"hps\">la prestaci\u00f3n de servicios<\/span> <span class=\"hps\">acad\u00e9micos<\/span> <span class=\"hps\">universitarios en la<\/span> <span class=\"hps\">Universidad de Valencia<\/span> <span class=\"hps\">en el curso<\/span> <span class=\"hps\">2012\/2013<\/span><span>, en<\/span> <span class=\"hps\">el caso de los<\/span> <span class=\"hps\">estudios oficiales de grado<\/span><span>, la ayuda<\/span> <span class=\"hps\">es del<\/span> <span class=\"hps\">96%.<\/span><\/p>\n<p><span class=\"hps\">Consulte<\/span> <span class=\"hps\">las bases \u00edntegras<\/span> <span class=\"hps\">y resoluciones<\/span> <span class=\"hps\">relativas a<\/span> <span class=\"hps\">esta convocatoria.<\/span><\/p>\n<p><a href=\"http:\/\/www.uv.es\/uvweb\/estudiantes_UV\/ca\/beques-ajudes-grau\/universitat-valencia\/ajudes-estudi-1285852908701.html\"><span class=\"hps\">Acceda al<\/span> <span class=\"hps\">contenido.<\/span><\/a><\/p>\n","protected":false},"excerpt":{"rendered":"<p>&nbsp; La Delegaci\u00f3n para Estudiantes de la Universidad de Valencia, a trav\u00e9s del Sedis, convoca ayudas econ\u00f3micas para los estudiantes que cursan estudios oficiales de grado, licenciatura, ingenier\u00eda, ingenier\u00eda t\u00e9cnica, diplomatura, maestro o master en los centros propios de la Universidad de Valencia y que re\u00fanan los requisitos econ\u00f3micos y acad\u00e9micos indicados en esta convocatoria. [&hellip;]<\/p>\n","protected":false},"author":2,"featured_media":0,"comment_status":"closed","ping_status":"open","sticky":false,"template":"","format":"standard","meta":{"_monsterinsights_skip_tracking":false,"_monsterinsights_sitenote_active":false,"_monsterinsights_sitenote_note":"","_monsterinsights_sitenote_category":0},"categories":[11,12],"tags":[614,615,23],"_links":{"self":[{"href":"http:\/\/www.portaldelolleria.es\/index.php?rest_route=\/wp\/v2\/posts\/2626"}],"collection":[{"href":"http:\/\/www.portaldelolleria.es\/index.php?rest_route=\/wp\/v2\/posts"}],"about":[{"href":"http:\/\/www.portaldelolleria.es\/index.php?rest_route=\/wp\/v2\/types\/post"}],"author":[{"embeddable":true,"href":"http:\/\/www.portaldelolleria.es\/index.php?rest_route=\/wp\/v2\/users\/2"}],"replies":[{"embeddable":true,"href":"http:\/\/www.portaldelolleria.es\/index.php?rest_route=%2Fwp%2Fv2%2Fcomments&post=2626"}],"version-history":[{"count":2,"href":"http:\/\/www.portaldelolleria.es\/index.php?rest_route=\/wp\/v2\/posts\/2626\/revisions"}],"predecessor-version":[{"id":2629,"href":"http:\/\/www.portaldelolleria.es\/index.php?rest_route=\/wp\/v2\/posts\/2626\/revisions\/2629"}],"wp:attachment":[{"href":"http:\/\/www.portaldelolleria.es\/index.php?rest_route=%2Fwp%2Fv2%2Fmedia&parent=2626"}],"wp:term":[{"taxonomy":"category","embeddable":true,"href":"http:\/\/www.portaldelolleria.es\/index.php?rest_route=%2Fwp%2Fv2%2Fcategories&post=2626"},{"taxonomy":"post_tag","embeddable":true,"href":"http:\/\/www.portaldelolleria.es\/index.php?rest_route=%2Fwp%2Fv2%2Ftags&post=2626"}],"curies":[{"name":"wp","href":"https:\/\/api.w.org\/{rel}","templated":true}]}}