{"id":26262,"date":"2020-12-29T19:14:36","date_gmt":"2020-12-29T17:14:36","guid":{"rendered":"http:\/\/www.portaldelolleria.es\/?p=26262"},"modified":"2020-12-29T19:17:03","modified_gmt":"2020-12-29T17:17:03","slug":"lolleria-alcanza-los-53-positivos-en-las-dos-ultimas-semanas","status":"publish","type":"post","link":"http:\/\/www.portaldelolleria.es\/?p=26262","title":{"rendered":"L&#8217;Olleria alcanza los 53 positivos en las dos \u00faltimas semanas"},"content":{"rendered":"<p><a href=\"http:\/\/www.portaldelolleria.es\/wp-content\/uploads\/2020\/12\/ambulatorio1.jpg\"><img loading=\"lazy\" class=\"aligncenter size-full wp-image-26264\" title=\"ambulatorio\" src=\"http:\/\/www.portaldelolleria.es\/wp-content\/uploads\/2020\/12\/ambulatorio1.jpg\" alt=\"\" width=\"598\" height=\"399\" srcset=\"http:\/\/www.portaldelolleria.es\/wp-content\/uploads\/2020\/12\/ambulatorio1.jpg 598w, http:\/\/www.portaldelolleria.es\/wp-content\/uploads\/2020\/12\/ambulatorio1-300x200.jpg 300w\" sizes=\"(max-width: 598px) 100vw, 598px\" \/><\/a><\/p>\n<p>&nbsp;<\/p>\n<p>Datos oficiales de la Generalitat Valenciana<\/p>\n<p><strong>53 casos<\/strong> activos de Covid-19 en L&#8217;Olleria.<\/p>\n<p>-Semana 14 a 20 de diciembre <strong>28 casos<\/strong><\/p>\n<p>-Semana 21 a 27 de diciembre <strong>29 casos<\/strong><\/p>\n<p><strong>INCID\u00c8NCIA acumulada PCR + 14 d\u00edas 681,08.<\/strong><\/p>\n<p>Es muy alta. Si no baja la tendencia de infecciones el Ayuntamiento estar\u00e1 obligado a tomar medidas dr\u00e1sticas.<\/p>\n<p><span style=\"color: #800000;\"><strong>M\u00e1xima precauci\u00f3n con las reuniones sociales y familiares de estos d\u00edas.<\/strong><\/span><\/p>\n<p>&nbsp;<\/p>\n<p>Por su parte el <strong>Departamento de Salut X\u00e0tiva-Ontinyent anuncia la llegada de las primeras d\u00f3sis de la vacuna<\/strong>.\u00a0 Ma\u00f1ana a primera hora comienza la vacunaci\u00f3n en los centros sociosanitarios de Corona de la Estrela en X\u00e0tiva y la Residencia de l&#8217;Enova.\u00a0 Progresivamente se iran suministrado las d\u00f3sis en el resto de centros.<\/p>\n<p>&nbsp;<\/p>\n<p><a href=\"http:\/\/www.portaldelolleria.es\/wp-content\/uploads\/2020\/12\/29122020.jpg\"><img loading=\"lazy\" class=\"aligncenter size-full wp-image-26263\" title=\"29122020\" src=\"http:\/\/www.portaldelolleria.es\/wp-content\/uploads\/2020\/12\/29122020.jpg\" alt=\"\" width=\"598\" height=\"431\" srcset=\"http:\/\/www.portaldelolleria.es\/wp-content\/uploads\/2020\/12\/29122020.jpg 598w, http:\/\/www.portaldelolleria.es\/wp-content\/uploads\/2020\/12\/29122020-300x216.jpg 300w\" sizes=\"(max-width: 598px) 100vw, 598px\" \/><\/a><\/p>\n<p>&nbsp;<\/p>\n<p>Por su parte en lo que respecta al resto de la Comunitat Valenciana,<\/p>\n<div><strong>Sanidad registra 1.691 nuevos casos de coronavirus y 6.214 altas en la Comunitat Valenciana<\/strong><\/div>\n<div>28\/12\/2020<\/div>\n<p><strong>&#8211; Por provincias, se han contabilizado 142 nuevos positivos en Castell\u00f3n, 596 en Alicante y 953 en la provincia de Valencia<\/strong><\/p>\n<p>La Comunitat Valenciana ha registrado 1.691 nuevos casos de coronavirus confirmados por prueba PCR o a trav\u00e9s de test de ant\u00edgenos desde la \u00faltima actualizaci\u00f3n del s\u00e1bado 26 de diciembre, que sit\u00faan la cifra total de positivos en 139.167 personas.<\/p>\n<p>Por provincias, la distribuci\u00f3n de nuevos positivos es la siguiente: 142 en Castell\u00f3n (15.092 en total), 596 en Alicante (45.980 en total) y 953 en la provincia de Valencia (77.130 en total). Adem\u00e1s, se han reasignado 13 casos, de manera que contin\u00faa habiendo 2 casos sin asignar.<\/p>\n<p>Por otro lado, desde la \u00faltima actualizaci\u00f3n de las altas el pasado 23 de diciembre, se han registrado 6.214 altas a pacientes con coronavirus. De esta forma, ya son 130.866 personas en la Comunitat Valenciana las que han superado la enfermedad desde que comenz\u00f3 la pandemia. Por provincias, las altas se distribuyen del siguiente modo: 14.534 en Castell\u00f3n, 43.815 en Alicante y 72.456 en Valencia. Adem\u00e1s, hay 61 altas sin asignaci\u00f3n.<\/p>\n<p>De esta forma, en estos momentos hay 17.116 casos activos, lo que supone un 11,35% del total de positivos.<\/p>\n<p>Los hospitales valencianos tienen, actualmente, 1.725 personas ingresadas: 154 en la provincia de Castell\u00f3n, con 19 pacientes en UCI; 489 en la provincia de Alicante, 104 de ellos en la UCI; y 1.082 en la provincia de Valencia, 143 de ellos en UCI.<\/p>\n<p>Por otro lado, se han registrado 43 fallecimientos por coronavirus desde la \u00faltima actualizaci\u00f3n el pasado mi\u00e9rcoles 23 de diciembre, por lo que el total de defunciones es de 2.835 personas: 368 en la provincia de Castell\u00f3n, 994 en la de Alicante y 1.473 en la de Valencia.<\/p>\n<p>El n\u00famero total de pruebas llevadas a cabo para la detecci\u00f3n del coronavirus asciende a 2.036.891, de las que 1.867.700 han sido a trav\u00e9s de PCR y 169.191, mediante test r\u00e1pido.<br \/>\n<strong>Actualizaci\u00f3n de la situaci\u00f3n en residencias<\/strong><\/p>\n<p>De acuerdo con los datos actualizados este lunes, hay alg\u00fan caso positivo en 99 residencias de mayores (6 en la provincia de Castell\u00f3n, 32 en la provincia de Alicante y 61 en la provincia de Valencia), 16 centros de diversidad funcional (3 en la provincia de Castell\u00f3n, 4 en la provincia de Alicante y 9 en la provincia de Valencia) y 6 centros de menores (1 en la provincia de Castell\u00f3n, 1 en la provincia de Alicante y 4 en la provincia de Valencia).<\/p>\n<p>&#8211; Residentes nuevos positivos: 48<br \/>\n&#8211; Trabajadores y trabajadoras nuevos positivos: 33<br \/>\n&#8211; Residentes que han fallecido: 22<\/p>\n<p>Actualmente, se encuentran bajo vigilancia activa de control sanitario 28 residencias en la Comunitat Valenciana: 2 en la provincia de Castell\u00f3n, 12 en la provincia de Alicante y 14 en la provincia de Valencia.<\/p>\n<p><strong>Actualizaci\u00f3n brotes de coronavirus<\/strong><\/p>\n<p>Se han registrado un total de 56 brotes. Por provincias, \u00e9sta es la distribuci\u00f3n: 11 en Castell\u00f3n; 15 en Alicante y 30 en la provincia de Valencia<\/p>\n<p>\u00b7 Alcoi\/Alcoy: 7 casos. \u00c1mbito educativo<br \/>\n\u00b7 Castell\u00f3 de la Plana: 6 casos. Origen laboral<br \/>\n\u00b7 Sagunt\/Sagunto: 3 casos. Origen laboral<br \/>\n\u00b7 Sinarcas: 6 casos. Origen social<br \/>\n\u00b7 Montserrat: 10 casos. Origen laboral<br \/>\n\u00b7 Sinarcas: 5 casos. Origen social<br \/>\n\u00b7 Val\u00e8ncia: 3 casos. Origen social<br \/>\n\u00b7 Cat\u00ed: 6 casos. Origen social<br \/>\n\u00b7 Alicante: 9 casos. Origen \u00c1mbito educativo<br \/>\n\u00b7 Sueca: 6 casos. Origen social<br \/>\n\u00b7 Val\u00e8ncia: 12 casos. Origen laboral<br \/>\n\u00b7 Alginet: 4 casos. Origen social<br \/>\n\u00b7 Almassora: 13 casos. Origen laboral<br \/>\n\u00b7 Benicarl\u00f3: 3 casos. Origen social<br \/>\n\u00b7 Burriana\/Borriana: 5 casos. Origen laboral<br \/>\n\u00b7 Almorad\u00ed: 3 casos. Origen laboral<br \/>\n\u00b7 Vila-real: 3 casos. Origen laboral<br \/>\n\u00b7 Agullent: 3 casos. \u00c1mbito educativo<br \/>\n\u00b7 Sagra: 6 casos. Origen social<br \/>\n\u00b7 Vila-real: 3 casos. Origen laboral<br \/>\n\u00b7 D\u00e9nia: 10 casos. \u00c1mbito educativo<br \/>\n\u00b7 Val\u00e8ncia: 4 casos. Origen social<br \/>\n\u00b7 Val\u00e8ncia: 4 casos. Origen social<br \/>\n\u00b7 Ll\u00edria: 7 casos. Origen social<br \/>\n\u00b7 Val\u00e8ncia: 3 casos. Origen laboral<br \/>\n\u00b7 Vinar\u00f2s: 5 casos. Origen social<br \/>\n\u00b7 Vinar\u00f2s: 4 casos. Origen social<br \/>\n\u00b7 Real De Gand\u00eda: 8 casos. Origen social<br \/>\n\u00b7 Benicarl\u00f3: 8 casos. Origen laboral<br \/>\n\u00b7 Val\u00e8ncia: 6 casos. Origen social<br \/>\n\u00b7 Alicante: 5 casos. \u00c1mbito educativo<br \/>\n\u00b7 Val\u00e8ncia: 3 casos. Origen social<br \/>\n\u00b7 Val\u00e8ncia: 5 casos. Origen social<br \/>\n\u00b7 Val\u00e8ncia: 4 casos. Origen social<br \/>\n\u00b7 Benidorm: 8 casos. Origen laboral<br \/>\n\u00b7 Altea: 3 casos. Origen laboral<br \/>\n\u00b7 Sagunto\/Sagunt: 3 casos. Origen social<br \/>\n\u00b7 Val\u00e8ncia: 4 casos. Origen social<br \/>\n\u00b7 Val\u00e8ncia: 7 casos. Origen laboral<br \/>\n\u00b7 Forcall: 5 casos. Origen social<br \/>\n\u00b7 Val\u00e8ncia: 6 casos. Origen laboral<br \/>\n\u00b7 Val\u00e8ncia: 7 casos. Origen laboral<br \/>\n\u00b7 Val\u00e8ncia: 9 casos. Origen social<br \/>\n\u00b7 Chiva: 5 casos. Origen laboral<br \/>\n\u00b7 Quart De Poblet: 10 casos. Origen laboral<br \/>\n\u00b7 Riba-roja de T\u00faria: 3 casos. \u00c1mbito educativo<br \/>\n\u00b7 Val\u00e8ncia: 5 casos. Origen social<br \/>\n\u00b7 Benidorm: 5 casos. Origen social<br \/>\n\u00b7 La Vila Joiosa: 4 casos. Origen social<br \/>\n\u00b7 Benidorm: 10 casos. Origen social<br \/>\n\u00b7 Benidorm: 5 casos. Origen laboral<br \/>\n\u00b7 Benissa: 3 casos. Origen laboral<br \/>\n\u00b7 Val\u00e8ncia: 3 casos. Origen social<br \/>\n\u00b7 Val\u00e8ncia: 6 casos. Origen social<br \/>\n\u00b7 Sant Joan d&#8217;Alacant: 4 casos. Origen laboral<br \/>\n\u00b7 La Vila Joiosa: 4 casos. Origen social<\/p>\n","protected":false},"excerpt":{"rendered":"<p>&nbsp; Datos oficiales de la Generalitat Valenciana 53 casos activos de Covid-19 en L&#8217;Olleria. -Semana 14 a 20 de diciembre 28 casos -Semana 21 a 27 de diciembre 29 casos INCID\u00c8NCIA acumulada PCR + 14 d\u00edas 681,08. Es muy alta. Si no baja la tendencia de infecciones el Ayuntamiento estar\u00e1 obligado a tomar medidas dr\u00e1sticas. [&hellip;]<\/p>\n","protected":false},"author":1,"featured_media":0,"comment_status":"closed","ping_status":"open","sticky":false,"template":"","format":"standard","meta":{"_monsterinsights_skip_tracking":false,"_monsterinsights_sitenote_active":false,"_monsterinsights_sitenote_note":"","_monsterinsights_sitenote_category":0},"categories":[10,12],"tags":[],"_links":{"self":[{"href":"http:\/\/www.portaldelolleria.es\/index.php?rest_route=\/wp\/v2\/posts\/26262"}],"collection":[{"href":"http:\/\/www.portaldelolleria.es\/index.php?rest_route=\/wp\/v2\/posts"}],"about":[{"href":"http:\/\/www.portaldelolleria.es\/index.php?rest_route=\/wp\/v2\/types\/post"}],"author":[{"embeddable":true,"href":"http:\/\/www.portaldelolleria.es\/index.php?rest_route=\/wp\/v2\/users\/1"}],"replies":[{"embeddable":true,"href":"http:\/\/www.portaldelolleria.es\/index.php?rest_route=%2Fwp%2Fv2%2Fcomments&post=26262"}],"version-history":[{"count":2,"href":"http:\/\/www.portaldelolleria.es\/index.php?rest_route=\/wp\/v2\/posts\/26262\/revisions"}],"predecessor-version":[{"id":26266,"href":"http:\/\/www.portaldelolleria.es\/index.php?rest_route=\/wp\/v2\/posts\/26262\/revisions\/26266"}],"wp:attachment":[{"href":"http:\/\/www.portaldelolleria.es\/index.php?rest_route=%2Fwp%2Fv2%2Fmedia&parent=26262"}],"wp:term":[{"taxonomy":"category","embeddable":true,"href":"http:\/\/www.portaldelolleria.es\/index.php?rest_route=%2Fwp%2Fv2%2Fcategories&post=26262"},{"taxonomy":"post_tag","embeddable":true,"href":"http:\/\/www.portaldelolleria.es\/index.php?rest_route=%2Fwp%2Fv2%2Ftags&post=26262"}],"curies":[{"name":"wp","href":"https:\/\/api.w.org\/{rel}","templated":true}]}}