{"id":26274,"date":"2021-01-04T20:09:10","date_gmt":"2021-01-04T18:09:10","guid":{"rendered":"http:\/\/www.portaldelolleria.es\/?p=26274"},"modified":"2021-01-04T20:09:21","modified_gmt":"2021-01-04T18:09:21","slug":"sanidad-registra-2-012-nuevos-casos-de-coronavirus-desde-el-31-de-diciembre","status":"publish","type":"post","link":"http:\/\/www.portaldelolleria.es\/?p=26274","title":{"rendered":"Sanidad registra 2.012 nuevos casos de coronavirus desde el 31 de diciembre"},"content":{"rendered":"<p><a href=\"http:\/\/www.portaldelolleria.es\/wp-content\/uploads\/2021\/01\/alca\u00f1iz.jpg\"><img loading=\"lazy\" class=\"aligncenter size-full wp-image-26275\" title=\"alca\u00f1iz\" src=\"http:\/\/www.portaldelolleria.es\/wp-content\/uploads\/2021\/01\/alca\u00f1iz.jpg\" alt=\"\" width=\"512\" height=\"341\" srcset=\"http:\/\/www.portaldelolleria.es\/wp-content\/uploads\/2021\/01\/alca\u00f1iz.jpg 512w, http:\/\/www.portaldelolleria.es\/wp-content\/uploads\/2021\/01\/alca\u00f1iz-300x199.jpg 300w\" sizes=\"(max-width: 512px) 100vw, 512px\" \/><\/a><\/p>\n<p>04\/01\/2021<\/p>\n<div><strong>Sanidad registra 2.012 nuevos casos de coronavirus y 7.656 altas en la Comunitat Valenciana<\/strong><\/div>\n<p><strong>&#8211; Por provincias, se registran 63 nuevos casos en la de Castell\u00f3n, 1.002 en la de Alicante y 947 en la provincia de Valencia<\/strong><\/p>\n<p>La Comunitat Valenciana ha registrado 2.012 nuevos casos de coronavirus confirmados por prueba PCR o a trav\u00e9s de test de ant\u00edgenos desde la \u00faltima actualizaci\u00f3n, que sit\u00faan la cifra total de positivos en 151.414 personas. Por provincias, la distribuci\u00f3n de nuevos positivos es la siguiente: 63 en la de Castell\u00f3n (16.396 en total), 1.002 en Alicante (50.001 en total) y 947 en la provincia de Valencia (85.015 en total).<\/p>\n<p>Por otro lado, desde la \u00faltima actualizaci\u00f3n se han registrado 7.656 altas a pacientes con coronavirus. De esta forma, ya son 142.747 personas en la Comunitat Valenciana las que han superado la enfermedad desde que comenz\u00f3 la pandemia. Por provincias, las altas se distribuyen del siguiente modo: 15.824 en la de Castell\u00f3n, 47.493 en la de Alicante y 79.369 en la de Valencia.<\/p>\n<p>De esta forma, en estos momentos hay 17.257 casos activos, lo que supone un 10,58% del total de positivos.<\/p>\n<p>Los hospitales valencianos tienen, actualmente, 2.121 personas ingresadas: 181 en la provincia de Castell\u00f3n, con 27 pacientes en UCI; 667 en la provincia de Alicante, 117 de ellos en la UCI; y 1.273 en la provincia de Valencia, 172 de ellos en UCI.<\/p>\n<p>La situaci\u00f3n de los hospitales en estos momentos no es de saturaci\u00f3n. En algunos casos se han puesto en marcha algunos planes de contingencia en previsi\u00f3n de que pudieran hacer falta m\u00e1s recursos hospitalarios. Actualmente, en todo los departamentos de Salud, se dispone tanto de camas en planta como de UCI.<\/p>\n<p>Por otro lado, se han registrado 43 fallecimientos por coronavirus desde la \u00faltima actualizaci\u00f3n, por lo que el total de defunciones es de 3.031 personas: 390 en la provincia de Castell\u00f3n, 1.055 en la de Alicante y 1.586 en la de Valencia.<\/p>\n<p>El n\u00famero total de pruebas llevadas a cabo para la detecci\u00f3n del coronavirus asciende a 2.124.670, de las que 1.953.713 han sido a trav\u00e9s de PCR y 170.957 mediante test r\u00e1pido.<\/p>\n<p><strong>Actualizaci\u00f3n de la situaci\u00f3n en residencias<\/strong><\/p>\n<p>De acuerdo con los datos actualizados, hay alg\u00fan caso positivo en 109 residencias de mayores (8 en la provincia de Castell\u00f3n, 36 en la provincia de Alicante y 65 en la provincia de Valencia), 22 centros de diversidad funcional (4 en la provincia de Castell\u00f3n, 7 en la provincia de Alicante y 11 en la provincia de Valencia) y 4 centros de menores (1 en la provincia de Castell\u00f3n, 1 en la provincia de Alicante y 2 en la provincia de Valencia).<\/p>\n<p>\u00b7 Residentes nuevos positivos: 227<br \/>\n\u00b7 Trabajadores y trabajadoras nuevos positivos: 61<br \/>\n\u00b7 Residentes que han fallecido: 15<\/p>\n<p>Actualmente, se encuentran bajo vigilancia activa de control sanitario 32 residencias en la Comunitat Valenciana: 2 en la provincia de Castell\u00f3n, 14 en la provincia de Alicante y 16 en la provincia de Valencia.<\/p>\n<p><strong>Actualizaci\u00f3n brotes de coronavirus<\/strong><\/p>\n<p>Desde la actualizaci\u00f3n del pasado 31 de diciembre, se han registrado un total de 100 brotes. Por provincias, la distribuci\u00f3n es la siguiente: 9 en Castell\u00f3n; 32 en Alicante y 59 en la provincia de Valencia.<\/p>\n<p>\u00b7 Burriana: 5 casos. \u00c1mbito educativo<br \/>\n\u00b7 Onda: 3 casos. Origen laboral<br \/>\n\u00b7 Bonrep\u00f3s i Mirambell: 7 casos. \u00c1mbito educativo<br \/>\n\u00b7 Elche: 6 casos. Origen laboral<br \/>\n\u00b7 Redov\u00e1n: 4 casos. Origen laboral<br \/>\n\u00b7 Alcoy: 14 casos. Origen laboral<br \/>\n\u00b7 Alcoy: 8 casos. Origen social<br \/>\n\u00b7 Benicarl\u00f3: 6 casos: Origen social<br \/>\n\u00b7 Cox: 5 casos. Origen laboral<br \/>\n\u00b7 X\u00e0tiva: 8 casos. Origen social<br \/>\n\u00b7 Alboraya: 5 casos. Origen social<br \/>\n\u00b7 Silla: 6 casos. Origen social<br \/>\n\u00b7 J\u00e1vea: 5 casos. Origen laboral<br \/>\n\u00b7 Orihuela: 3 casos. Origen social<br \/>\n\u00b7 Ondara: 3 casos. \u00c1mbito educativo<br \/>\n\u00b7 Quatretonda: 4 casos. Origen laboral<br \/>\n\u00b7 Val\u00e8ncia: 3 casos. \u00c1mbito educativo<br \/>\n\u00b7 Val\u00e8ncia: 5 casos. \u00c1mbito educativo<br \/>\n\u00b7 Val\u00e8ncia: 3 casos. Origen laboral<br \/>\n\u00b7 Silla: 6 casos. Origen social<br \/>\n\u00b7 Elche: 4 casos. Origen social<br \/>\n\u00b7 Val\u00e8ncia: 4 casos. Origen social<br \/>\n\u00b7 Gandia: 4 casos. Origen laboral<br \/>\n\u00b7 Benidorm: 3 casos. Origen social<br \/>\n\u00b7 Almorad\u00ed: 4 casos. Origen social<br \/>\n\u00b7 Val\u00e8ncia: 4 casos. \u00c1mbito educativo<br \/>\n\u00b7 Moixent: 3 casos. Origen social<br \/>\n\u00b7 Vinar\u00f2s: 4 casos. Origen social<br \/>\n\u00b7 L&#8217;Eliana: 3 casos. Origen social<br \/>\n\u00b7 Alberic: 3 casos. Origen laboral<br \/>\n\u00b7 Chiva: 5 casos. Origen laboral<br \/>\n\u00b7 Massamagrell: 4 casos. Origen social<br \/>\n\u00b7 Alc\u00e0sser: 5 casos. Origen social<br \/>\n\u00b7 X\u00e0tiva: 3 casos. Origen laboral<br \/>\n\u00b7 Fontanars dels Alforins: 3 casos. \u00c1mbito educativo<br \/>\n\u00b7 D\u00e9nia: 4 casos. Origen social<br \/>\n\u00b7 Fontanars dels Alforins: 3 casos. \u00c1mbito educativo<br \/>\n\u00b7 J\u00e1vea: 5 casos. Origen social<br \/>\n\u00b7 Gata de Gorgos: 3 casos. Origen social<br \/>\n\u00b7 D\u00e9nia: 9 casos. Origen social<br \/>\n\u00b7 Val\u00e8ncia: 6 casos. Origen social<br \/>\n\u00b7 Val\u00e8ncia: 3 casos. Origen social<br \/>\n\u00b7 Val\u00e8ncia: 30 casos. Origen laboral<br \/>\n\u00b7 Pedreguer: 4 casos. Origen social<br \/>\n\u00b7 Benej\u00fazar: 10 casos. Origen social<br \/>\n\u00b7 Massamagrell: 5 casos. Origen social<br \/>\n\u00b7 D\u00e9nia: 5 casos. Origen social<br \/>\n\u00b7 D\u00e9nia: 5 casos. Origen social<br \/>\n\u00b7 Alcoy: 3 casos. Origen laboral<br \/>\n\u00b7 Val\u00e8ncia: 11 casos. Origen laboral<br \/>\n\u00b7 Val\u00e8ncia: 4 casos. Origen social<br \/>\n\u00b7 Moncada: 7 casos. Origen social<br \/>\n\u00b7 Val\u00e8ncia: 4 casos. Origen social<br \/>\n\u00b7 Val\u00e8ncia: 8 casos. Origen social<br \/>\n\u00b7 D\u00e9nia: 6 casos. Origen social<br \/>\n\u00b7 L&#8217;Eliana: 7 casos. Origen social<br \/>\n\u00b7 Val\u00e8ncia: 3 casos. Origen social<br \/>\n\u00b7 Val\u00e8ncia: 3 casos. Origen social<br \/>\n\u00b7 Val\u00e8ncia: 3 casos. Origen social<br \/>\n\u00b7 Requena: 8 casos. Origen social<br \/>\n\u00b7 Quart de Poblet: 4 casos. Origen social<br \/>\n\u00b7 Manises: 6 casos: Origen laboral<br \/>\n\u00b7 Benidorm: 7 casos. Origen social<br \/>\n\u00b7 Val\u00e8ncia: 3 casos. Origen laboral<br \/>\n\u00b7 Rafelbunyol: 4 casos. Origen social<br \/>\n\u00b7 Rafelbunyol: 3 casos. Origen social<br \/>\n\u00b7 Val\u00e8ncia: 3 casos. Origen social<br \/>\n\u00b7 Benicarl\u00f3: 4 casos. Origen social<br \/>\n\u00b7 Cheste: 5 casos. Origen laboral<br \/>\n\u00b7 Val\u00e8ncia: 3 casos. Origen social<br \/>\n\u00b7 Cheste: 4 casos. \u00c1mbito educativo<br \/>\n\u00b7 Cheste: 8 casos. \u00c1mbito educativo<br \/>\n\u00b7 Cheste: 3 casos. \u00c1mbito educativo<br \/>\n\u00b7 Riba-roja de T\u00faria: 5 casos. \u00c1mbito educativo<br \/>\n\u00b7 Utiel: 6 casos. Origen laboral<br \/>\n\u00b7 Pedralba: 3 casos. Origen social<br \/>\n\u00b7 Benilloba: 3 casos. Origen social<br \/>\n\u00b7 Val\u00e8ncia: 6 casos. Origen social<br \/>\n\u00b7 Alicante: 6 casos. Origen laboral<br \/>\n\u00b7 Val\u00e8ncia: 4 casos. Origen social<br \/>\n\u00b7 Benidorm: 8 casos. Origen laboral<br \/>\n\u00b7 Val\u00e8ncia: 8 casos. Origen social<br \/>\n\u00b7 Val\u00e8ncia: 5 casos. Origen social<br \/>\n\u00b7 Jarafuel: 4 casos. Origen social<br \/>\n\u00b7 Sant Joan d&#8217;Alacant: 16 casos. Origen laboral<br \/>\n\u00b7 Vinar\u00f2s: 4 casos. Origen social<br \/>\n\u00b7 Val\u00e8ncia: 5 casos. Origen social<br \/>\n\u00b7 Val\u00e8ncia: 8 casos. Origen laboral<br \/>\n\u00b7 Val\u00e8ncia: 3 casos. Origen social<br \/>\n\u00b7 Alcal\u00e0 de Xivert: 8 casos. Origen social<br \/>\n\u00b7 Vinar\u00f2s: 5 casos. Origen social<br \/>\n\u00b7 Vinar\u00f2s: 4 casos. Origen social<br \/>\n\u00b7 Gata de Gorgos: 7 casos. Origen social<br \/>\n\u00b7 Gata de Gorgos: 6 casos. Origen social<br \/>\n\u00b7 J\u00e1vea: 6 casos. Origen social<br \/>\n\u00b7 Alcoy: 3 casos. Origen laboral<br \/>\n\u00b7 Ibi: 7 casos. Origen social<br \/>\n\u00b7 Utiel: 5 casos. Origen social<br \/>\n\u00b7 Sinarcas: 3 casos. Origen laboral<br \/>\n\u00b7 Polop: 9 casos. Origen social<\/p>\n","protected":false},"excerpt":{"rendered":"<p>04\/01\/2021 Sanidad registra 2.012 nuevos casos de coronavirus y 7.656 altas en la Comunitat Valenciana &#8211; Por provincias, se registran 63 nuevos casos en la de Castell\u00f3n, 1.002 en la de Alicante y 947 en la provincia de Valencia La Comunitat Valenciana ha registrado 2.012 nuevos casos de coronavirus confirmados por prueba PCR o a [&hellip;]<\/p>\n","protected":false},"author":1,"featured_media":0,"comment_status":"closed","ping_status":"open","sticky":false,"template":"","format":"standard","meta":{"_monsterinsights_skip_tracking":false,"_monsterinsights_sitenote_active":false,"_monsterinsights_sitenote_note":"","_monsterinsights_sitenote_category":0},"categories":[10,12],"tags":[],"_links":{"self":[{"href":"http:\/\/www.portaldelolleria.es\/index.php?rest_route=\/wp\/v2\/posts\/26274"}],"collection":[{"href":"http:\/\/www.portaldelolleria.es\/index.php?rest_route=\/wp\/v2\/posts"}],"about":[{"href":"http:\/\/www.portaldelolleria.es\/index.php?rest_route=\/wp\/v2\/types\/post"}],"author":[{"embeddable":true,"href":"http:\/\/www.portaldelolleria.es\/index.php?rest_route=\/wp\/v2\/users\/1"}],"replies":[{"embeddable":true,"href":"http:\/\/www.portaldelolleria.es\/index.php?rest_route=%2Fwp%2Fv2%2Fcomments&post=26274"}],"version-history":[{"count":2,"href":"http:\/\/www.portaldelolleria.es\/index.php?rest_route=\/wp\/v2\/posts\/26274\/revisions"}],"predecessor-version":[{"id":26277,"href":"http:\/\/www.portaldelolleria.es\/index.php?rest_route=\/wp\/v2\/posts\/26274\/revisions\/26277"}],"wp:attachment":[{"href":"http:\/\/www.portaldelolleria.es\/index.php?rest_route=%2Fwp%2Fv2%2Fmedia&parent=26274"}],"wp:term":[{"taxonomy":"category","embeddable":true,"href":"http:\/\/www.portaldelolleria.es\/index.php?rest_route=%2Fwp%2Fv2%2Fcategories&post=26274"},{"taxonomy":"post_tag","embeddable":true,"href":"http:\/\/www.portaldelolleria.es\/index.php?rest_route=%2Fwp%2Fv2%2Ftags&post=26274"}],"curies":[{"name":"wp","href":"https:\/\/api.w.org\/{rel}","templated":true}]}}