{"id":26291,"date":"2021-01-08T22:17:56","date_gmt":"2021-01-08T20:17:56","guid":{"rendered":"http:\/\/www.portaldelolleria.es\/?p=26291"},"modified":"2021-01-08T22:19:07","modified_gmt":"2021-01-08T20:19:07","slug":"aumenta-el-numero-de-contagios-en-lolleria","status":"publish","type":"post","link":"http:\/\/www.portaldelolleria.es\/?p=26291","title":{"rendered":"Aumenta el n\u00famero de contagios en l&#8217;Olleria"},"content":{"rendered":"<p><a href=\"http:\/\/www.portaldelolleria.es\/wp-content\/uploads\/2021\/01\/08012021b.jpg\"><img loading=\"lazy\" class=\"aligncenter size-full wp-image-26293\" title=\"08012021b\" src=\"http:\/\/www.portaldelolleria.es\/wp-content\/uploads\/2021\/01\/08012021b.jpg\" alt=\"\" width=\"598\" height=\"399\" srcset=\"http:\/\/www.portaldelolleria.es\/wp-content\/uploads\/2021\/01\/08012021b.jpg 598w, http:\/\/www.portaldelolleria.es\/wp-content\/uploads\/2021\/01\/08012021b-300x200.jpg 300w\" sizes=\"(max-width: 598px) 100vw, 598px\" \/><\/a><\/p>\n<p>&nbsp;<\/p>\n<h3 style=\"text-align: justify;\"><\/h3>\n<h3 style=\"text-align: justify;\"><strong>La Conselleria de Sanidad, ante el aumento de la presi\u00f3n asistencial por la pandemia en la Comunitat Valenciana, ha suspendido toda la actividad quir\u00fargica y pruebas diagn\u00f3sticas no urgentes, tambi\u00e9n ha ordenado habilitar todas las camas de agudos y de cr\u00edticos y preparar los hospitales de campa\u00f1a y la camas del Ernest Lluch, adem\u00e1s de prohibir las visitas a los pacientes ingresados.<\/strong><\/h3>\n<p>El nivel de contagios en l&#8217;Olleria sube a 67 contagiados en los \u00faltimos 14 d\u00edas y el indice de incidencia acumulada asciende de forma preocupante a los 809.<\/p>\n<p><a href=\"http:\/\/www.portaldelolleria.es\/wp-content\/uploads\/2021\/01\/08012021.jpg\"><img loading=\"lazy\" class=\"aligncenter size-full wp-image-26292\" title=\"08012021\" src=\"http:\/\/www.portaldelolleria.es\/wp-content\/uploads\/2021\/01\/08012021.jpg\" alt=\"\" width=\"598\" height=\"439\" srcset=\"http:\/\/www.portaldelolleria.es\/wp-content\/uploads\/2021\/01\/08012021.jpg 598w, http:\/\/www.portaldelolleria.es\/wp-content\/uploads\/2021\/01\/08012021-300x220.jpg 300w\" sizes=\"(max-width: 598px) 100vw, 598px\" \/><\/a><em><span style=\"color: #888888;\">GVA Conselleria de Sanitat\u00a0 08\/01\/2021<\/span><\/em><\/p>\n<div style=\"text-align: justify;\"><strong>Sanidad registra 4.557 nuevos casos de coronavirus y 1.112 altas en la Comunitat Valenciana<\/strong><\/div>\n<p style=\"text-align: justify;\"><strong>&#8211; Por provincias, la distribuci\u00f3n de nuevos positivos es 453 en Castell\u00f3n, 1.354 en Alicante y 2.747 en la provincia de Valencia<br \/>\n&#8211; Se han notificado 35 nuevos brotes de los que 32 se han producido en el \u00e1mbito social<\/strong><\/p>\n<p style=\"text-align: justify;\">La Comunitat Valenciana ha registrado 4.557 nuevos casos de coronavirus confirmados por prueba PCR o a trav\u00e9s de test de ant\u00edgenos desde la \u00faltima actualizaci\u00f3n, que sit\u00faan la cifra total de positivos en 163.710 personas. Por provincias, la distribuci\u00f3n de nuevos positivos es la siguiente: 453 en Castell\u00f3n (17.678 en total), 1.354 en Alicante (53.983 en total) y 2.747 en la provincia de Valencia (92.037 en total).<\/p>\n<p style=\"text-align: justify;\">Por otro lado, se han registrado 70 fallecimientos por coronavirus desde la \u00faltima actualizaci\u00f3n, por lo que el total de defunciones desde el inicio de la pandemia es de 3.244 personas: 418 en la provincia de Castell\u00f3n, 1.112 en la de Alicante y 1.714 en la de Valencia.<\/p>\n<p style=\"text-align: justify;\">Los hospitales valencianos tienen, actualmente, 2.332 personas ingresadas: 182 en la provincia de Castell\u00f3n, con 25 pacientes en UCI; 758 en la provincia de Alicante, 117 de ellos en la UCI; y 1.392 en la provincia de Valencia, 190 de ellos en UCI.<\/p>\n<p style=\"text-align: justify;\">Adem\u00e1s, desde la \u00faltima actualizaci\u00f3n se han registrado 1.112 altas a pacientes con coronavirus. De esta forma, ya son 150.710 personas en la Comunitat Valenciana las que han superado la enfermedad desde que comenz\u00f3 la pandemia. Por provincias, las altas se distribuyen del siguiente modo: 16.636 en Castell\u00f3n, 49.890 en Alicante y 84.122 en Valencia.<\/p>\n<p style=\"text-align: justify;\">De acuerdo con los datos registrados, en estos momentos hay 21.363 casos activos, lo que supone un 12,19% del total de positivos.<\/p>\n<p style=\"text-align: justify;\">El n\u00famero total de pruebas llevadas a cabo para la detecci\u00f3n del coronavirus asciende a 2.182.846, de las que 2.010.507 han sido a trav\u00e9s de PCR y 172.339<br \/>\nmediante test r\u00e1pido.<\/p>\n<p style=\"text-align: justify;\"><strong>Actualizaci\u00f3n de la situaci\u00f3n en residencias<\/strong><\/p>\n<p style=\"text-align: justify;\">A d\u00eda de hoy, hay alg\u00fan caso positivo en 145 residencias de mayores (13 en la provincia de Castell\u00f3n, 42 en la provincia de Alicante y 90 en la provincia de Valencia), 24 centros de diversidad funcional (3 en la provincia de Castell\u00f3n, 10 en la provincia de Alicante y 11 en la provincia de Valencia) y 4 centros de menores (1 en la provincia de Castell\u00f3n, 1 en la provincia de Alicante y 2 en la provincia de Valencia).<\/p>\n<p style=\"text-align: justify;\">&#8211; Residentes nuevos positivos: 199<br \/>\n&#8211; Trabajadores y trabajadoras nuevos positivos: 52<br \/>\n&#8211; Residentes que han fallecido: 30<\/p>\n<p style=\"text-align: justify;\">Actualmente, se encuentran bajo vigilancia activa de control sanitario 34 residencias en la Comunitat Valenciana: 2 en la provincia de Castell\u00f3n, 13 en la provincia de Alicante y 19 en la provincia de Valencia.<\/p>\n<p style=\"text-align: justify;\"><strong>Actualizaci\u00f3n brotes de coronavirus<\/strong><\/p>\n<p style=\"text-align: justify;\">Se han registrado 35 brotes desde la \u00faltima actualizaci\u00f3n. Por provincias: 1 en Castell\u00f3n, 15 en Alicante y 19 en Valencia.<\/p>\n<p style=\"text-align: justify;\">\u00b7 Orihuela: 9 casos. Origen social<br \/>\n\u00b7 Val\u00e8ncia: 8 casos. Origen social<br \/>\n\u00b7 Cox: 3 casos. Origen social<br \/>\n\u00b7 Benidorm: 12 casos. Origen social<br \/>\n\u00b7 Almorad\u00ed: 5 casos. Origen social<br \/>\n\u00b7 Orihuela: 7 casos. Origen social<br \/>\n\u00b7 Val\u00e8ncia: 4 casos. Origen social<br \/>\n\u00b7 Requena: 6 casos. Origen social<br \/>\n\u00b7 Utiel: 4 casos. Origen social<br \/>\n\u00b7 Altea: 3 casos. Origen laboral<br \/>\n\u00b7 J\u00e1vea: 4 casos. Origen social<br \/>\n\u00b7 Meliana: 4 casos. Origen social<br \/>\n\u00b7 J\u00e1vea: 4 casos. Origen social<br \/>\n\u00b7 D\u00e9nia: 5 casos. Origen social<br \/>\n\u00b7 Val\u00e8ncia: 3 casos. Origen social<br \/>\n\u00b7 Val\u00e8ncia: 7 casos. Origen social<br \/>\n\u00b7 Orihuela: 8 casos. Origen social<br \/>\n\u00b7 Alzira: 8 casos. Origen laboral<br \/>\n\u00b7 Val\u00e8ncia: 7 casos. Origen social<br \/>\n\u00b7 Val\u00e8ncia: 6 casos. Origen social<br \/>\n\u00b7 Orihuela: 6 casos. Origen social<br \/>\n\u00b7 Val\u00e8ncia: 4 casos. Origen social<br \/>\n\u00b7 Benidorm: 13 casos. Origen social<br \/>\n\u00b7 Callosa de Segura: 6 casos. Origen social<br \/>\n\u00b7 Benidorm: 3 casos. Origen social<br \/>\n\u00b7 Mislata: 3 casos. \u00c1mbito educativo<br \/>\n\u00b7 Alboraya : 4 casos. Origen social<br \/>\n\u00b7 Almorad\u00ed: 7 casos. Origen social<br \/>\n\u00b7 Val\u00e8ncia: 4 casos. Origen social<br \/>\n\u00b7 Val\u00e8ncia: 11 casos. Origen social<br \/>\n\u00b7 Val\u00e8ncia: 3 casos. Origen social<br \/>\n\u00b7 Val\u00e8ncia: 4 casos. Origen social<br \/>\n\u00b7 Almenara: 6 casos. Origen social<br \/>\n\u00b7 Val\u00e8ncia: 4 casos. Origen social<br \/>\n\u00b7 Val\u00e8ncia: 11 casos. Origen social<\/p>\n","protected":false},"excerpt":{"rendered":"<p>&nbsp; La Conselleria de Sanidad, ante el aumento de la presi\u00f3n asistencial por la pandemia en la Comunitat Valenciana, ha suspendido toda la actividad quir\u00fargica y pruebas diagn\u00f3sticas no urgentes, tambi\u00e9n ha ordenado habilitar todas las camas de agudos y de cr\u00edticos y preparar los hospitales de campa\u00f1a y la camas del Ernest Lluch, adem\u00e1s [&hellip;]<\/p>\n","protected":false},"author":1,"featured_media":0,"comment_status":"closed","ping_status":"open","sticky":false,"template":"","format":"standard","meta":{"_monsterinsights_skip_tracking":false,"_monsterinsights_sitenote_active":false,"_monsterinsights_sitenote_note":"","_monsterinsights_sitenote_category":0},"categories":[3,12],"tags":[],"_links":{"self":[{"href":"http:\/\/www.portaldelolleria.es\/index.php?rest_route=\/wp\/v2\/posts\/26291"}],"collection":[{"href":"http:\/\/www.portaldelolleria.es\/index.php?rest_route=\/wp\/v2\/posts"}],"about":[{"href":"http:\/\/www.portaldelolleria.es\/index.php?rest_route=\/wp\/v2\/types\/post"}],"author":[{"embeddable":true,"href":"http:\/\/www.portaldelolleria.es\/index.php?rest_route=\/wp\/v2\/users\/1"}],"replies":[{"embeddable":true,"href":"http:\/\/www.portaldelolleria.es\/index.php?rest_route=%2Fwp%2Fv2%2Fcomments&post=26291"}],"version-history":[{"count":2,"href":"http:\/\/www.portaldelolleria.es\/index.php?rest_route=\/wp\/v2\/posts\/26291\/revisions"}],"predecessor-version":[{"id":26295,"href":"http:\/\/www.portaldelolleria.es\/index.php?rest_route=\/wp\/v2\/posts\/26291\/revisions\/26295"}],"wp:attachment":[{"href":"http:\/\/www.portaldelolleria.es\/index.php?rest_route=%2Fwp%2Fv2%2Fmedia&parent=26291"}],"wp:term":[{"taxonomy":"category","embeddable":true,"href":"http:\/\/www.portaldelolleria.es\/index.php?rest_route=%2Fwp%2Fv2%2Fcategories&post=26291"},{"taxonomy":"post_tag","embeddable":true,"href":"http:\/\/www.portaldelolleria.es\/index.php?rest_route=%2Fwp%2Fv2%2Ftags&post=26291"}],"curies":[{"name":"wp","href":"https:\/\/api.w.org\/{rel}","templated":true}]}}