{"id":26331,"date":"2021-01-14T21:42:52","date_gmt":"2021-01-14T19:42:52","guid":{"rendered":"http:\/\/www.portaldelolleria.es\/?p=26331"},"modified":"2021-01-14T21:43:45","modified_gmt":"2021-01-14T19:43:45","slug":"6-207-nuevos-casos-y-50-brotes-mas-en-la-comunitat-valenciana","status":"publish","type":"post","link":"http:\/\/www.portaldelolleria.es\/?p=26331","title":{"rendered":"6.207 nuevos casos y 50 brotes m\u00e1s en la Comunitat Valenciana"},"content":{"rendered":"<p><a href=\"http:\/\/www.portaldelolleria.es\/wp-content\/uploads\/2021\/01\/scaled.jpg\"><img loading=\"lazy\" class=\"aligncenter size-full wp-image-26333\" title=\"scaled\" src=\"http:\/\/www.portaldelolleria.es\/wp-content\/uploads\/2021\/01\/scaled.jpg\" alt=\"\" width=\"598\" height=\"395\" srcset=\"http:\/\/www.portaldelolleria.es\/wp-content\/uploads\/2021\/01\/scaled.jpg 598w, http:\/\/www.portaldelolleria.es\/wp-content\/uploads\/2021\/01\/scaled-300x198.jpg 300w\" sizes=\"(max-width: 598px) 100vw, 598px\" \/><\/a><\/p>\n<p>&nbsp;<\/p>\n<p style=\"text-align: justify;\"><strong>Sanidad detecta 6.207 nuevos contagios en las \u00faltimas 24 horas. La incidencia acumulada se desboca<\/strong><\/p>\n<div style=\"text-align: justify;\">La Comunitat Valenciana ha registrado 6.207 nuevos casos de coronavirus y 2.724 altas<\/div>\n<p style=\"text-align: justify;\">&#8211; Por provincias: 697 en Castell\u00f3n, 2.016 en Alicante y 3.494 en la provincia de Valencia<br \/>\n&#8211; Se han administrado 80.429 dosis de la vacuna contra el coronavirus, un 88% de todas las recibidas<\/p>\n<p style=\"text-align: justify;\">La Comunitat Valenciana ha registrado 6.207 nuevos casos de coronavirus confirmados por prueba PCR o a trav\u00e9s de test de ant\u00edgenos desde la \u00faltima actualizaci\u00f3n, que sit\u00faan la cifra total de positivos en 189.469 personas. Por provincias, la distribuci\u00f3n de nuevos positivos es la siguiente: 697 en Castell\u00f3n (20.438 en total), 2.016 en Alicante (62.380 en total) y 3.494 en la provincia de Valencia (106.617 en total). Adem\u00e1s, el n\u00famero de casos no asignados asciende a 34.<\/p>\n<p style=\"text-align: justify;\">Por otro lado, se ha administrado en residencias y entre personal sanitario 80.429 dosis de la vacuna de Pfizer, un 88% de las recibidas hasta el momento. Por sexo, han recibido estas dosis 22.603 hombres y 57.826 mujeres.<\/p>\n<p style=\"text-align: justify;\">Adem\u00e1s, se han registrado 57 fallecimientos por coronavirus desde la \u00faltima actualizaci\u00f3n, por lo que el total de defunciones desde el inicio de la pandemia es de 3.522 personas: 449 en la provincia de Castell\u00f3n, 1.187 en la de Alicante y 1.886 en la de Valencia.<\/p>\n<p style=\"text-align: justify;\">Los hospitales valencianos tienen, actualmente, 2.993 personas ingresadas: 242 en la provincia de Castell\u00f3n, con 31 pacientes en UCI; 1.059 en la provincia de Alicante, 158 de ellos en la UCI; y 1.692 en la provincia de Valencia, 251 de ellos en UCI.<\/p>\n<p style=\"text-align: justify;\">Desde la \u00faltima actualizaci\u00f3n se han registrado 2.724 altas a pacientes con coronavirus. De esta forma, ya son 163.758 personas en la Comunitat Valenciana las que han superado la enfermedad desde que comenz\u00f3 la pandemia. Por provincias, las altas se distribuyen del siguiente modo: 18.017 en Castell\u00f3n, 54.000 en Alicante y 91.674 en Valencia, adem\u00e1s de 67 no asignadas.<\/p>\n<p style=\"text-align: justify;\">De acuerdo con los datos registrados, en estos momentos hay 33.769 casos activos, lo que supone un 16,80% del total de positivos.<\/p>\n<p style=\"text-align: justify;\">El n\u00famero total de pruebas llevadas a cabo para la detecci\u00f3n del coronavirus asciende a 2.296.479, de las que 2.122.537 han sido a trav\u00e9s de PCR y 173.942 mediante test r\u00e1pido.<\/p>\n<p style=\"text-align: justify;\"><strong>Actualizaci\u00f3n de la situaci\u00f3n en residencias<\/strong><\/p>\n<p style=\"text-align: justify;\">A d\u00eda de hoy, hay alg\u00fan caso positivo en 155 residencias de mayores (12 en la provincia de Castell\u00f3n, 46 en la provincia de Alicante y 97 en la provincia de Valencia), 29 centros de diversidad funcional (3 en la provincia de Castell\u00f3n, 9 en la provincia de Alicante y 17 en la provincia de Valencia) y 5 centros de menores (1 en la provincia de Castell\u00f3n, 2 en la provincia de Alicante y 2 en la provincia de Valencia).<\/p>\n<p style=\"text-align: justify;\">&#8211; Residentes nuevos positivos: 79<br \/>\n&#8211; Trabajadores y trabajadoras nuevos positivos: 19<br \/>\n&#8211; Residentes que han fallecido: 14<\/p>\n<p style=\"text-align: justify;\">Actualmente, se encuentran bajo vigilancia activa de control sanitario 46 residencias en la Comunitat Valenciana: 2 en la provincia de Castell\u00f3n, 16 en la provincia de Alicante y 28 en la provincia de Valencia.<\/p>\n<p style=\"text-align: justify;\"><strong>Actualizaci\u00f3n brotes de coronavirus<\/strong><\/p>\n<p style=\"text-align: justify;\">La Comunitat Valenciana ha registrado 50 brotes desde la \u00faltima actualizaci\u00f3n. Por provincias: 8 en Castell\u00f3n, 14 en Alicante y 28 en Valencia.<\/p>\n<p style=\"text-align: justify;\">\u00b7 Burjassot: 6 casos. Origen social<br \/>\n\u00b7 Requena: 3 casos. Origen social<br \/>\n\u00b7 Bigastro: 7 casos. Origen laboral<br \/>\n\u00b7 Val\u00e8ncia: 13 casos. Origen social<br \/>\n\u00b7 Benidorm: 7 casos. Origen social<br \/>\n\u00b7 Val\u00e8ncia: 3 casos. Origen social<br \/>\n\u00b7 Elche: 3 casos. Origen laboral<br \/>\n\u00b7 Benidorm: 5 casos. Origen social<br \/>\n\u00b7 Torrevieja: 6 casos. Origen social<br \/>\n\u00b7 Torrevieja: 6 casos. Origen social<br \/>\n\u00b7 Mislata: 3 casos. \u00c1mbito educativo<br \/>\n\u00b7 Val\u00e8ncia: 3 casos. Origen social<br \/>\n\u00b7 Benidorm: 4 casos. Origen social<br \/>\n\u00b7 Vinar\u00f2s: 4 casos. Origen social<br \/>\n\u00b7 Altea: 3 casos. Origen social<br \/>\n\u00b7 Moncada: 9 casos. Origen social<br \/>\n\u00b7 Val\u00e8ncia: 5 casos. Origen social<br \/>\n\u00b7 Orihuela: 8 casos. Origen social<br \/>\n\u00b7 X\u00e0tiva: 4 casos. Origen social<br \/>\n\u00b7 Val\u00e8ncia: 9 casos. \u00c1mbito educativo<br \/>\n\u00b7 Villajoyosa: 7 casos. Origen social<br \/>\n\u00b7 Benidorm: 7 casos. Origen social<br \/>\n\u00b7 Val\u00e8ncia: 7 casos. Origen social<br \/>\n\u00b7 Benag\u00e9ber: 10 casos. Origen social<br \/>\n\u00b7 Val\u00e8ncia: 5 casos. Origen social<br \/>\n\u00b7 Vila-Real: 3 casos. Origen laboral<br \/>\n\u00b7 Villajoyosa: 5 casos. Origen social<br \/>\n\u00b7 Vila-Real: 8 casos. Origen laboral<br \/>\n\u00b7 Vila-Real: 5 casos. Origen laboral<br \/>\n\u00b7 D\u00e8nia: 4 casos. Origen social<br \/>\n\u00b7 Nules: 14 casos. Origen laboral<br \/>\n\u00b7 Chelva: 3 casos. Origen social<br \/>\n\u00b7 Benaguasil: 3 casos. Origen social<br \/>\n\u00b7 Val\u00e8ncia: 8 casos. Origen social<br \/>\n\u00b7 Massalfassar: 3 casos. Origen social<br \/>\n\u00b7 Orihuela: 5 casos. Origen social<br \/>\n\u00b7 Val\u00e8ncia: 7 casos. Origen social<br \/>\n\u00b7 Xert: 4 casos. Origen social<br \/>\n\u00b7 Val\u00e8ncia: 10 casos. Origen social<br \/>\n\u00b7 Val\u00e8ncia: 3 casos. Origen social<br \/>\n\u00b7 Val\u00e8ncia: 3 casos. Origen social<br \/>\n\u00b7 Canet Lo Roig: 3 casos. Origen social<br \/>\n\u00b7 Moncada: 4 casos. Origen social<br \/>\n\u00b7 Meliana: 5 casos. Origen social<br \/>\n\u00b7 Traiguera: 6 casos. Origen social<br \/>\n\u00b7 Val\u00e8ncia: 7 casos. Origen social<br \/>\n\u00b7 B\u00e9tera: 5 casos. Origen social<br \/>\n\u00b7 Val\u00e8ncia: 6 casos. Origen social<br \/>\n\u00b7 Massamagrell: 11 casos. Origen social<br \/>\n\u00b7 Tavernes Blanques: 7 casos. Origen social<\/p>\n","protected":false},"excerpt":{"rendered":"<p>&nbsp; Sanidad detecta 6.207 nuevos contagios en las \u00faltimas 24 horas. La incidencia acumulada se desboca La Comunitat Valenciana ha registrado 6.207 nuevos casos de coronavirus y 2.724 altas &#8211; Por provincias: 697 en Castell\u00f3n, 2.016 en Alicante y 3.494 en la provincia de Valencia &#8211; Se han administrado 80.429 dosis de la vacuna contra [&hellip;]<\/p>\n","protected":false},"author":1,"featured_media":0,"comment_status":"closed","ping_status":"open","sticky":false,"template":"","format":"standard","meta":{"_monsterinsights_skip_tracking":false,"_monsterinsights_sitenote_active":false,"_monsterinsights_sitenote_note":"","_monsterinsights_sitenote_category":0},"categories":[3,12],"tags":[],"_links":{"self":[{"href":"http:\/\/www.portaldelolleria.es\/index.php?rest_route=\/wp\/v2\/posts\/26331"}],"collection":[{"href":"http:\/\/www.portaldelolleria.es\/index.php?rest_route=\/wp\/v2\/posts"}],"about":[{"href":"http:\/\/www.portaldelolleria.es\/index.php?rest_route=\/wp\/v2\/types\/post"}],"author":[{"embeddable":true,"href":"http:\/\/www.portaldelolleria.es\/index.php?rest_route=\/wp\/v2\/users\/1"}],"replies":[{"embeddable":true,"href":"http:\/\/www.portaldelolleria.es\/index.php?rest_route=%2Fwp%2Fv2%2Fcomments&post=26331"}],"version-history":[{"count":3,"href":"http:\/\/www.portaldelolleria.es\/index.php?rest_route=\/wp\/v2\/posts\/26331\/revisions"}],"predecessor-version":[{"id":26335,"href":"http:\/\/www.portaldelolleria.es\/index.php?rest_route=\/wp\/v2\/posts\/26331\/revisions\/26335"}],"wp:attachment":[{"href":"http:\/\/www.portaldelolleria.es\/index.php?rest_route=%2Fwp%2Fv2%2Fmedia&parent=26331"}],"wp:term":[{"taxonomy":"category","embeddable":true,"href":"http:\/\/www.portaldelolleria.es\/index.php?rest_route=%2Fwp%2Fv2%2Fcategories&post=26331"},{"taxonomy":"post_tag","embeddable":true,"href":"http:\/\/www.portaldelolleria.es\/index.php?rest_route=%2Fwp%2Fv2%2Ftags&post=26331"}],"curies":[{"name":"wp","href":"https:\/\/api.w.org\/{rel}","templated":true}]}}