{"id":26341,"date":"2021-01-15T19:40:14","date_gmt":"2021-01-15T17:40:14","guid":{"rendered":"http:\/\/www.portaldelolleria.es\/?p=26341"},"modified":"2021-01-15T20:00:54","modified_gmt":"2021-01-15T18:00:54","slug":"se-complica-la-situacion-sanitaria-en-lolleria","status":"publish","type":"post","link":"http:\/\/www.portaldelolleria.es\/?p=26341","title":{"rendered":"El aumento de contagios en l&#8217;Olleria empieza a ser preocupante"},"content":{"rendered":"<p style=\"text-align: justify;\"><a href=\"http:\/\/www.portaldelolleria.es\/wp-content\/uploads\/2021\/01\/COVID191.jpg\"><img loading=\"lazy\" class=\"aligncenter size-full wp-image-26344\" title=\"COVID19\" src=\"http:\/\/www.portaldelolleria.es\/wp-content\/uploads\/2021\/01\/COVID191.jpg\" alt=\"\" width=\"598\" height=\"369\" srcset=\"http:\/\/www.portaldelolleria.es\/wp-content\/uploads\/2021\/01\/COVID191.jpg 598w, http:\/\/www.portaldelolleria.es\/wp-content\/uploads\/2021\/01\/COVID191-300x185.jpg 300w\" sizes=\"(max-width: 598px) 100vw, 598px\" \/><\/a><\/p>\n<p style=\"text-align: justify;\">Al igual que muchos municipios de Valencia,\u00a0 la situaci\u00f3n sanitaria en<strong> l&#8217;Olleria<\/strong> sigue complic\u00e1ndose,\u00a0 tras alcanzar los <strong>84 contagiados y superar la barrera psicol\u00f3gica de los 1000 infectados<\/strong> en su incidencia acumulada (pcr+14dies). A estos datos hay que a\u00f1adir que la situaci\u00f3n del Hospital Lluys Alca\u00f1iz,\u00a0 <a href=\"https:\/\/loclar.es\/va\/ontinyent\/la-uci-de-lhospital-de-xativa-supera-el-100-docupacio-pel-covid-19\/?fbclid=IwAR2KpAo5zlQqU9dfDsc3405AEmi5x4nn0zni152hyJkEQG_4vtQCdLgXzbM\" target=\"_blank\">tiene la UCI a m\u00e1s del\u00a0 100% de su capacidad<\/a>, por lo que nos encontramos todos ante una situaci\u00f3n que empieza a ser\u00a0 muy delicada. Extreme a\u00fan m\u00e1s si es posible,\u00a0 cualquier medida que ayude a evitar el contagio.<\/p>\n<p><a href=\"http:\/\/www.portaldelolleria.es\/wp-content\/uploads\/2021\/01\/15012021.jpg\"><img loading=\"lazy\" class=\"aligncenter size-full wp-image-26342\" title=\"15012021\" src=\"http:\/\/www.portaldelolleria.es\/wp-content\/uploads\/2021\/01\/15012021.jpg\" alt=\"\" width=\"598\" height=\"432\" srcset=\"http:\/\/www.portaldelolleria.es\/wp-content\/uploads\/2021\/01\/15012021.jpg 598w, http:\/\/www.portaldelolleria.es\/wp-content\/uploads\/2021\/01\/15012021-300x216.jpg 300w\" sizes=\"(max-width: 598px) 100vw, 598px\" \/><\/a><\/p>\n<p>El coronavirus se dispara con 7.497 contagios nuevos en la Comunitat Valenciana\u00a0por lo que se vuelve a batir el r\u00e9cord de infectados en una sola jornada y la cifra total de positivos asciende ya a 196.966 personas.\u00a0 La jornada tambi\u00e9n tiene que lamentar el fallecimiento de 22 personas.<\/p>\n<p><em><span style=\"color: #888888;\">Parte de incidencias de la Conselleria de Sanitat (15\/01\/2021 &#8211; 18h)<\/span><\/em><\/p>\n<p>&nbsp;<\/p>\n<div><strong>La Comunitat Valenciana ha registrado 7.497 nuevos casos de coronavirus y 1.937 altas<\/strong><\/div>\n<p><strong>&#8211; Se han administrado 86.927 dosis de la vacuna contra el coronavirus, un 92,1% de todas las recibidas<br \/>\n&#8211; Los nuevos casos se distribuyen por provincias del siguiente modo: 945 en Castell\u00f3n, 2.323 en Alicante y 4.223 en la provincia de Valencia, adem\u00e1s de 6 no asignados<\/strong><\/p>\n<p>La Comunitat Valenciana ha registrado 7.497 nuevos casos de coronavirus confirmados por prueba PCR o a trav\u00e9s de test de ant\u00edgenos desde la \u00faltima actualizaci\u00f3n, que sit\u00faan la cifra total de positivos en 196.966 personas. Por provincias, la distribuci\u00f3n de nuevos positivos es la siguiente: 945 en Castell\u00f3n (21.383 en total), 2.323 en Alicante (64.703 en total) y 4.223 en la provincia de Valencia (106.617 en total). Adem\u00e1s, se han registrado 6 nuevos casos no asignados, por lo que el n\u00famero total asciende a 40.<\/p>\n<p>Por otro lado, se ha administrado en residencias y entre personal sanitario 86.927 dosis de la vacuna de Pfizer, un 92,1% de todas las recibidas hasta el momento. Por provincias, se han administrado 11.653 en Castell\u00f3n, 32.472 en Alicante y 42.802 en Valencia.<\/p>\n<p>Adem\u00e1s, se han registrado 22 fallecimientos por coronavirus desde la \u00faltima actualizaci\u00f3n, por lo que el total de defunciones desde el inicio de la pandemia es de 3.544 personas: 452 en la provincia de Castell\u00f3n, 1.198 en la de Alicante y 1.894 en la de Valencia.<\/p>\n<p>Los hospitales valencianos tienen, actualmente, 3.062 personas ingresadas: 248 en la provincia de Castell\u00f3n, con 31 pacientes en UCI; 1.097 en la provincia de Alicante, 164 de ellos en la UCI; y 1.717 en la provincia de Valencia, 260 de ellos en UCI.<\/p>\n<p>Adem\u00e1s, desde la \u00faltima actualizaci\u00f3n se han registrado 1.937 altas a pacientes con coronavirus. De esta forma, ya son 165.695 personas en la Comunitat Valenciana las que han superado la enfermedad desde que comenz\u00f3 la pandemia. Por provincias, las altas se distribuyen del siguiente modo: 18.181 en Castell\u00f3n, 54.803 en Alicante y 92.641 en Valencia. Adem\u00e1s hay 70 no asignadas.<\/p>\n<p>De acuerdo con los datos registrados, en estos momentos hay 39.301 casos activos, lo que supone un 18,85% del total de positivos.<\/p>\n<p>El n\u00famero total de pruebas llevadas a cabo para la detecci\u00f3n del coronavirus asciende a 2.323.099, de las que 2.148.615 han sido a trav\u00e9s de PCR y 174.484 mediante test r\u00e1pido.<\/p>\n<p><strong>Actualizaci\u00f3n de la situaci\u00f3n en residencias<\/strong><\/p>\n<p>A d\u00eda de hoy, hay alg\u00fan caso positivo en 166 residencias de mayores (13 en la provincia de Castell\u00f3n, 50 en la provincia de Alicante y 103 en la provincia de Valencia), 29 centros de diversidad funcional (3 en la provincia de Castell\u00f3n, 9 en la provincia de Alicante y 17 en la provincia de Valencia) y 5 centros de menores (1 en la provincia de Castell\u00f3n, 2 en la provincia de Alicante y 2 en la provincia de Valencia).<\/p>\n<p>&#8211; Residentes nuevos positivos: 222<br \/>\n&#8211; Trabajadores y trabajadoras nuevos positivos: 79<br \/>\n&#8211; Residentes que han fallecido: 15<\/p>\n<p>Actualmente, se encuentran bajo vigilancia activa de control sanitario 45 residencias en la Comunitat Valenciana: 2 en la provincia de Castell\u00f3n, 17 en la provincia de Alicante y 26 en la provincia de Valencia.<\/p>\n<p><strong>Actualizaci\u00f3n brotes de coronavirus<\/strong><\/p>\n<p>Nuevos brotes: 50 (30 en la provincia de Valencia, 10 en la provincia de Alicante y 10 en la de Castell\u00f3n).<\/p>\n<p>\u00b7 Val\u00e8ncia: 5 casos. Origen laboral<br \/>\n\u00b7 Orihuela: 7 casos. Origen social<br \/>\n\u00b7 Val\u00e8ncia: 9 casos. Origen social<br \/>\n\u00b7 L&#8217;Alf\u00e0s del Pi: 13 casos. Origen social<br \/>\n\u00b7 Val\u00e8ncia: 5 casos. Origen social<br \/>\n\u00b7 Ll\u00edria: 5 casos. Origen social<br \/>\n\u00b7 Traiguera: 4 casos. Origen social<br \/>\n\u00b7 Sagunto: 6 casos. Origen social<br \/>\n\u00b7 Val\u00e8ncia: 8 casos. Origen social<br \/>\n\u00b7 Cullera: 9 casos. Origen social<br \/>\n\u00b7 Polop: 8 casos. Origen social<br \/>\n\u00b7 Vinar\u00f2s: 7 casos. Origen social<br \/>\n\u00b7 Val\u00e8ncia: 6 casos. Origen social<br \/>\n\u00b7 Benicarl\u00f3: 3 casos. Origen social<br \/>\n\u00b7 Val\u00e8ncia: 5 casos. Origen social<br \/>\n\u00b7 C\u00e0lig: 6 casos. Origen social<br \/>\n\u00b7 Orihuela: 3 casos. Origen social<br \/>\n\u00b7 Requena: 4 casos. Origen laboral<br \/>\n\u00b7 Requena: 4 casos. Origen social<br \/>\n\u00b7 Val\u00e8ncia: 6 casos. Origen laboral<br \/>\n\u00b7 Requena: 6 casos. Origen social<br \/>\n\u00b7 Mislata: 15 casos. Origen laboral<br \/>\n\u00b7 Paterna: 7 casos. Origen laboral<br \/>\n\u00b7 La Pobla de Vallbona: 3 casos. \u00c1mbito educativo<br \/>\n\u00b7 Orba: 3 casos. Origen social<br \/>\n\u00b7 Almenara: 6 casos. Origen laboral<br \/>\n\u00b7 Paterna: 3 casos. Origen social<br \/>\n\u00b7 Val\u00e8ncia: 3 casos. Origen laboral<br \/>\n\u00b7 Paterna: 6 casos. Origen social<br \/>\n\u00b7 Vilamarxant: 8 casos. Origen social<br \/>\n\u00b7 Vinar\u00f2s: 3 casos. Origen social<br \/>\n\u00b7 Val\u00e8ncia: 3 casos. Origen social<br \/>\n\u00b7 Orihuela: 5 casos. Origen social<br \/>\n\u00b7 Paterna: 7 casos. Origen social<br \/>\n\u00b7 Villajoyosa: 7 casos. Origen social<br \/>\n\u00b7 Almenara: 3 casos. Origen social<br \/>\n\u00b7 L&#8217;Alf\u00e0s del Pi: 9 casos. Origen social<br \/>\n\u00b7 Orihuela: 10 casos. Origen social<br \/>\n\u00b7 Benicarl\u00f3: 3 casos. Origen social<br \/>\n\u00b7 Paterna: 3 casos. Origen social<br \/>\n\u00b7 Paterna: 4 casos. Origen laboral<br \/>\n\u00b7 Val\u00e8ncia: 5 casos. Origen social<br \/>\n\u00b7 Val\u00e8ncia: 4 casos. Origen social<br \/>\n\u00b7 Val\u00e8ncia: 7 casos. Origen laboral<br \/>\n\u00b7 Benicarl\u00f3: 9 casos. Origen laboral<br \/>\n\u00b7 Val\u00e8ncia: 6 casos. Origen social<br \/>\n\u00b7 Benicarl\u00f3: 4 casos. Origen social<br \/>\n\u00b7 Orihuela: 4 casos. \u00c1mbito educativo<br \/>\n\u00b7 Villar del Arzobispo: 6 casos. Origen social<br \/>\n\u00b7 Paterna: 5 casos. Origen social<\/p>\n","protected":false},"excerpt":{"rendered":"<p>Al igual que muchos municipios de Valencia,\u00a0 la situaci\u00f3n sanitaria en l&#8217;Olleria sigue complic\u00e1ndose,\u00a0 tras alcanzar los 84 contagiados y superar la barrera psicol\u00f3gica de los 1000 infectados en su incidencia acumulada (pcr+14dies). A estos datos hay que a\u00f1adir que la situaci\u00f3n del Hospital Lluys Alca\u00f1iz,\u00a0 tiene la UCI a m\u00e1s del\u00a0 100% de su [&hellip;]<\/p>\n","protected":false},"author":1,"featured_media":0,"comment_status":"closed","ping_status":"open","sticky":false,"template":"","format":"standard","meta":{"_monsterinsights_skip_tracking":false,"_monsterinsights_sitenote_active":false,"_monsterinsights_sitenote_note":"","_monsterinsights_sitenote_category":0},"categories":[10,12],"tags":[],"_links":{"self":[{"href":"http:\/\/www.portaldelolleria.es\/index.php?rest_route=\/wp\/v2\/posts\/26341"}],"collection":[{"href":"http:\/\/www.portaldelolleria.es\/index.php?rest_route=\/wp\/v2\/posts"}],"about":[{"href":"http:\/\/www.portaldelolleria.es\/index.php?rest_route=\/wp\/v2\/types\/post"}],"author":[{"embeddable":true,"href":"http:\/\/www.portaldelolleria.es\/index.php?rest_route=\/wp\/v2\/users\/1"}],"replies":[{"embeddable":true,"href":"http:\/\/www.portaldelolleria.es\/index.php?rest_route=%2Fwp%2Fv2%2Fcomments&post=26341"}],"version-history":[{"count":3,"href":"http:\/\/www.portaldelolleria.es\/index.php?rest_route=\/wp\/v2\/posts\/26341\/revisions"}],"predecessor-version":[{"id":26348,"href":"http:\/\/www.portaldelolleria.es\/index.php?rest_route=\/wp\/v2\/posts\/26341\/revisions\/26348"}],"wp:attachment":[{"href":"http:\/\/www.portaldelolleria.es\/index.php?rest_route=%2Fwp%2Fv2%2Fmedia&parent=26341"}],"wp:term":[{"taxonomy":"category","embeddable":true,"href":"http:\/\/www.portaldelolleria.es\/index.php?rest_route=%2Fwp%2Fv2%2Fcategories&post=26341"},{"taxonomy":"post_tag","embeddable":true,"href":"http:\/\/www.portaldelolleria.es\/index.php?rest_route=%2Fwp%2Fv2%2Ftags&post=26341"}],"curies":[{"name":"wp","href":"https:\/\/api.w.org\/{rel}","templated":true}]}}