{"id":26369,"date":"2021-01-18T21:50:24","date_gmt":"2021-01-18T19:50:24","guid":{"rendered":"http:\/\/www.portaldelolleria.es\/?p=26369"},"modified":"2021-01-18T21:50:24","modified_gmt":"2021-01-18T19:50:24","slug":"la-comunitat-valenciana-registra-2-482-nuevos-positivos-y-95-fallecidos","status":"publish","type":"post","link":"http:\/\/www.portaldelolleria.es\/?p=26369","title":{"rendered":"La Comunitat Valenciana registra 2.482 nuevos positivos y 95 fallecidos"},"content":{"rendered":"<p><a href=\"http:\/\/www.portaldelolleria.es\/wp-content\/uploads\/2021\/01\/112125.jpg\"><img loading=\"lazy\" class=\"aligncenter size-full wp-image-26371\" title=\"112125\" src=\"http:\/\/www.portaldelolleria.es\/wp-content\/uploads\/2021\/01\/112125.jpg\" alt=\"\" width=\"598\" height=\"377\" srcset=\"http:\/\/www.portaldelolleria.es\/wp-content\/uploads\/2021\/01\/112125.jpg 598w, http:\/\/www.portaldelolleria.es\/wp-content\/uploads\/2021\/01\/112125-300x189.jpg 300w\" sizes=\"(max-width: 598px) 100vw, 598px\" \/><\/a><\/p>\n<p>&nbsp;<\/p>\n<p style=\"text-align: justify;\"><strong>\u00a0Las cifras que acaba de dar la conselleria de Sanitat sobre la evoluci\u00f3n de la pandemia dejan suponen el peor fin de semana desde marzo.<\/strong><\/p>\n<p style=\"text-align: justify;\"><em><span style=\"color: #888888;\">Conselleria de Sanitat 18\/01\/2021<\/span><\/em><\/p>\n<div style=\"text-align: justify;\"><strong>La Comunitat Valenciana ha registrado 2.482 nuevos casos de coronavirus y 6.812 altas<\/strong><\/div>\n<p style=\"text-align: justify;\"><strong>&#8211; Sanidad ha administrado ya 93.521 dosis de la vacuna contra el coronavirus<br \/>\n&#8211; Por provincias, se registran 135 nuevos positivos en Castell\u00f3n, 799 en Alicante y 1.548 en la provincia de Valencia<\/strong><\/p>\n<p style=\"text-align: justify;\">La Comunitat Valenciana ha administrado hasta este lunes a las 14 horas un total de 93.521 dosis de la vacuna contra el coronavirus, 152 de ellas en segunda dosis. De todas las administradas, 35.434 han ido destinadas a residencias (personal sanitario y residentes) y 58.087 a personal sanitario de primera l\u00ednea.<\/p>\n<p style=\"text-align: justify;\">Por otro lado, se han registrado 2.482 nuevos casos de coronavirus confirmados por prueba PCR o a trav\u00e9s de test de ant\u00edgenos desde la \u00faltima actualizaci\u00f3n, que sit\u00faan la cifra total de positivos en 210.052 personas. Por provincias, la distribuci\u00f3n de nuevos positivos es la siguiente: 135 en Castell\u00f3n (22.325 en total), 799 en Alicante (68.853 en total) y 1.548 en la provincia de Valencia (118.833 en total). Adem\u00e1s, el n\u00famero de casos no asignados asciende a 41.<\/p>\n<p style=\"text-align: justify;\">Tambi\u00e9n se han registrado 95 fallecimientos por coronavirus desde la \u00faltima actualizaci\u00f3n, por lo que el total de defunciones desde el inicio de la pandemia es de 3.655 personas: 465 en la provincia de Castell\u00f3n, 1.244 en la de Alicante y 1.946 en la de Valencia.<\/p>\n<p style=\"text-align: justify;\">Los hospitales valencianos tienen, actualmente, 3.829 personas ingresadas: 308 en la provincia de Castell\u00f3n, con 33 pacientes en UCI; 1.431 en la provincia de Alicante, 193 de ellos en la UCI; y 2.090 en la provincia de Valencia, 279 de ellos en UCI.<\/p>\n<p style=\"text-align: justify;\">Adem\u00e1s, desde la \u00faltima actualizaci\u00f3n se han registrado 6.812 altas a pacientes con coronavirus. De esta forma, ya son 172.507 personas en la Comunitat Valenciana las que han superado la enfermedad desde que comenz\u00f3 la pandemia. Por provincias, las altas se distribuyen del siguiente modo: 18.985 en Castell\u00f3n, 57.317 en Alicante y 96.126 en Valencia, adem\u00e1s de 79 no asignadas.<\/p>\n<p style=\"text-align: justify;\">De acuerdo con los datos registrados, en estos momentos hay 45.453 casos activos, lo que supone un 20,51% del total de positivos.<\/p>\n<p style=\"text-align: justify;\"><strong>Actualizaci\u00f3n de la situaci\u00f3n en residencias<\/strong><\/p>\n<p style=\"text-align: justify;\">A d\u00eda de hoy, hay alg\u00fan caso positivo en 169 residencias de mayores (16 en la provincia de Castell\u00f3n, 51 en la provincia de Alicante y 102 en la provincia de Valencia), 30 centros de diversidad funcional (4 en la provincia de Castell\u00f3n, 9 en la provincia de Alicante y 17 en la provincia de Valencia) y 7 centros de menores (1 en la provincia de Castell\u00f3n, 2 en la provincia de Alicante y 4 en la provincia de Valencia).<\/p>\n<p style=\"text-align: justify;\">\u00b7 Residentes nuevos positivos: 129<br \/>\n\u00b7 Trabajadores y trabajadoras nuevos positivos: 57<br \/>\n\u00b7 Residentes que han fallecido: 41<\/p>\n<p style=\"text-align: justify;\">Actualmente, se encuentran bajo vigilancia activa de control sanitario 44 residencias en la Comunitat Valenciana: 2 en la provincia de Castell\u00f3n, 18 en la provincia de Alicante y 24 en la provincia de Valencia.<\/p>\n<p style=\"text-align: justify;\"><strong>Actualizaci\u00f3n brotes de coronavirus<\/strong><\/p>\n<p style=\"text-align: justify;\">Nuevos brotes: 65 (39 en la provincia de Valencia, 15 en la provincia de Alicante y 11 en la de Castell\u00f3n).<\/p>\n<p style=\"text-align: justify;\">\u00b7 L&#8217;Eliana: 5 casos. Origen social<br \/>\n\u00b7 Vinar\u00f2s: 3 casos. Origen social<br \/>\n\u00b7 Castell\u00f3 (antes Villanueva de Castell\u00f3n): 4 casos. Origen social<br \/>\n\u00b7 Paterna: 9 casos. Origen social<br \/>\n\u00b7 Llutxent: 6 casos. Origen social<br \/>\n\u00b7 Traiguera: 5 casos. Origen social<br \/>\n\u00b7 Val\u00e8ncia: 6 casos. Origen social<br \/>\n\u00b7 L&#8217;Alf\u00e0s del P\u00ed. 6 casos. Origen laboral<br \/>\n\u00b7 B\u00e9tera: 3 casos. Origen social<br \/>\n\u00b7 Anna: 9 casos. Origen social<br \/>\n\u00b7 Ontinyent: 5 casos. Origen social<br \/>\n\u00b7 Fontanars dels Alforins: 5 casos. Origen social<br \/>\n\u00b7 Ontinyent: 6 casos. Origen social<br \/>\n\u00b7 Benidorm: 3 casos. Origen laboral<br \/>\n\u00b7 L&#8217;Alf\u00e0s del P\u00ed: 5 casos. Origen social<br \/>\n\u00b7 C\u00e0lig: 4 casos. Origen social<br \/>\n\u00b7 Val\u00e8ncia: 7 casos. Origen laboral<br \/>\n\u00b7 Alcal\u00e0 de Xivert: 36 casos. Origen laboral<br \/>\n\u00b7 L&#8217;Eliana: 4 casos. Origen social<br \/>\n\u00b7 J\u00e1vea: 4 casos. \u00c1mbito educativo<br \/>\n\u00b7 Val\u00e8ncia: 6 casos. Origen social<br \/>\n\u00b7 Val\u00e8ncia: 4 casos. Origen social<br \/>\n\u00b7 Villajoyosa: 8 casos. Origen social<br \/>\n\u00b7 Val\u00e8ncia: 3 casos. Origen social<br \/>\n\u00b7 Traiguera: 5 casos. Origen social<br \/>\n\u00b7 Benidorm: 8 casos. Origen laboral<br \/>\n\u00b7 Benicarl\u00f3: 4 casos. Origen social<br \/>\n\u00b7 La Llosa de Ranes: 5 casos. Origen social<br \/>\n\u00b7 Val\u00e8ncia: 4 casos. Origen laboral<br \/>\n\u00b7 Elche: 4 casos. Origen social<br \/>\n\u00b7 Val\u00e8ncia: 4 casos. Origen social<br \/>\n\u00b7 Pe\u00f1\u00edscola: 4 casos. Origen social<br \/>\n\u00b7 Ontinyent: 6 casos. Origen laboral<br \/>\n\u00b7 Val\u00e8ncia: 3 casos. Origen social<br \/>\n\u00b7 Benicarl\u00f3: 8 casos. Origen social<br \/>\n\u00b7 Paterna: 4 casos. Origen social<br \/>\n\u00b7 Val\u00e8ncia: 6 casos. Origen social<br \/>\n\u00b7 Val\u00e8ncia: 4 casos. Origen social<br \/>\n\u00b7 Torres-Torres: 4 casos. Origen social<br \/>\n\u00b7 Val\u00e8ncia: 4 casos. Origen social<br \/>\n\u00b7 Val\u00e8ncia: 7 casos. Origen social<br \/>\n\u00b7 B\u00e9tera: 4 casos. Origen social<br \/>\n\u00b7 Alm\u00e0ssera: 4 casos. Origen social<br \/>\n\u00b7 Val\u00e8ncia: 7 casos. Origen social<br \/>\n\u00b7 Val\u00e8ncia: 9 casos. Origen laboral<br \/>\n\u00b7 Val\u00e8ncia: 8 casos. Origen social<br \/>\n\u00b7 Oliva: 3 casos. Origen social<br \/>\n\u00b7 Burjassot: 4 casos. Origen social<br \/>\n\u00b7 Val\u00e8ncia: 5 casos. Origen social<br \/>\n\u00b7 Godella: 9 casos. Origen social<br \/>\n\u00b7 Alcoy: 3 casos. Origen social<br \/>\n\u00b7 Alcal\u00e0 de Xivert: 5 casos. Origen social<br \/>\n\u00b7 Chiva: 7 casos: Origen laboral<br \/>\n\u00b7 Vinar\u00f2s: 3 casos. Origen social<br \/>\n\u00b7 Alcal\u00e0 de Xivert: 5 casos. Origen social<br \/>\n\u00b7 Pu\u00e7ol: 7 casos. Origen social<br \/>\n\u00b7 Alboraya: 3 casos. Origen social<br \/>\n\u00b7 L&#8217;Alf\u00e0s del Pi: 4 casos. Origen social<br \/>\n\u00b7 Val\u00e8ncia: 7 casos: Origen social<br \/>\n\u00b7 Benidorm: 9 casos. Origen social<br \/>\n\u00b7 Elche: 8 casos: Origen social<br \/>\n\u00b7 Benidorm: 5 casos. Origen social<br \/>\n\u00b7 Elche: 4 casos. Origen laboral<br \/>\n\u00b7 Elche: 6 casos. Origen social<br \/>\n\u00b7 Crevillent: 5 casos. Origen social<\/p>\n","protected":false},"excerpt":{"rendered":"<p>&nbsp; \u00a0Las cifras que acaba de dar la conselleria de Sanitat sobre la evoluci\u00f3n de la pandemia dejan suponen el peor fin de semana desde marzo. Conselleria de Sanitat 18\/01\/2021 La Comunitat Valenciana ha registrado 2.482 nuevos casos de coronavirus y 6.812 altas &#8211; Sanidad ha administrado ya 93.521 dosis de la vacuna contra el [&hellip;]<\/p>\n","protected":false},"author":1,"featured_media":0,"comment_status":"closed","ping_status":"open","sticky":false,"template":"","format":"standard","meta":{"_monsterinsights_skip_tracking":false,"_monsterinsights_sitenote_active":false,"_monsterinsights_sitenote_note":"","_monsterinsights_sitenote_category":0},"categories":[10,12],"tags":[],"_links":{"self":[{"href":"http:\/\/www.portaldelolleria.es\/index.php?rest_route=\/wp\/v2\/posts\/26369"}],"collection":[{"href":"http:\/\/www.portaldelolleria.es\/index.php?rest_route=\/wp\/v2\/posts"}],"about":[{"href":"http:\/\/www.portaldelolleria.es\/index.php?rest_route=\/wp\/v2\/types\/post"}],"author":[{"embeddable":true,"href":"http:\/\/www.portaldelolleria.es\/index.php?rest_route=\/wp\/v2\/users\/1"}],"replies":[{"embeddable":true,"href":"http:\/\/www.portaldelolleria.es\/index.php?rest_route=%2Fwp%2Fv2%2Fcomments&post=26369"}],"version-history":[{"count":2,"href":"http:\/\/www.portaldelolleria.es\/index.php?rest_route=\/wp\/v2\/posts\/26369\/revisions"}],"predecessor-version":[{"id":26372,"href":"http:\/\/www.portaldelolleria.es\/index.php?rest_route=\/wp\/v2\/posts\/26369\/revisions\/26372"}],"wp:attachment":[{"href":"http:\/\/www.portaldelolleria.es\/index.php?rest_route=%2Fwp%2Fv2%2Fmedia&parent=26369"}],"wp:term":[{"taxonomy":"category","embeddable":true,"href":"http:\/\/www.portaldelolleria.es\/index.php?rest_route=%2Fwp%2Fv2%2Fcategories&post=26369"},{"taxonomy":"post_tag","embeddable":true,"href":"http:\/\/www.portaldelolleria.es\/index.php?rest_route=%2Fwp%2Fv2%2Ftags&post=26369"}],"curies":[{"name":"wp","href":"https:\/\/api.w.org\/{rel}","templated":true}]}}