{"id":26377,"date":"2021-01-19T12:56:27","date_gmt":"2021-01-19T10:56:27","guid":{"rendered":"http:\/\/www.portaldelolleria.es\/?p=26377"},"modified":"2021-01-19T13:01:04","modified_gmt":"2021-01-19T11:01:04","slug":"lolleria-vive-el-peor-momento-de-toda-la-pandemia-98-positivos","status":"publish","type":"post","link":"http:\/\/www.portaldelolleria.es\/?p=26377","title":{"rendered":"L&#8217;Olleria vive el peor momento desde que comenz\u00f3 la pandemia: 98 positivos"},"content":{"rendered":"<p style=\"text-align: justify;\"><a href=\"http:\/\/www.portaldelolleria.es\/wp-content\/uploads\/2021\/01\/19012021.jpg\"><img loading=\"lazy\" class=\"aligncenter size-full wp-image-26379\" title=\"19012021\" src=\"http:\/\/www.portaldelolleria.es\/wp-content\/uploads\/2021\/01\/19012021.jpg\" alt=\"\" width=\"598\" height=\"369\" srcset=\"http:\/\/www.portaldelolleria.es\/wp-content\/uploads\/2021\/01\/19012021.jpg 598w, http:\/\/www.portaldelolleria.es\/wp-content\/uploads\/2021\/01\/19012021-300x185.jpg 300w\" sizes=\"(max-width: 598px) 100vw, 598px\" \/><\/a><\/p>\n<p style=\"text-align: justify;\"><strong>L&#8217;Olleria vive el peor momento hasta la fecha de toda la pandemia desde que comenz\u00f3 en los primeros meses del 2020.<\/strong><\/p>\n<p style=\"text-align: justify;\">Desde ayer seg\u00fan fuentes de la Conselleria de Sanitat, tenemos <strong>98 contagiados<\/strong> y una incidencia acumulada que ya super\u00f3 en pocos d\u00edas la barrera psicol\u00f3gica de los 1000\u00a0 para situarse en 1.183 afectados por cada 100.000 hab. (pcr+14dies).<\/p>\n<p style=\"text-align: justify;\">All\u00e1 por el mes de julio cuando el pueblo entraba en un \u00abshock\u00bb social por que doblabados el n\u00famero de positivos de 2 a 4, nadie, ni los m\u00e1s pesimistas pod\u00edan augurar que seis meses mas tarde estar\u00edamos a las puertas de los 100.\u00a0 Lo peor de todo es que tampoco\u00a0 hay un gui\u00f3n\u00a0 al que podamos ce\u00f1irnos con confianza.\u00a0\u00a0 Los \u00abexpertos\u00bb\u00a0 vaticinan que estamos viviendo el \u00abpico\u00bb de la tercera ola,\u00a0 otros se basan en que el frio ambiental favorece el desarrollo del virus, pero en todos estos meses lo \u00fanico que hemos descubierto, es que a nivel mundial, todav\u00eda no existe un argumento firme que sirva para hacer frente con garantias al coronavirus.<\/p>\n<p style=\"text-align: justify;\">La \u00fanica realidad que conocemos,\u00a0 es que hay que <strong>seguir extremando las medidas\u00a0 de prevenci\u00f3n<\/strong>: mascarilla, distancia social,\u00a0 evitar aglomeraciones, ser rigurosos en los confinamientos preventivos, ventilaci\u00f3n de ambientes cerrados,etc etc.\u00a0 Es una situaci\u00f3n cansina, y que conforme avanzan los meses produce mayor desgaste social.\u00a0 El hartazgo\u00a0 empieza a notarse en la calle pero a pesar de ello,\u00a0 ahora es el momento de redoblar esfuerzos, <strong>la situaci\u00f3n no s\u00f3lo lo requiere, en estos momentos lo exige.<\/strong><\/p>\n<h3 style=\"text-align: center;\"><span style=\"color: #800000;\"><strong>EXTREME AL MAXIMO LAS MEDIDAS DE PREVENCION<\/strong><\/span><\/h3>\n<p>&nbsp;<\/p>\n<p>&nbsp;<\/p>\n<p><a href=\"http:\/\/www.portaldelolleria.es\/wp-content\/uploads\/2021\/01\/19012021b.jpg\"><img loading=\"lazy\" class=\"aligncenter size-full wp-image-26378\" title=\"19012021b\" src=\"http:\/\/www.portaldelolleria.es\/wp-content\/uploads\/2021\/01\/19012021b.jpg\" alt=\"\" width=\"598\" height=\"428\" srcset=\"http:\/\/www.portaldelolleria.es\/wp-content\/uploads\/2021\/01\/19012021b.jpg 598w, http:\/\/www.portaldelolleria.es\/wp-content\/uploads\/2021\/01\/19012021b-300x214.jpg 300w\" sizes=\"(max-width: 598px) 100vw, 598px\" \/><\/a><\/p>\n<p>&nbsp;<\/p>\n<p style=\"text-align: justify;\"><em>Conselleria de Sanitat 18\/01\/2021\u00a0\u00a0 resumen del comunicado del lunes.<br \/>\n<\/em><\/p>\n<div style=\"text-align: justify;\"><strong>La Comunitat Valenciana ha registrado 2.482 nuevos casos de coronavirus y 6.812 altas<\/strong><\/div>\n<p style=\"text-align: justify;\">La Comunitat Valenciana ha administrado hasta este lunes a las 14 horas un total de 93.521 dosis de la vacuna contra el coronavirus, 152 de ellas en segunda dosis. De todas las administradas, 35.434 han ido destinadas a residencias (personal sanitario y residentes) y 58.087 a personal sanitario de primera l\u00ednea.<\/p>\n<p style=\"text-align: justify;\">Por otro lado, se han registrado 2.482 nuevos casos de coronavirus confirmados por prueba PCR o a trav\u00e9s de test de ant\u00edgenos desde la \u00faltima actualizaci\u00f3n, que sit\u00faan la cifra total de positivos en 210.052 personas. Por provincias, la distribuci\u00f3n de nuevos positivos es la siguiente: 135 en Castell\u00f3n (22.325 en total), 799 en Alicante (68.853 en total) y 1.548 en la provincia de Valencia (118.833 en total). Adem\u00e1s, el n\u00famero de casos no asignados asciende a 41.<\/p>\n<p style=\"text-align: justify;\">Tambi\u00e9n se han registrado 95 fallecimientos por coronavirus desde la \u00faltima actualizaci\u00f3n, por lo que el total de defunciones desde el inicio de la pandemia es de 3.655 personas: 465 en la provincia de Castell\u00f3n, 1.244 en la de Alicante y 1.946 en la de Valencia.<\/p>\n<p style=\"text-align: justify;\">Los hospitales valencianos tienen, actualmente, 3.829 personas ingresadas: 308 en la provincia de Castell\u00f3n, con 33 pacientes en UCI; 1.431 en la provincia de Alicante, 193 de ellos en la UCI; y 2.090 en la provincia de Valencia, 279 de ellos en UCI.<\/p>\n<p style=\"text-align: justify;\"><strong>Actualizaci\u00f3n brotes de coronavirus<\/strong><\/p>\n<h2 style=\"text-align: justify;\">Nuevos brotes:<strong> 65<\/strong><\/h2>\n<p style=\"text-align: justify;\">\u00b7 L\u2019Eliana: 5 casos. Origen social<br \/>\n\u00b7 Vinar\u00f2s: 3 casos. Origen social<br \/>\n\u00b7 Castell\u00f3 (antes Villanueva de Castell\u00f3n): 4 casos. Origen social<br \/>\n\u00b7 Paterna: 9 casos. Origen social<br \/>\n\u00b7 Llutxent: 6 casos. Origen social<br \/>\n\u00b7 Traiguera: 5 casos. Origen social<br \/>\n\u00b7 Val\u00e8ncia: 6 casos. Origen social<br \/>\n\u00b7 L\u2019Alf\u00e0s del P\u00ed. 6 casos. Origen laboral<br \/>\n\u00b7 B\u00e9tera: 3 casos. Origen social<br \/>\n\u00b7 Anna: 9 casos. Origen social<br \/>\n\u00b7 Ontinyent: 5 casos. Origen social<br \/>\n\u00b7 Fontanars dels Alforins: 5 casos. Origen social<br \/>\n\u00b7 Ontinyent: 6 casos. Origen social<br \/>\n\u00b7 Benidorm: 3 casos. Origen laboral<br \/>\n\u00b7 L\u2019Alf\u00e0s del P\u00ed: 5 casos. Origen social<br \/>\n\u00b7 C\u00e0lig: 4 casos. Origen social<br \/>\n\u00b7 Val\u00e8ncia: 7 casos. Origen laboral<br \/>\n\u00b7 Alcal\u00e0 de Xivert: 36 casos. Origen laboral<br \/>\n\u00b7 L\u2019Eliana: 4 casos. Origen social<br \/>\n\u00b7 J\u00e1vea: 4 casos. \u00c1mbito educativo<br \/>\n\u00b7 Val\u00e8ncia: 6 casos. Origen social<br \/>\n\u00b7 Val\u00e8ncia: 4 casos. Origen social<br \/>\n\u00b7 Villajoyosa: 8 casos. Origen social<br \/>\n\u00b7 Val\u00e8ncia: 3 casos. Origen social<br \/>\n\u00b7 Traiguera: 5 casos. Origen social<br \/>\n\u00b7 Benidorm: 8 casos. Origen laboral<br \/>\n\u00b7 Benicarl\u00f3: 4 casos. Origen social<br \/>\n\u00b7 La Llosa de Ranes: 5 casos. Origen social<br \/>\n\u00b7 Val\u00e8ncia: 4 casos. Origen laboral<br \/>\n\u00b7 Elche: 4 casos. Origen social<br \/>\n\u00b7 Val\u00e8ncia: 4 casos. Origen social<br \/>\n\u00b7 Pe\u00f1\u00edscola: 4 casos. Origen social<br \/>\n\u00b7 Ontinyent: 6 casos. Origen laboral<br \/>\n\u00b7 Val\u00e8ncia: 3 casos. Origen social<br \/>\n\u00b7 Benicarl\u00f3: 8 casos. Origen social<br \/>\n\u00b7 Paterna: 4 casos. Origen social<br \/>\n\u00b7 Val\u00e8ncia: 6 casos. Origen social<br \/>\n\u00b7 Val\u00e8ncia: 4 casos. Origen social<br \/>\n\u00b7 Torres-Torres: 4 casos. Origen social<br \/>\n\u00b7 Val\u00e8ncia: 4 casos. Origen social<br \/>\n\u00b7 Val\u00e8ncia: 7 casos. Origen social<br \/>\n\u00b7 B\u00e9tera: 4 casos. Origen social<br \/>\n\u00b7 Alm\u00e0ssera: 4 casos. Origen social<br \/>\n\u00b7 Val\u00e8ncia: 7 casos. Origen social<br \/>\n\u00b7 Val\u00e8ncia: 9 casos. Origen laboral<br \/>\n\u00b7 Val\u00e8ncia: 8 casos. Origen social<br \/>\n\u00b7 Oliva: 3 casos. Origen social<br \/>\n\u00b7 Burjassot: 4 casos. Origen social<br \/>\n\u00b7 Val\u00e8ncia: 5 casos. Origen social<br \/>\n\u00b7 Godella: 9 casos. Origen social<br \/>\n\u00b7 Alcoy: 3 casos. Origen social<br \/>\n\u00b7 Alcal\u00e0 de Xivert: 5 casos. Origen social<br \/>\n\u00b7 Chiva: 7 casos: Origen laboral<br \/>\n\u00b7 Vinar\u00f2s: 3 casos. Origen social<br \/>\n\u00b7 Alcal\u00e0 de Xivert: 5 casos. Origen social<br \/>\n\u00b7 Pu\u00e7ol: 7 casos. Origen social<br \/>\n\u00b7 Alboraya: 3 casos. Origen social<br \/>\n\u00b7 L\u2019Alf\u00e0s del Pi: 4 casos. Origen social<br \/>\n\u00b7 Val\u00e8ncia: 7 casos: Origen social<br \/>\n\u00b7 Benidorm: 9 casos. Origen social<br \/>\n\u00b7 Elche: 8 casos: Origen social<br \/>\n\u00b7 Benidorm: 5 casos. Origen social<br \/>\n\u00b7 Elche: 4 casos. Origen laboral<br \/>\n\u00b7 Elche: 6 casos. Origen social<br \/>\n\u00b7 Crevillent: 5 casos. Origen social<\/p>\n","protected":false},"excerpt":{"rendered":"<p>L&#8217;Olleria vive el peor momento hasta la fecha de toda la pandemia desde que comenz\u00f3 en los primeros meses del 2020. Desde ayer seg\u00fan fuentes de la Conselleria de Sanitat, tenemos 98 contagiados y una incidencia acumulada que ya super\u00f3 en pocos d\u00edas la barrera psicol\u00f3gica de los 1000\u00a0 para situarse en 1.183 afectados por [&hellip;]<\/p>\n","protected":false},"author":1,"featured_media":0,"comment_status":"closed","ping_status":"open","sticky":false,"template":"","format":"standard","meta":{"_monsterinsights_skip_tracking":false,"_monsterinsights_sitenote_active":false,"_monsterinsights_sitenote_note":"","_monsterinsights_sitenote_category":0},"categories":[10,12],"tags":[],"_links":{"self":[{"href":"http:\/\/www.portaldelolleria.es\/index.php?rest_route=\/wp\/v2\/posts\/26377"}],"collection":[{"href":"http:\/\/www.portaldelolleria.es\/index.php?rest_route=\/wp\/v2\/posts"}],"about":[{"href":"http:\/\/www.portaldelolleria.es\/index.php?rest_route=\/wp\/v2\/types\/post"}],"author":[{"embeddable":true,"href":"http:\/\/www.portaldelolleria.es\/index.php?rest_route=\/wp\/v2\/users\/1"}],"replies":[{"embeddable":true,"href":"http:\/\/www.portaldelolleria.es\/index.php?rest_route=%2Fwp%2Fv2%2Fcomments&post=26377"}],"version-history":[{"count":2,"href":"http:\/\/www.portaldelolleria.es\/index.php?rest_route=\/wp\/v2\/posts\/26377\/revisions"}],"predecessor-version":[{"id":26381,"href":"http:\/\/www.portaldelolleria.es\/index.php?rest_route=\/wp\/v2\/posts\/26377\/revisions\/26381"}],"wp:attachment":[{"href":"http:\/\/www.portaldelolleria.es\/index.php?rest_route=%2Fwp%2Fv2%2Fmedia&parent=26377"}],"wp:term":[{"taxonomy":"category","embeddable":true,"href":"http:\/\/www.portaldelolleria.es\/index.php?rest_route=%2Fwp%2Fv2%2Fcategories&post=26377"},{"taxonomy":"post_tag","embeddable":true,"href":"http:\/\/www.portaldelolleria.es\/index.php?rest_route=%2Fwp%2Fv2%2Ftags&post=26377"}],"curies":[{"name":"wp","href":"https:\/\/api.w.org\/{rel}","templated":true}]}}