{"id":26401,"date":"2021-01-21T12:25:04","date_gmt":"2021-01-21T10:25:04","guid":{"rendered":"http:\/\/www.portaldelolleria.es\/?p=26401"},"modified":"2021-01-21T22:12:54","modified_gmt":"2021-01-21T20:12:54","slug":"juanan-casanova-protagonista-de-uno-de-los-momentos-mas-brillantes-del-cd-alcoyano","status":"publish","type":"post","link":"http:\/\/www.portaldelolleria.es\/?p=26401","title":{"rendered":"Juanan Casanova protagonista de uno de los momentos hist\u00f3ricos del CD Alcoyano"},"content":{"rendered":"<p><a href=\"http:\/\/www.portaldelolleria.es\/wp-content\/uploads\/2021\/01\/juanan1.jpg\"><img loading=\"lazy\" class=\"aligncenter size-full wp-image-26402\" title=\"juanan1\" src=\"http:\/\/www.portaldelolleria.es\/wp-content\/uploads\/2021\/01\/juanan1.jpg\" alt=\"\" width=\"598\" height=\"375\" srcset=\"http:\/\/www.portaldelolleria.es\/wp-content\/uploads\/2021\/01\/juanan1.jpg 598w, http:\/\/www.portaldelolleria.es\/wp-content\/uploads\/2021\/01\/juanan1-300x188.jpg 300w\" sizes=\"(max-width: 598px) 100vw, 598px\" \/><\/a><\/p>\n<p>&nbsp;<\/p>\n<p style=\"text-align: justify;\">Juan Antonio Casanova Vidal,<strong><em> Juanan <\/em><\/strong>(l&#8217;Olleria\u00a0 26\/01\/1990),\u00a0 se ha convertido de la noche a la ma\u00f1ana en el nuevo \u00eddolo de los aficionados al futbol de l&#8217;Olleria,\u00a0\u00a0 adem\u00e1s de la afici\u00f3n Alcoyana que ayer fu\u00e9 testigo de como su jugador dejaba escrito en la historia del Club,\u00a0 uno de los momentos m\u00e1s memorables en las \u00faltimas d\u00e9cadas.\u00a0\u00a0 Nada menos que anotaba el gol que eliminaba de la Copa del Rey\u00a0 a un \u00abgrande\u00bb como es el Real Madrid\u00a0 en la pr\u00f3rroga del encuentro\u00a0 (115&#8242;).<\/p>\n<p style=\"text-align: justify;\">Si este momento se puede agrandar, baste decir que el CD Alcoyano jugaba con un jugador menos,\u00a0 y que el gol fu\u00e9\u00a0 una mezcla entre intuici\u00f3n y anticipaci\u00f3n.\u00a0 Un gol que s\u00f3lo se vi\u00f3 ensombrecido por la falta de unas gradas llenas a causa de las limitaciones de la pandemia.\u00a0 La ocasi\u00f3n lo merec\u00eda,\u00a0 por el momento,\u00a0 por el esfuerzo, por la calidad del gol, y por el rival al que se estaba batiendo.<\/p>\n<p style=\"text-align: justify;\">Juanan,\u00a0 es un jugador que buena parte de su carrrera futbol\u00edstica se desenvolvi\u00f3 entre los equipos de Ontinyent, Alzira, Benig\u00e0nim, La Nucia, hasta recalar en el CD Alcoyano este temporada y en la que finaliza contrato el pr\u00f3ximo 30 de junio.\u00a0 A buen seguro, adem\u00e1s de por su rendimiento,\u00a0 su momento \u00abhist\u00f3rico\u00bb deber\u00eda servirle para prolongar su continuidad en el equipo del \u00abAlcoi\u00e1\u00bb<\/p>\n<p style=\"text-align: justify;\"><em>Desde el Portal, nos unimos a la \u00ablluvia\u00bb de felicitaciones\u00a0 por el \u00e9xito conseguido, tanto a nivel personal, como el de su equipo.<\/em><\/p>\n<p style=\"text-align: justify;\">_______________________<\/p>\n<p style=\"text-align: justify;\"><span style=\"color: #003366;\"><strong>Juan Antonio Casanova Vidal, <em>Juanan<\/em><\/strong> (l&#8217;Olleria 1990.01.26), s&#8217;ha convertit de la nit al dia en el nou \u00eddol dels aficionats a l&#8217;futbol de l&#8217;Olleria, a m\u00e9s de l&#8217;afici\u00f3 Alcoiana que ahir va ser testimoni de com el seu jugador deixava escrit en la hist\u00f2ria de l&#8217;Club, un dels moments m\u00e9s memorables en les \u00faltimes d\u00e8cades. Ni m\u00e9s ni menys que anotava el gol que eliminava de la Copa d&#8217;el Rei a un \u00abgran\u00bb com \u00e9s el Reial Madrid en la pr\u00f2rroga de la trobada (115 &#8216;).<\/span><\/p>\n<p><span style=\"color: #003366;\">Si aquest moment es pot fer m\u00e9s gran, nom\u00e9s cal dir que el CD Alcoi\u00e0 jugava amb un jugador menys, i que el gol va ser una barreja entre intu\u00efci\u00f3 i anticipaci\u00f3. Un gol que nom\u00e9s es va veure enfosquit per la manca d&#8217;unes grades plenes a causa de les limitacions de la pand\u00e8mia. L&#8217;ocasi\u00f3 ho mereixia, de moment, per l&#8217;esfor\u00e7, per la qualitat de l&#8217;gol, i pel rival a qu\u00e8 s&#8217;estava batent.<\/span><\/p>\n<p><span style=\"color: #003366;\">Juanan, \u00e9s un jugador que bona part de la seva carrrera futbol\u00edstica es va desenvolupar entre els equips d&#8217;Ontinyent, Alzira Benig\u00e0nim la Nucia fins a recalar al CD Alcoi\u00e0 aquest temporada i en la qual finalitza contracte el proper 30 de juny. De ben segur, a m\u00e9s de pel seu rendiment, el seu moment \u00abhist\u00f2ric\u00bb d&#8217;ahir li serviran per tenir continu\u00eftat en l&#8217;equip del \u00abAlcoi\u00e1\u00bb<\/span><\/p>\n<p><span style=\"color: #003366;\"><em>Des del Portal, nos afegim a la \u00abpluja\u00bb de felicitacions per l&#8217;\u00e8xit aconseguit, tant a nivell personal, com el del seu equip.<\/em><\/span><\/p>\n<p><iframe loading=\"lazy\" src=\"https:\/\/www.youtube.com\/embed\/o8GDC0homN0\" frameborder=\"0\" width=\"598\" height=\"369\"><\/iframe><\/p>\n","protected":false},"excerpt":{"rendered":"<p>&nbsp; Juan Antonio Casanova Vidal, Juanan (l&#8217;Olleria\u00a0 26\/01\/1990),\u00a0 se ha convertido de la noche a la ma\u00f1ana en el nuevo \u00eddolo de los aficionados al futbol de l&#8217;Olleria,\u00a0\u00a0 adem\u00e1s de la afici\u00f3n Alcoyana que ayer fu\u00e9 testigo de como su jugador dejaba escrito en la historia del Club,\u00a0 uno de los momentos m\u00e1s memorables en [&hellip;]<\/p>\n","protected":false},"author":1,"featured_media":0,"comment_status":"closed","ping_status":"open","sticky":false,"template":"","format":"standard","meta":{"_monsterinsights_skip_tracking":false,"_monsterinsights_sitenote_active":false,"_monsterinsights_sitenote_note":"","_monsterinsights_sitenote_category":0},"categories":[9,12],"tags":[],"_links":{"self":[{"href":"http:\/\/www.portaldelolleria.es\/index.php?rest_route=\/wp\/v2\/posts\/26401"}],"collection":[{"href":"http:\/\/www.portaldelolleria.es\/index.php?rest_route=\/wp\/v2\/posts"}],"about":[{"href":"http:\/\/www.portaldelolleria.es\/index.php?rest_route=\/wp\/v2\/types\/post"}],"author":[{"embeddable":true,"href":"http:\/\/www.portaldelolleria.es\/index.php?rest_route=\/wp\/v2\/users\/1"}],"replies":[{"embeddable":true,"href":"http:\/\/www.portaldelolleria.es\/index.php?rest_route=%2Fwp%2Fv2%2Fcomments&post=26401"}],"version-history":[{"count":8,"href":"http:\/\/www.portaldelolleria.es\/index.php?rest_route=\/wp\/v2\/posts\/26401\/revisions"}],"predecessor-version":[{"id":26413,"href":"http:\/\/www.portaldelolleria.es\/index.php?rest_route=\/wp\/v2\/posts\/26401\/revisions\/26413"}],"wp:attachment":[{"href":"http:\/\/www.portaldelolleria.es\/index.php?rest_route=%2Fwp%2Fv2%2Fmedia&parent=26401"}],"wp:term":[{"taxonomy":"category","embeddable":true,"href":"http:\/\/www.portaldelolleria.es\/index.php?rest_route=%2Fwp%2Fv2%2Fcategories&post=26401"},{"taxonomy":"post_tag","embeddable":true,"href":"http:\/\/www.portaldelolleria.es\/index.php?rest_route=%2Fwp%2Fv2%2Ftags&post=26401"}],"curies":[{"name":"wp","href":"https:\/\/api.w.org\/{rel}","templated":true}]}}