{"id":26432,"date":"2021-01-25T19:26:51","date_gmt":"2021-01-25T17:26:51","guid":{"rendered":"http:\/\/www.portaldelolleria.es\/?p=26432"},"modified":"2021-01-25T19:27:18","modified_gmt":"2021-01-25T17:27:18","slug":"la-diputacio-y-cruz-roja-apoyan-a-1-654-personas-vulnerables-de-56-municipios-de-menos-de-5-000-habitantes","status":"publish","type":"post","link":"http:\/\/www.portaldelolleria.es\/?p=26432","title":{"rendered":"La Diputaci\u00f3 y Cruz Roja apoyan a 1.654 personas vulnerables de 56 municipios de menos de 5.000 habitantes"},"content":{"rendered":"<p><a href=\"http:\/\/www.portaldelolleria.es\/wp-content\/uploads\/2021\/01\/Cruz-Roja-2.jpg\"><img loading=\"lazy\" class=\"aligncenter size-full wp-image-26434\" title=\"Cruz Roja 2\" src=\"http:\/\/www.portaldelolleria.es\/wp-content\/uploads\/2021\/01\/Cruz-Roja-2.jpg\" alt=\"\" width=\"598\" height=\"412\" srcset=\"http:\/\/www.portaldelolleria.es\/wp-content\/uploads\/2021\/01\/Cruz-Roja-2.jpg 598w, http:\/\/www.portaldelolleria.es\/wp-content\/uploads\/2021\/01\/Cruz-Roja-2-300x206.jpg 300w\" sizes=\"(max-width: 598px) 100vw, 598px\" \/><\/a><\/p>\n<p style=\"text-align: justify;\"><span style=\"color: #808080;\"><em>\u00a0Diputaci\u00f3n de Valencia\u00a0 25\/01\/2021<\/em><\/span><\/p>\n<p style=\"text-align: justify;\"><strong>La Diputaci\u00f3 de Val\u00e8ncia y Cruz Roja apoyan a 1.654 personas vulnerables de 56 municipios de menos de 5.000 habitantes<\/strong><strong><\/strong><\/p>\n<ul style=\"text-align: justify;\">\n<li><strong>El balance del proyecto \u2018Acompa\u00f1amiento en procesos de inclusi\u00f3n en comarcas\u2019 refuerza los servicios sociales e impulsa la acci\u00f3n social en el marco de la pandemia en La Serran\u00eda, La Vall y el Rinc\u00f3n de Ademuz<\/strong><\/li>\n<li><strong>La diputada de Inclusi\u00f3n Social, Empar Folgado, destaca las m\u00e1s de 1.500 actividades desarrolladas en 2020 dentro de este proyecto piloto que atiende las necesidades de las personas m\u00e1s vulnerables <\/strong><\/li>\n<\/ul>\n<p style=\"text-align: justify;\"><strong>\u00a0<\/strong><\/p>\n<p style=\"text-align: justify;\"><strong>25\/enero\/2021.<\/strong> La Diputaci\u00f3 de Val\u00e8ncia y Cruz Roja Espa\u00f1ola hacen balance del proyecto de \u2018Acompa\u00f1amiento en procesos de inclusi\u00f3n\u2019 en las comarcas de La Vall d\u2019Albaida, La Serran\u00eda y El Rinc\u00f3n de Ademuz. La iniciativa, que se puso en marcha en 2020, pretende apoyar a las familias m\u00e1s vulnerables, reforzar los servicios sociales existentes e impulsar la acci\u00f3n social en el marco de la pandemia, especialmente en municipios con menos de 5.000 habitantes.<\/p>\n<p style=\"text-align: justify;\">Gracias al apoyo de la Diputaci\u00f3, la labor de Cruz Roja ha llegado en 2020 a un total de 1.654 personas de las 56 poblaciones de estas tres comarcas valencianas que no alcanzan los 5.000 habitantes. Junto con acciones individuales coordinadas con los Servicios Sociales de los ayuntamientos para apoyar a las personas m\u00e1s vulnerables de estas zonas, Cruz Roja ha impulsado talleres y charlas dirigidos a personas mayores, familias e infancia y juventud. Asimismo, se han celebrado sesiones de asesoramiento a los profesionales municipales en materia de extranjer\u00eda, igualdad y violencia de g\u00e9nero.<\/p>\n<p style=\"text-align: justify;\">En palabras de la diputada de Educaci\u00f3n e Inclusi\u00f3n Social, Empar Folgado, este proyecto piloto \u201csupone un esfuerzo muy importante para la Diputaci\u00f3n, que busca hacer llegar los recursos a las personas que m\u00e1s lo necesitan\u201d. Dentro del proyecto, \u201ces importante destacar la partici\u00f3n comunitaria como herramienta de cambio de una sociedad solidaria. Las personas voluntarias de Cruz Roja han establecido una red de apoyo para atender las demandas de personas en situaci\u00f3n de vulnerabilidad, que a la vez son sus vecinos y vecinas\u201d, explica Folgado.<\/p>\n<p style=\"text-align: justify;\">La responsable provincial de Inclusi\u00f3n Social, que ha mostrado su satisfacci\u00f3n por el apoyo de Cruz Roja y \u201cel trabajo realizado durante 2020\u201d, se ha referido tambi\u00e9n al paso de la borrasca Filomena por el territorio valenciano, que ha puesto de manifiesto que el acuerdo firmado con Cruz Roja \u201ces muy beneficioso para las comarcas, con una coordinaci\u00f3n constante con los municipios mediante llamadas a las personas mayores, entregas de productos de primera necesidad, recogida de medicaci\u00f3n o sensibilizaci\u00f3n a la poblaci\u00f3n sobre los riesgos de visitar zonas nevadas en plena emergencia\u201d.<\/p>\n<p style=\"text-align: justify;\"><strong>Las cifras del proyecto<\/strong><\/p>\n<p style=\"text-align: justify;\">\u2018Acompa\u00f1amiento en procesos de inclusi\u00f3n\u2019 ha conseguido llegar a 1.165 personas en La Serran\u00eda, 419 personas en la Vall d\u2019Albaida y 70 personas en el Rinc\u00f3n de Ademuz. \u201cEl convenio con Diputaci\u00f3n de Valencia nos ha permitido intensificar la ayuda para personas en situaci\u00f3n de vulnerabilidad de entornos menos poblados y alejados de n\u00facleos urbanos, adem\u00e1s de iniciar nuestra presencia en la comarca del Rinc\u00f3n de Ademuz\u201d, ha destacado el presidente provincial de Cruz Roja Espa\u00f1ola en Valencia, Juan Jos\u00e9 Collado.<\/p>\n<p style=\"text-align: justify;\">Por su parte, la responsable provincial, Empar Folgado, ha avanzado que el convenio se ha renovado para el presente a\u00f1o \u201ccon el fin de afianzar el proyecto y establecer una l\u00ednea de trabajo conjunto entre los ayuntamientos, Cruz Roja y la Diputaci\u00f3 de Val\u00e8ncia.<\/p>\n<p style=\"text-align: justify;\">______________________________<\/p>\n<p style=\"text-align: justify;\"><a href=\"http:\/\/www.portaldelolleria.es\/wp-content\/uploads\/2021\/01\/Cruz-Roja-1.jpg\"><img loading=\"lazy\" class=\"aligncenter size-full wp-image-26433\" title=\"Cruz Roja 1\" src=\"http:\/\/www.portaldelolleria.es\/wp-content\/uploads\/2021\/01\/Cruz-Roja-1.jpg\" alt=\"\" width=\"598\" height=\"229\" srcset=\"http:\/\/www.portaldelolleria.es\/wp-content\/uploads\/2021\/01\/Cruz-Roja-1.jpg 598w, http:\/\/www.portaldelolleria.es\/wp-content\/uploads\/2021\/01\/Cruz-Roja-1-300x114.jpg 300w\" sizes=\"(max-width: 598px) 100vw, 598px\" \/><\/a><\/p>\n<p style=\"text-align: justify;\"><span style=\"color: #003366;\"><strong>La Diputaci\u00f3 de Val\u00e8ncia i Cruz Roja recolzen a 1.654 persones vulnerables de 56 municipis de menys de 5.000 habitants<\/strong><strong><\/strong><\/span><\/p>\n<ul style=\"text-align: justify;\">\n<li><span style=\"color: #003366;\"><strong>El balan\u00e7 del projecte \u2018Acompanyament en processos d&#8217;inclusi\u00f3 en comarques\u2019 refor\u00e7a els serveis socials i impulsa l&#8217;acci\u00f3 social en el marc de la pand\u00e8mia en La Serran\u00eda, La Vall i el Rinc\u00f3n d&#8217;Ademuz<\/strong><\/span><\/li>\n<li><span style=\"color: #003366;\"><strong>La diputada d&#8217;Inclusi\u00f3 Social, Empar Folgado, destaca les m\u00e9s de 1.500 activitats desenvolupades en 2020 dins d&#8217;este projecte pilot que at\u00e9n les necessitats de les persones m\u00e9s vulnerables<\/strong><\/span><\/li>\n<\/ul>\n<p style=\"text-align: justify;\"><span style=\"color: #003366;\"><strong>\u00a0<\/strong><\/span><\/p>\n<p style=\"text-align: justify;\"><span style=\"color: #003366;\"><strong>25\/gener\/2021.<\/strong> La Diputaci\u00f3 de Val\u00e8ncia i Cruz Roja fan balan\u00e7 del projecte de \u2018Acompanyament en processos d&#8217;inclusi\u00f3\u2019 a les comarques de La Vall d&#8217;Albaida, La Serran\u00eda i El Rinc\u00f3n d&#8217;Ademuz. La iniciativa, que es va posar en marxa en 2020, pret\u00e9n recolzar a les fam\u00edlies m\u00e9s vulnerables, refor\u00e7ar els serveis socials existents i impulsar l&#8217;acci\u00f3 social en el marc de la pand\u00e8mia, especialment en municipis amb menys de 5.000 habitants.<\/span><\/p>\n<p style=\"text-align: justify;\"><span style=\"color: #003366;\">Gr\u00e0cies al suport de la Diputaci\u00f3, la labor de Cruz Roja ha arribat en 2020 a un total de 1.654 persones de les 56 poblacions d&#8217;estes tres comarques valencianes que no arriben als 5.000 habitants. Juntament amb accions individuals coordinades amb els Serveis Socials dels ajuntaments per a ajudar a les persones m\u00e9s vulnerables d&#8217;estes zones, Cruz Roja ha impulsat tallers i xarrades dirigides a persones majors, fam\u00edlies i inf\u00e0ncia i joventut. Aix\u00ed mateix, s&#8217;han celebrat sessions d&#8217;assessorament als professionals municipals en mat\u00e8ria d&#8217;estrangeria, igualtat i viol\u00e8ncia de g\u00e8nere.<\/span><\/p>\n<p style=\"text-align: justify;\"><span style=\"color: #003366;\">En paraules de la diputada d&#8217;Educaci\u00f3 i Inclusi\u00f3 Social, Empar Folgado, este projecte pilot \u201csuposa un esfor\u00e7 molt important per a la Diputaci\u00f3, que busca fer arribar els recursos a les persones que m\u00e9s el necessiten\u201d. Dins del projecte, \u201c\u00e9s important destacar la partici\u00f3 comunit\u00e0ria com a eina de canvi d&#8217;una societat solid\u00e0ria. Les persones volunt\u00e0ries de Cruz Roja han establit una xarxa de suport per a atendre les demandes de persones en situaci\u00f3 de vulnerabilitat, que alhora s\u00f3n els seus ve\u00efns i ve\u00efnes\u201d, explica Folgado.<\/span><\/p>\n<p style=\"text-align: justify;\"><span style=\"color: #003366;\">La responsable provincial d&#8217;Inclusi\u00f3 Social, que ha mostrat la seua satisfacci\u00f3 pel suport de Cruz Roja i \u201cel treball realitzat durant 2020\u201d, s&#8217;ha referit tamb\u00e9 al pas de la borrasca Filomena pel territori valenci\u00e0, que ha posat de manifest que l&#8217;acord signat amb Creu Roja \u201c\u00e9s molt benefici\u00f3s per a les comarques, amb una coordinaci\u00f3 constant amb els municipis mitjan\u00e7ant telefonades a les persones majors, entrega de productes de primera necessitat, recollida de medicaci\u00f3 o sensibilitzaci\u00f3 a la poblaci\u00f3 sobre els riscos de visitar zones nevades en plena emerg\u00e8ncia\u201d.<\/span><\/p>\n<p style=\"text-align: justify;\"><span style=\"color: #003366;\"><strong>Les xifres del projecte<\/strong><\/span><\/p>\n<p style=\"text-align: justify;\"><span style=\"color: #003366;\">\u2018Acompanyament en processos d&#8217;inclusi\u00f3\u2019 ha arribat a 1.165 persones en La Serran\u00eda, 419 persones a la Vall d&#8217;Albaida i 70 persones en el Rinc\u00f3n d&#8217;Ademuz. \u201cEl conveni amb Diputaci\u00f3 de Val\u00e8ncia ens ha perm\u00e9s intensificar l&#8217;ajuda per a persones en situaci\u00f3 de vulnerabilitat d&#8217;entorns menys poblats i allunyats de nuclis urbans, a m\u00e9s d&#8217;iniciar la nostra pres\u00e8ncia a la comarca del Rinc\u00f3n d&#8217;Ademuz\u201d, ha destacat el president provincial de Cruz Roja Espa\u00f1ola a Val\u00e8ncia, Juan Jos\u00e9 Collado.<\/span><\/p>\n<p style=\"text-align: justify;\"><span style=\"color: #003366;\">Per part seua, la responsable provincial, Empar Folgado, ha avan\u00e7at que el conveni s&#8217;ha renovat per al present any \u201camb la finalitat d&#8217;afermar el projecte i establir una l\u00ednia de treball conjunt entre els ajuntaments, Cruz Roja i la Diputaci\u00f3 de Val\u00e8ncia.<\/span><\/p>\n","protected":false},"excerpt":{"rendered":"<p>\u00a0Diputaci\u00f3n de Valencia\u00a0 25\/01\/2021 La Diputaci\u00f3 de Val\u00e8ncia y Cruz Roja apoyan a 1.654 personas vulnerables de 56 municipios de menos de 5.000 habitantes El balance del proyecto \u2018Acompa\u00f1amiento en procesos de inclusi\u00f3n en comarcas\u2019 refuerza los servicios sociales e impulsa la acci\u00f3n social en el marco de la pandemia en La Serran\u00eda, La Vall [&hellip;]<\/p>\n","protected":false},"author":1,"featured_media":0,"comment_status":"closed","ping_status":"open","sticky":false,"template":"","format":"standard","meta":{"_monsterinsights_skip_tracking":false,"_monsterinsights_sitenote_active":false,"_monsterinsights_sitenote_note":"","_monsterinsights_sitenote_category":0},"categories":[3,12],"tags":[],"_links":{"self":[{"href":"http:\/\/www.portaldelolleria.es\/index.php?rest_route=\/wp\/v2\/posts\/26432"}],"collection":[{"href":"http:\/\/www.portaldelolleria.es\/index.php?rest_route=\/wp\/v2\/posts"}],"about":[{"href":"http:\/\/www.portaldelolleria.es\/index.php?rest_route=\/wp\/v2\/types\/post"}],"author":[{"embeddable":true,"href":"http:\/\/www.portaldelolleria.es\/index.php?rest_route=\/wp\/v2\/users\/1"}],"replies":[{"embeddable":true,"href":"http:\/\/www.portaldelolleria.es\/index.php?rest_route=%2Fwp%2Fv2%2Fcomments&post=26432"}],"version-history":[{"count":2,"href":"http:\/\/www.portaldelolleria.es\/index.php?rest_route=\/wp\/v2\/posts\/26432\/revisions"}],"predecessor-version":[{"id":26436,"href":"http:\/\/www.portaldelolleria.es\/index.php?rest_route=\/wp\/v2\/posts\/26432\/revisions\/26436"}],"wp:attachment":[{"href":"http:\/\/www.portaldelolleria.es\/index.php?rest_route=%2Fwp%2Fv2%2Fmedia&parent=26432"}],"wp:term":[{"taxonomy":"category","embeddable":true,"href":"http:\/\/www.portaldelolleria.es\/index.php?rest_route=%2Fwp%2Fv2%2Fcategories&post=26432"},{"taxonomy":"post_tag","embeddable":true,"href":"http:\/\/www.portaldelolleria.es\/index.php?rest_route=%2Fwp%2Fv2%2Ftags&post=26432"}],"curies":[{"name":"wp","href":"https:\/\/api.w.org\/{rel}","templated":true}]}}