{"id":26466,"date":"2021-01-28T21:15:59","date_gmt":"2021-01-28T19:15:59","guid":{"rendered":"http:\/\/www.portaldelolleria.es\/?p=26466"},"modified":"2021-01-28T21:16:35","modified_gmt":"2021-01-28T19:16:35","slug":"la-comunitat-valenciana-registra-6-855-nuevos-casos-de-coronavirus","status":"publish","type":"post","link":"http:\/\/www.portaldelolleria.es\/?p=26466","title":{"rendered":"La Comunitat Valenciana registra 6.855 nuevos casos de coronavirus"},"content":{"rendered":"<blockquote><p><a href=\"http:\/\/www.portaldelolleria.es\/wp-content\/uploads\/2021\/01\/uc3.jpg\"><img loading=\"lazy\" class=\"aligncenter size-full wp-image-26467\" title=\"uc3\" src=\"http:\/\/www.portaldelolleria.es\/wp-content\/uploads\/2021\/01\/uc3.jpg\" alt=\"\" width=\"598\" height=\"401\" srcset=\"http:\/\/www.portaldelolleria.es\/wp-content\/uploads\/2021\/01\/uc3.jpg 598w, http:\/\/www.portaldelolleria.es\/wp-content\/uploads\/2021\/01\/uc3-300x201.jpg 300w\" sizes=\"(max-width: 598px) 100vw, 598px\" \/><\/a><\/p><\/blockquote>\n<p>&nbsp;<\/p>\n<p>28\/01\/2021<\/p>\n<div><strong>La Comunitat Valenciana registra 6.855 nuevos casos de coronavirus y 7.744 altas<\/strong><\/div>\n<p><strong>&#8211; Sanidad ha administrado ya 112.612 dosis de la vacuna contra el coronavirus<br \/>\n&#8211; Nuevos positivos por provincias: 443 en Castell\u00f3n, 3.197 en Alicante, 3.195 en la provincia de Valencia y 20 no asignados<\/strong><\/p>\n<p>La Comunitat Valenciana ha administrado hasta este lunes un total de 112.612 dosis de la vacuna contra el coronavirus. Del total, 109.948 son de Pfizer y 2.664 de Moderna. Han recibido las dos dosis de la vacuna 11.151 personas.<\/p>\n<p>Por otro lado, se han registrado 6.855 casos nuevos casos de coronavirus confirmados por prueba PCR o a trav\u00e9s de test de ant\u00edgenos desde la \u00faltima actualizaci\u00f3n, que sit\u00faan la cifra total de positivos en 290.113 personas. Por provincias, la distribuci\u00f3n de nuevos positivos es la siguiente: 443 en Castell\u00f3n (29.503 en total), 3.197 en Alicante (104.255 en total) y 3.195 en la provincia de Valencia (156.309 en total). Adem\u00e1s, se han registrado 20 casos sin asignar, por lo que el total de casos sin asignar se sit\u00faa en 46.<\/p>\n<p>Tambi\u00e9n se han registrado 97 fallecimientos por coronavirus desde la \u00faltima actualizaci\u00f3n, por lo que el total de defunciones desde el inicio de la pandemia es de 4.512 personas: 539 en la provincia de Castell\u00f3n, 1.622 en la de Alicante y 2.351 en la de Valencia.<\/p>\n<p>Los hospitales valencianos tienen, actualmente, 4.588 personas ingresadas: 458 en la provincia de Castell\u00f3n, con 47 pacientes en UCI; 1.811 en la provincia de Alicante, 245 de ellos en la UCI; y 2.319 en la provincia de Valencia, 341 de ellos en UCI.<\/p>\n<p>Adem\u00e1s, desde la \u00faltima actualizaci\u00f3n se han registrado 7.744 altas a pacientes con coronavirus. De esta forma, ya son 226.058 personas en la Comunitat Valenciana las que han superado la enfermedad desde que comenz\u00f3 la pandemia. Por provincias, las altas se distribuyen del siguiente modo: 24.007 en Castell\u00f3n, 78.187 en Alicante y 123.790 en Valencia, adem\u00e1s de 74 no asignadas.<\/p>\n<p>De acuerdo con los datos registrados, en estos momentos hay 71.043 casos activos, lo que supone un 23,55%del total de positivos.<\/p>\n<p><strong>Actualizaci\u00f3n de la situaci\u00f3n en residencias<\/strong><\/p>\n<p>A d\u00eda de hoy, hay alg\u00fan caso positivo en 188 residencias de mayores (16 en la provincia de Castell\u00f3n, 60 en la provincia de Alicante y 112 en la provincia de Valencia), 38 centros de diversidad funcional (3 en la provincia de Castell\u00f3n, 11 en la provincia de Alicante y 24 en la provincia de Valencia) y 10 centros de menores (5 en la provincia de Alicante y 5 en la provincia de Valencia).<\/p>\n<p>&#8211; Residentes nuevos positivos: 290<br \/>\n&#8211; Trabajadores y trabajadoras nuevos positivos: 73<br \/>\n&#8211; Residentes que han fallecido: 17<\/p>\n<p>Actualmente, se encuentran bajo vigilancia activa de control sanitario 65 residencias en la Comunitat Valenciana: 5 en la provincia de Castell\u00f3n, 27 en la provincia de Alicante y 33 en la provincia de Valencia.<\/p>\n<p><strong>Actualizaci\u00f3n brotes de coronavirus<\/strong><\/p>\n<p>Se han registrado 70 brotes desde la \u00faltima actualizaci\u00f3n; por provincias: 9 en Castell\u00f3n; 15 en Alicante y 46 en Valencia.<\/p>\n<p>\u00b7 Val\u00e8ncia: 4 casos. Origen social<br \/>\n\u00b7 Val\u00e8ncia: 5 casos. Origen social<br \/>\n\u00b7 Vinalesa: 4 casos. Origen social<br \/>\n\u00b7 Elche: 6 casos. Origen laboral<br \/>\n\u00b7 Benicarl\u00f3: 15 casos. \u00c1mbito educativo<br \/>\n\u00b7 Val\u00e8ncia: 3 casos. Origen laboral<br \/>\n\u00b7 Alcal\u00e0 de Xivert: 5 casos. Origen social<br \/>\n\u00b7 Mislata: 3 casos. Origen social<br \/>\n\u00b7 Almorad\u00ed: 3 casos. \u00c1mbito educativo<br \/>\n\u00b7 Altea: 5 casos. Origen social<br \/>\n\u00b7 Requena: 3 casos. Origen laboral<br \/>\n\u00b7 Val\u00e8ncia: 4 casos. Origen social<br \/>\n\u00b7 Morella: 8 casos. Origen social<br \/>\n\u00b7 Val\u00e8ncia: 6 casos. Origen social<br \/>\n\u00b7 Orihuela: 6 casos. \u00c1mbito educativo<br \/>\n\u00b7 Traiguera: 3 casos. Origen laboral<br \/>\n\u00b7 Val\u00e8ncia: 5 casos. Origen social<br \/>\n\u00b7 Quart de Poblet: 3 casos. \u00c1mbito educativo<br \/>\n\u00b7 Vinalesa: 5 casos. Origen laboral<br \/>\n\u00b7 Val\u00e8ncia: 5 casos. Origen social<br \/>\n\u00b7 Val\u00e8ncia: 4 casos. Origen laboral<br \/>\n\u00b7 Gandia: 5 casos. Origen social<br \/>\n\u00b7 Val\u00e8ncia: 3 casos. Origen laboral<br \/>\n\u00b7 Pe\u00f1\u00edscola: 8 casos. Origen social<br \/>\n\u00b7 Orihuela: 7 casos. \u00c1mbito educativo<br \/>\n\u00b7 Pe\u00f1\u00edscola: 3 casos. Origen social<br \/>\n\u00b7 Alcoy: 3 casos. \u00c1mbito educativo<br \/>\n\u00b7 Sagunto: 7 casos. Origen social<br \/>\n\u00b7 Val\u00e8ncia: 5 casos. Origen social<br \/>\n\u00b7 Castell\u00f3 de La Plana: 5 casos. Origen laboral<br \/>\n\u00b7 Benidorm: 8 casos. Origen social<br \/>\n\u00b7 Val\u00e8ncia: 3 casos. Origen social<br \/>\n\u00b7 Vila-real: 4 casos. Origen laboral<br \/>\n\u00b7 Burjassot: 6 casos. Origen social<br \/>\n\u00b7 Orihuela: 4 casos. \u00c1mbito educativo<br \/>\n\u00b7 Orihuela: 3 casos. \u00c1mbito educativo<br \/>\n\u00b7 Foios: 4 casos. Origen social<br \/>\n\u00b7 Castell\u00f3 de La Plana: 17 casos. Origen social<br \/>\n\u00b7 Sueca: 4 casos. \u00c1mbito educativo<br \/>\n\u00b7 Orihuela: 3 casos. \u00c1mbito educativo<br \/>\n\u00b7 Bigastro: 5 casos. \u00c1mbito educativo<br \/>\n\u00b7 Almorad\u00ed: 3 casos. \u00c1mbito educativo<br \/>\n\u00b7 Pu\u00e7ol: 6 casos. Origen laboral<br \/>\n\u00b7 Val\u00e8ncia: 3 casos. Origen laboral<br \/>\n\u00b7 Val\u00e8ncia: 4 casos. Origen social<br \/>\n\u00b7 Massamagrell: 4 casos. Origen laboral<br \/>\n\u00b7 Val\u00e8ncia: 4 casos. Origen laboral<br \/>\n\u00b7 Requena: 3 casos. Origen social<br \/>\n\u00b7 Val\u00e8ncia: 3 casos. \u00c1mbito educativo<br \/>\n\u00b7 Val\u00e8ncia: 7 casos. Origen social<br \/>\n\u00b7 Venta del Moro: 3 casos. Origen social<br \/>\n\u00b7 Val\u00e8ncia: 3 casos. Origen social<br \/>\n\u00b7 Alboraya: 5 casos. Origen social<br \/>\n\u00b7 El Puig de Santa Mar\u00eda: 18 casos. Origen social<br \/>\n\u00b7 Val\u00e8ncia: 3 casos. \u00c1mbito educativo<br \/>\n\u00b7 Val\u00e8ncia: 6 casos. Origen social<br \/>\n\u00b7 La Pobla de Farnals: 6 casos. Origen laboral<br \/>\n\u00b7 Fuenterrobles: 7 casos. Origen laboral<br \/>\n\u00b7 Val\u00e8ncia: 4 casos. Origen social<br \/>\n\u00b7 Val\u00e8ncia: 3 casos. Origen social<br \/>\n\u00b7 Val\u00e8ncia: 4 casos. Origen laboral<br \/>\n\u00b7 Val\u00e8ncia: 3 casos. Origen social<br \/>\n\u00b7 Relleu: 8 casos. Origen social<br \/>\n\u00b7 Alcoy: 26 casos. \u00c1mbito educativo<br \/>\n\u00b7 Val\u00e8ncia: 5 casos. Origen social<br \/>\n\u00b7 Finestrat: 3 casos. Origen laboral<br \/>\n\u00b7 Val\u00e8ncia: 6 casos. Origen social<br \/>\n\u00b7 Sagunto: 6 casos. Origen laboral<br \/>\n\u00b7 Sagunto: 7 casos. Origen social<br \/>\n\u00b7 Sagunto: 7 casos. Origen social<\/p>\n","protected":false},"excerpt":{"rendered":"<p>&nbsp; 28\/01\/2021 La Comunitat Valenciana registra 6.855 nuevos casos de coronavirus y 7.744 altas &#8211; Sanidad ha administrado ya 112.612 dosis de la vacuna contra el coronavirus &#8211; Nuevos positivos por provincias: 443 en Castell\u00f3n, 3.197 en Alicante, 3.195 en la provincia de Valencia y 20 no asignados La Comunitat Valenciana ha administrado hasta este [&hellip;]<\/p>\n","protected":false},"author":1,"featured_media":0,"comment_status":"closed","ping_status":"open","sticky":false,"template":"","format":"standard","meta":{"_monsterinsights_skip_tracking":false,"_monsterinsights_sitenote_active":false,"_monsterinsights_sitenote_note":"","_monsterinsights_sitenote_category":0},"categories":[3,12],"tags":[],"_links":{"self":[{"href":"http:\/\/www.portaldelolleria.es\/index.php?rest_route=\/wp\/v2\/posts\/26466"}],"collection":[{"href":"http:\/\/www.portaldelolleria.es\/index.php?rest_route=\/wp\/v2\/posts"}],"about":[{"href":"http:\/\/www.portaldelolleria.es\/index.php?rest_route=\/wp\/v2\/types\/post"}],"author":[{"embeddable":true,"href":"http:\/\/www.portaldelolleria.es\/index.php?rest_route=\/wp\/v2\/users\/1"}],"replies":[{"embeddable":true,"href":"http:\/\/www.portaldelolleria.es\/index.php?rest_route=%2Fwp%2Fv2%2Fcomments&post=26466"}],"version-history":[{"count":2,"href":"http:\/\/www.portaldelolleria.es\/index.php?rest_route=\/wp\/v2\/posts\/26466\/revisions"}],"predecessor-version":[{"id":26469,"href":"http:\/\/www.portaldelolleria.es\/index.php?rest_route=\/wp\/v2\/posts\/26466\/revisions\/26469"}],"wp:attachment":[{"href":"http:\/\/www.portaldelolleria.es\/index.php?rest_route=%2Fwp%2Fv2%2Fmedia&parent=26466"}],"wp:term":[{"taxonomy":"category","embeddable":true,"href":"http:\/\/www.portaldelolleria.es\/index.php?rest_route=%2Fwp%2Fv2%2Fcategories&post=26466"},{"taxonomy":"post_tag","embeddable":true,"href":"http:\/\/www.portaldelolleria.es\/index.php?rest_route=%2Fwp%2Fv2%2Ftags&post=26466"}],"curies":[{"name":"wp","href":"https:\/\/api.w.org\/{rel}","templated":true}]}}