{"id":26476,"date":"2021-01-30T19:20:53","date_gmt":"2021-01-30T17:20:53","guid":{"rendered":"http:\/\/www.portaldelolleria.es\/?p=26476"},"modified":"2021-01-30T19:23:31","modified_gmt":"2021-01-30T17:23:31","slug":"la-generalitat-valenciana-amplia-hasta-el-15-de-febrero-la-prohibicion-de-entrenamientos-y-competiciones-territoriales","status":"publish","type":"post","link":"http:\/\/www.portaldelolleria.es\/?p=26476","title":{"rendered":"La Generalitat Valenciana ampl\u00eda hasta el 15 de febrero la prohibici\u00f3n de entrenamientos y competiciones territoriales"},"content":{"rendered":"<p><a href=\"http:\/\/www.portaldelolleria.es\/wp-content\/uploads\/2021\/01\/vwc509rl.jpg\"><img loading=\"lazy\" class=\"aligncenter size-full wp-image-26479\" title=\"vwc509rl\" src=\"http:\/\/www.portaldelolleria.es\/wp-content\/uploads\/2021\/01\/vwc509rl.jpg\" alt=\"\" width=\"598\" height=\"367\" srcset=\"http:\/\/www.portaldelolleria.es\/wp-content\/uploads\/2021\/01\/vwc509rl.jpg 598w, http:\/\/www.portaldelolleria.es\/wp-content\/uploads\/2021\/01\/vwc509rl-300x184.jpg 300w\" sizes=\"(max-width: 598px) 100vw, 598px\" \/><\/a><\/p>\n<p><span style=\"color: #808080;\"><em>ffcv.es, 30\/01\/2021<\/em><\/span><\/p>\n<h3>La Generalitat Valenciana ampl\u00eda hasta el 15 de febrero la prohibici\u00f3n de entrenamientos y competiciones territoriales<\/h3>\n<p>La <strong>Generalitat Valenciana <\/strong>ha ampliado hasta el pr\u00f3ximo 15 de febrero la prohibici\u00f3n de entrenamientos y competiciones territoriales debido a la crisis de la <strong>COVID-19<\/strong>.<\/p>\n<p>Por tanto, la situaci\u00f3n se mantendr\u00e1 como est\u00e1 en la actualidad hasta el pr\u00f3ximo d\u00eda 15 de febrero.<\/p>\n<p>Aqu\u00ed puedes consultar la resoluci\u00f3n que ha publicado hoy la <strong>Conselleria de Sanitat Universal i Salut P\u00fablica<\/strong>\u00a0de la\u00a0<strong>Generalitat Valenciana<\/strong>:<\/p>\n<div><a href=\"https:\/\/ffcv.es\/wp\/wp-content\/uploads\/2021\/01\/Resolucio\u0301n-GVA-2901.pdf\">Resolucio\u0301n GVA 29\/01<\/a><a href=\"https:\/\/ffcv.es\/wp\/wp-content\/uploads\/2021\/01\/Resolucio\u0301n-GVA-2901.pdf\">Descarga<\/a><\/div>\n<p>No se podr\u00e1n celebrar ni competiciones ni entrenamientos de equipos en categor\u00edas territoriales pero s\u00ed que podr\u00e1n seguir entrenando y compitiendo los equipos de categor\u00edas nacionales, cumpliendo siempre de manera escrupulosa con todos los protocolos sanitarios.<\/p>\n<p>La <strong>FFCV<\/strong> contemplar\u00e1 dos semanas de entrenamientos antes de volver a la competici\u00f3n una vez finalice la prohibici\u00f3n.<\/p>\n<p>La <strong>FFCV<\/strong> agradece la madurez y la fuerza con las que nuestro f\u00fatbol y f\u00fatbol sala est\u00e1n afrontando las dif\u00edciles circunstancias originadas por la pandemia.<\/p>\n<p>ver noticia original en la <a href=\"https:\/\/ffcv.es\/wp\/blog\/2021\/01\/30\/la-generalitat-valenciana-amplia-hasta-el-15-de-febrero-la-prohibicion-de-entrenamientos-y-competiciones-territoriales\/?fbclid=IwAR0diSTBPh9pOTT-5BAvCj59RxePGvt9BLgKiOet74sDzVRovNlJjuAL724\" target=\"_blank\">web de la Federaci\u00f3n<\/a><\/p>\n","protected":false},"excerpt":{"rendered":"<p>ffcv.es, 30\/01\/2021 La Generalitat Valenciana ampl\u00eda hasta el 15 de febrero la prohibici\u00f3n de entrenamientos y competiciones territoriales La Generalitat Valenciana ha ampliado hasta el pr\u00f3ximo 15 de febrero la prohibici\u00f3n de entrenamientos y competiciones territoriales debido a la crisis de la COVID-19. Por tanto, la situaci\u00f3n se mantendr\u00e1 como est\u00e1 en la actualidad hasta [&hellip;]<\/p>\n","protected":false},"author":1,"featured_media":0,"comment_status":"closed","ping_status":"open","sticky":false,"template":"","format":"standard","meta":{"_monsterinsights_skip_tracking":false,"_monsterinsights_sitenote_active":false,"_monsterinsights_sitenote_note":"","_monsterinsights_sitenote_category":0},"categories":[9,12],"tags":[],"_links":{"self":[{"href":"http:\/\/www.portaldelolleria.es\/index.php?rest_route=\/wp\/v2\/posts\/26476"}],"collection":[{"href":"http:\/\/www.portaldelolleria.es\/index.php?rest_route=\/wp\/v2\/posts"}],"about":[{"href":"http:\/\/www.portaldelolleria.es\/index.php?rest_route=\/wp\/v2\/types\/post"}],"author":[{"embeddable":true,"href":"http:\/\/www.portaldelolleria.es\/index.php?rest_route=\/wp\/v2\/users\/1"}],"replies":[{"embeddable":true,"href":"http:\/\/www.portaldelolleria.es\/index.php?rest_route=%2Fwp%2Fv2%2Fcomments&post=26476"}],"version-history":[{"count":5,"href":"http:\/\/www.portaldelolleria.es\/index.php?rest_route=\/wp\/v2\/posts\/26476\/revisions"}],"predecessor-version":[{"id":26483,"href":"http:\/\/www.portaldelolleria.es\/index.php?rest_route=\/wp\/v2\/posts\/26476\/revisions\/26483"}],"wp:attachment":[{"href":"http:\/\/www.portaldelolleria.es\/index.php?rest_route=%2Fwp%2Fv2%2Fmedia&parent=26476"}],"wp:term":[{"taxonomy":"category","embeddable":true,"href":"http:\/\/www.portaldelolleria.es\/index.php?rest_route=%2Fwp%2Fv2%2Fcategories&post=26476"},{"taxonomy":"post_tag","embeddable":true,"href":"http:\/\/www.portaldelolleria.es\/index.php?rest_route=%2Fwp%2Fv2%2Ftags&post=26476"}],"curies":[{"name":"wp","href":"https:\/\/api.w.org\/{rel}","templated":true}]}}