{"id":26532,"date":"2021-02-09T20:22:13","date_gmt":"2021-02-09T18:22:13","guid":{"rendered":"http:\/\/www.portaldelolleria.es\/?p=26532"},"modified":"2021-02-09T20:22:13","modified_gmt":"2021-02-09T18:22:13","slug":"lolleria-vuelve-a-sumar-contagios-mientras-las-demas-localidades-descienden","status":"publish","type":"post","link":"http:\/\/www.portaldelolleria.es\/?p=26532","title":{"rendered":"L&#8217;Olleria vuelve a sumar contagios mientras las dem\u00e1s localidades descienden"},"content":{"rendered":"<p style=\"text-align: justify;\"><a href=\"http:\/\/www.portaldelolleria.es\/wp-content\/uploads\/2021\/02\/COVID19_5.jpg\"><img loading=\"lazy\" class=\"aligncenter size-full wp-image-26534\" title=\"COVID19_5\" src=\"http:\/\/www.portaldelolleria.es\/wp-content\/uploads\/2021\/02\/COVID19_5.jpg\" alt=\"\" width=\"598\" height=\"369\" srcset=\"http:\/\/www.portaldelolleria.es\/wp-content\/uploads\/2021\/02\/COVID19_5.jpg 598w, http:\/\/www.portaldelolleria.es\/wp-content\/uploads\/2021\/02\/COVID19_5-300x185.jpg 300w\" sizes=\"(max-width: 598px) 100vw, 598px\" \/><\/a><\/p>\n<p style=\"text-align: justify;\">L&#8217;Olleria vuelve a sumar positivos mientras las dem\u00e1s localidades pr\u00f3ximas prosiguen con el descenso generalizado que se est\u00e1 registrando en la Comunitat Valenciana.\u00a0 De hecho, junto a Guadassequies que suma dos positivos m\u00e1s, L\u00b4Olleria contabiliza una subida de 7 contagios respecto al \u00faltimo registro en parte debido a un brote educativo contabilizado hace unos d\u00edas.\u00a0 El registro final eleva a 102 positivos y una incidencia de 1231, que nos indica que tenemos todav\u00eda un largo camino hasta conseguir unos resultadosa razonables. Son significativos los descensos en Albaida y Aielo de Malferit,\u00a0 acompa\u00f1ados de buenos resultados como en Canals.\u00a0 La tendenc\u00eda en la zona es que el nivel de contagios remite.<\/p>\n<p>&nbsp;<\/p>\n<p><a href=\"http:\/\/www.portaldelolleria.es\/wp-content\/uploads\/2021\/02\/mapa_5.jpg\"><img loading=\"lazy\" class=\"aligncenter size-full wp-image-26533\" title=\"mapa_5\" src=\"http:\/\/www.portaldelolleria.es\/wp-content\/uploads\/2021\/02\/mapa_5.jpg\" alt=\"\" width=\"598\" height=\"454\" srcset=\"http:\/\/www.portaldelolleria.es\/wp-content\/uploads\/2021\/02\/mapa_5.jpg 598w, http:\/\/www.portaldelolleria.es\/wp-content\/uploads\/2021\/02\/mapa_5-300x227.jpg 300w\" sizes=\"(max-width: 598px) 100vw, 598px\" \/><\/a><\/p>\n<p>&nbsp;<\/p>\n<p>09\/02\/2021<\/p>\n<div style=\"text-align: justify;\"><strong>La Comunitat Valenciana registra 4.310 nuevos casos de coronavirus y 7.565 altas<\/strong><\/div>\n<p style=\"text-align: justify;\"><strong>&#8211; Sanidad ha administrado ya 198.579 dosis de la vacuna contra el coronavirus<br \/>\n&#8211; Nuevos positivos por provincias: 606 en Castell\u00f3n, 1.658 en Alicante, 2.046 en la provincia de Valencia<\/strong><\/p>\n<p>La Comunitat Valenciana ha administrado un total de 198.579 dosis de la vacuna contra el coronavirus. Por provincias, 26.971 en Castell\u00f3n, 74.378 en Alicante y 97.230 en Valencia. Han recibido las dos dosis de la vacuna 88.412 personas.<\/p>\n<p>Por otro lado, se han registrado 4.310 casos nuevos de coronavirus confirmados por prueba PCR o a trav\u00e9s de test de ant\u00edgenos desde la \u00faltima actualizaci\u00f3n, que sit\u00faan la cifra total de positivos en 352.502 personas.<\/p>\n<p>Por provincias, la distribuci\u00f3n de nuevos positivos es la siguiente: 606 en Castell\u00f3n (36.016 en total), 1.658 en Alicante (132.844 en total) y 2.046 en la provincia de Valencia (183.365 en total). Adem\u00e1s, se han reasignado dos casos, por lo que el total de casos sin asignar son 7.<\/p>\n<p>Tambi\u00e9n se han registrado 104 fallecimientos por coronavirus desde la \u00faltima actualizaci\u00f3n, por lo que el total de defunciones desde el inicio de la pandemia es de 5.582 personas: 666 en la provincia de Castell\u00f3n, 2.064 en la de Alicante y 2.852 en la de Valencia.<\/p>\n<p>Los hospitales valencianos tienen, actualmente, 3.235 personas ingresadas: 337 en la provincia de Castell\u00f3n, con 53 pacientes en UCI; 1.299 en la provincia de Alicante, 232 de ellos en la UCI; y 1.599 en la provincia de Valencia, 317 de ellos en UCI.<\/p>\n<p>Adem\u00e1s, desde la \u00faltima actualizaci\u00f3n se han registrado 7.565 altas a pacientes con coronavirus. De esta forma, ya son 307.269 personas en la Comunitat Valenciana las que han superado la enfermedad desde que comenz\u00f3 la pandemia. Por provincias, las altas se distribuyen del siguiente modo: 31.677 en Castell\u00f3n, 113.971 en Alicante y 161.562 en Valencia, adem\u00e1s de 59 no asignadas.<\/p>\n<p>De acuerdo con los datos registrados, en estos momentos hay 51.129 casos activos, lo que supone un 14,05% del total de positivos.<\/p>\n<p><strong>Actualizaci\u00f3n de la situaci\u00f3n en residencias<\/strong><\/p>\n<p>Desde la \u00faltima actualizaci\u00f3n, hay alg\u00fan caso positivo en 168 residencias de mayores (16 en la provincia de Castell\u00f3n, 56 en la provincia de Alicante y 96 en la provincia de Valencia), 40 centros de diversidad funcional (2 en la provincia de Castell\u00f3n, 11 en la provincia de Alicante y 27 en la provincia de Valencia) y 8 centros de menores (5 en la provincia de Alicante y 3 en la provincia de Valencia).<br \/>\n&#8211; Residentes nuevos positivos: 19<br \/>\n&#8211; Trabajadores y trabajadoras nuevos positivos: 6<br \/>\n&#8211; Residentes que han fallecido: 38<\/p>\n<p>Actualmente, se encuentran bajo vigilancia activa de control sanitario 69 residencias en la Comunitat Valenciana: 9 en la provincia de Castell\u00f3n, 24 en la provincia de Alicante y 36 en la provincia de Valencia.<\/p>\n<p><strong>Actualizaci\u00f3n brotes de coronavirus<\/strong><\/p>\n<p>Se han registrado 70 brotes desde la \u00faltima actualizaci\u00f3n. Por provincias: 6 en Castell\u00f3n; 24 en Alicante y 40 en la provincia de Valencia.<\/p>\n<p>\u00b7 Val\u00e8ncia: 3 casos. Origen social<br \/>\n\u00b7 Genov\u00e9s: 6 casos. Origen social<br \/>\n\u00b7 Sagunto: 4 casos. Origen social<br \/>\n\u00b7 Onil: 3 casos. \u00c1mbito educativo<br \/>\n\u00b7 San Miguel de Salinas: 3 casos. \u00c1mbito educativo<br \/>\n\u00b7 Concentaina: 5 casos. \u00c1mbito educativo<br \/>\n\u00b7 T\u00e1rbena: 5 casos. Origen social<br \/>\n\u00b7 Rafelguaraf: 6 casos. Origen social<br \/>\n\u00b7 Torrevieja: 3 casos. \u00c1mbito educativo<br \/>\n\u00b7 Pe\u00f1\u00edscola: 3 casos. Origen social<br \/>\n\u00b7 Albatera: 6 casos. \u00c1mbito educativo<br \/>\n\u00b7 Val\u00e8ncia: 4 casos. Origen social<br \/>\n\u00b7 Vinar\u00f2s: 4 casos. Origen social<br \/>\n\u00b7 Torrevieja: 3 casos. Origen social<br \/>\n\u00b7 Pego: 3 casos. Origen social<br \/>\n\u00b7 Castell\u00f3: 5 casos. \u00c1mbito educativo<br \/>\n\u00b7 Finestrat: 4 casos. Origen social<br \/>\n\u00b7 Ibi: 4 casos. \u00c1mbito educativo<br \/>\n\u00b7 Orihuela: 5 casos. \u00c1mbito educativo<br \/>\n\u00b7 Orihuela: 7 casos. \u00c1mbito educativo<br \/>\n\u00b7 Quesa: 5 casos. Origen social<br \/>\n\u00b7 Benidorm: 9 casos. Origen social<br \/>\n\u00b7 Los Montesinos: 4 casos. \u00c1mbito educativo<br \/>\n\u00b7 La Font de la Figuera: 6 casos. Origen social<br \/>\n\u00b7 Vinar\u00f2s: 4 casos. Origen social<br \/>\n\u00b7 Bej\u00eds: 3 casos. Origen social<br \/>\n\u00b7 Altea: 4 casos. Origen social<br \/>\n\u00b7 Albaida: 6 casos. Origen social<br \/>\n\u00b7 Villajojoyosa: 9 casos. Origen social<br \/>\n\u00b7 Sagunto: 4 casos. Origen social<br \/>\n\u00b7 Chera: 5 casos. Origen social<br \/>\n\u00b7 Alboraya: 6 casos. Origen social<br \/>\n\u00b7 Requena: 5 casos. Origen social<br \/>\n\u00b7 Val\u00e8ncia: 5 casos. Origen social<br \/>\n\u00b7 Val\u00e8ncia: 4 casos. \u00c1mbito educativo<br \/>\n\u00b7 Val\u00e8ncia: 4 casos. Origen social<br \/>\n\u00b7 Val\u00e8ncia: 4 casos. \u00c1mbito educativo<br \/>\n\u00b7 Altea: 4 casos. Origen social<br \/>\n\u00b7 Callosa d&#8217;en Sarri\u00e0. 3 casos. Origen social<br \/>\n\u00b7 Castalla: 3 casos. \u00c1mbito educativo<br \/>\n\u00b7 Val\u00e8ncia: 6 casos. Origen social<br \/>\n\u00b7 Val\u00e8ncia: 4 casos. Origen social<br \/>\n\u00b7 La Nucia: 8 casos. Origen social<br \/>\n\u00b7 Pedreguer: 4 casos. Origen social<br \/>\n\u00b7 Callosa d&#8217;en Sarri\u00e0. 7 casos. Origen social<br \/>\n\u00b7 Cheste: 3 casos. \u00c1mbito educativo<br \/>\n\u00b7 Moncofa: 14 casos. \u00c1mbito educativo<br \/>\n\u00b7 Polop: 3 casos. Origen social<br \/>\n\u00b7 Val\u00e8ncia: 3 casos: \u00c1mbito educativo<br \/>\n\u00b7 Alicante: 5 casos. Origen social<br \/>\n\u00b7 Alzira: 4 casos. Origen laboral<br \/>\n\u00b7 Albal: 6 casos. Origen laboral<br \/>\n\u00b7 Guadass\u00e9quies: 5 casos. \u00c1mbito educativo<br \/>\n\u00b7 Alzira: 4 casos. Origen social<br \/>\n\u00b7 Carcaixent: 4 casos. Origen social<br \/>\n\u00b7 L&#8217;Alcora: 4 casos. \u00c1mbito educativo<br \/>\n\u00b7 Val\u00e8ncia: 5 casos. Origen social<br \/>\n\u00b7 Albalat de la Ribera: 6 casos. Origen social<br \/>\n\u00b7 Val\u00e8ncia: 12 casos. \u00c1mbito educativo<br \/>\n\u00b7 Pu\u00e7ol: 4 casos. Origen laboral<br \/>\n\u00b7 Almussafes: 7 casos. Origen social<br \/>\n\u00b7 Sagunto: 5 casos. Origen laboral<br \/>\n\u00b7 Albal: 4 casos. Origen social<br \/>\n\u00b7 Val\u00e8ncia: 3 casos. Origen social<br \/>\n\u00b7 Val\u00e8ncia: 4 casos. Origen social<br \/>\n\u00b7 Alzira: 4 casos. Origen social<br \/>\n\u00b7 Val\u00e8ncia: 5 casos. Origen social<br \/>\n\u00b7 Val\u00e8ncia: 4 casos. Origen social<br \/>\n\u00b7 Catadau: 3 casos. Origen social<br \/>\n\u00b7 Algemes\u00ed: 5 casos: Origen social<\/p>\n","protected":false},"excerpt":{"rendered":"<p>L&#8217;Olleria vuelve a sumar positivos mientras las dem\u00e1s localidades pr\u00f3ximas prosiguen con el descenso generalizado que se est\u00e1 registrando en la Comunitat Valenciana.\u00a0 De hecho, junto a Guadassequies que suma dos positivos m\u00e1s, L\u00b4Olleria contabiliza una subida de 7 contagios respecto al \u00faltimo registro en parte debido a un brote educativo contabilizado hace unos d\u00edas.\u00a0 [&hellip;]<\/p>\n","protected":false},"author":1,"featured_media":0,"comment_status":"closed","ping_status":"open","sticky":false,"template":"","format":"standard","meta":{"_monsterinsights_skip_tracking":false,"_monsterinsights_sitenote_active":false,"_monsterinsights_sitenote_note":"","_monsterinsights_sitenote_category":0},"categories":[10,12],"tags":[],"_links":{"self":[{"href":"http:\/\/www.portaldelolleria.es\/index.php?rest_route=\/wp\/v2\/posts\/26532"}],"collection":[{"href":"http:\/\/www.portaldelolleria.es\/index.php?rest_route=\/wp\/v2\/posts"}],"about":[{"href":"http:\/\/www.portaldelolleria.es\/index.php?rest_route=\/wp\/v2\/types\/post"}],"author":[{"embeddable":true,"href":"http:\/\/www.portaldelolleria.es\/index.php?rest_route=\/wp\/v2\/users\/1"}],"replies":[{"embeddable":true,"href":"http:\/\/www.portaldelolleria.es\/index.php?rest_route=%2Fwp%2Fv2%2Fcomments&post=26532"}],"version-history":[{"count":1,"href":"http:\/\/www.portaldelolleria.es\/index.php?rest_route=\/wp\/v2\/posts\/26532\/revisions"}],"predecessor-version":[{"id":26535,"href":"http:\/\/www.portaldelolleria.es\/index.php?rest_route=\/wp\/v2\/posts\/26532\/revisions\/26535"}],"wp:attachment":[{"href":"http:\/\/www.portaldelolleria.es\/index.php?rest_route=%2Fwp%2Fv2%2Fmedia&parent=26532"}],"wp:term":[{"taxonomy":"category","embeddable":true,"href":"http:\/\/www.portaldelolleria.es\/index.php?rest_route=%2Fwp%2Fv2%2Fcategories&post=26532"},{"taxonomy":"post_tag","embeddable":true,"href":"http:\/\/www.portaldelolleria.es\/index.php?rest_route=%2Fwp%2Fv2%2Ftags&post=26532"}],"curies":[{"name":"wp","href":"https:\/\/api.w.org\/{rel}","templated":true}]}}