{"id":26536,"date":"2021-02-09T20:51:46","date_gmt":"2021-02-09T18:51:46","guid":{"rendered":"http:\/\/www.portaldelolleria.es\/?p=26536"},"modified":"2021-02-09T20:51:46","modified_gmt":"2021-02-09T18:51:46","slug":"el-hospital-lluis-alcanyis-de-xativa-mejora-su-red-de-climatizacion-y-tratamiento-de-aire","status":"publish","type":"post","link":"http:\/\/www.portaldelolleria.es\/?p=26536","title":{"rendered":"El Hospital Llu\u00eds Alcany\u00eds de X\u00e0tiva mejora su red de climatizaci\u00f3n y tratamiento de aire"},"content":{"rendered":"<p><a href=\"http:\/\/www.portaldelolleria.es\/wp-content\/uploads\/2021\/02\/CLIMATIZACION01.jpg\"><img loading=\"lazy\" class=\"aligncenter size-full wp-image-26538\" title=\"CLIMATIZACION01\" src=\"http:\/\/www.portaldelolleria.es\/wp-content\/uploads\/2021\/02\/CLIMATIZACION01.jpg\" alt=\"\" width=\"598\" height=\"394\" srcset=\"http:\/\/www.portaldelolleria.es\/wp-content\/uploads\/2021\/02\/CLIMATIZACION01.jpg 598w, http:\/\/www.portaldelolleria.es\/wp-content\/uploads\/2021\/02\/CLIMATIZACION01-300x197.jpg 300w\" sizes=\"(max-width: 598px) 100vw, 598px\" \/><\/a><\/p>\n<p>&nbsp;<\/p>\n<p>&nbsp;<\/p>\n<p style=\"text-align: justify;\"><strong>El Hospital Llu\u00eds Alcany\u00eds de X\u00e0tiva mejora su red de climatizaci\u00f3n y tratamiento de aire<\/strong><\/p>\n<ul style=\"text-align: justify;\">\n<li>El objetivo es una mayor potencia en climatizaci\u00f3n y filtrado as\u00ed como ventilaci\u00f3n y eficiencia energ\u00e9tica<\/li>\n<\/ul>\n<ul style=\"text-align: justify;\">\n<li>La inversi\u00f3n contempla tambi\u00e9n la instalaci\u00f3n de purificadores de aire y generaci\u00f3n de \u00e1reas especiales para pacientes infecciosos<\/li>\n<\/ul>\n<p style=\"text-align: justify;\"><strong>X\u00e0tiva (09.02.2021) <\/strong>El Hospital Llu\u00eds Alcany\u00eds de X\u00e0tiva est\u00e1 ampliando y mejorando la capacidad de su red de climatizaci\u00f3n y ventilaci\u00f3n interior con objeto de contar con una mayor calidad del aire en todo el centro y, en concreto, en las zonas donde se atienden pacientes con Covid 19.<\/p>\n<p style=\"text-align: justify;\">Con esta finalidad, se han invertido 874.428 euros en la instalaci\u00f3n del nuevo equipamiento de climatizaci\u00f3n y tratamiento de aire, que ya ha comenzado. Estos nuevos equipos cuentan con la \u00faltima tecnolog\u00eda en climatizaci\u00f3n, filtrado y eficiencia.<\/p>\n<p style=\"text-align: justify;\">La mejora de la calidad del aire y climatizaci\u00f3n que se est\u00e1 llevando a cabo incorpora adem\u00e1s recuperadores de energ\u00eda calor\u00edfica que aumentan su eficacia y mantienen un alto grado de eficiencia energ\u00e9tica acorde con la pol\u00edtica de reducci\u00f3n de emisiones de CO<sup>2<\/sup> que mantiene el Departamento de Salud X\u00e0tiva-Ontinyent.<\/p>\n<p style=\"text-align: justify;\">La instalaci\u00f3n de los nuevos equipos va a permitir renovar el aire y mantenerlo con la mayor pureza posible, especialmente en zonas muy concretas donde se atienden pacientes con infecci\u00f3n respiratoria, como los servicios de urgencias y las plantas con hospitalizaci\u00f3n de pacientes Covid.<\/p>\n<p style=\"text-align: justify;\"><strong>Sensibles a la calidad del aire<\/strong><\/p>\n<p style=\"text-align: justify;\">El Servicio de Mantenimiento del Hospital, desde el inicio de la pandemia, se ha mostrado sensible con los estudios cient\u00edficos que avalan, cada d\u00eda m\u00e1s, la teor\u00eda sobre la capacidad de transmisi\u00f3n del virus de la Covid 19 por aerosoles. As\u00ed, durante las primeras semanas de abril, procedi\u00f3 a cerrar la recirculaci\u00f3n del aire interior, generando un mayor aporte de aire exterior y manteniendo el m\u00ednimo tiempo posible el aire en los interiores.<\/p>\n<p style=\"text-align: justify;\">Las nuevas instalaciones vienen a adaptarse a la legislaci\u00f3n que requieren actualmente las nuevas climatizaciones de espacios sanitarios, integrando adem\u00e1s del filtrado y la recuperaci\u00f3n de energ\u00eda, el uso de filtros HEPA y la realizaci\u00f3n peri\u00f3dica de mediciones y registros tanto de la velocidad del aire, la ocupaci\u00f3n de estancias, la temperatura y los niveles de CO<sup>2<\/sup>.<\/p>\n<p style=\"text-align: justify;\">Esta tecnolog\u00eda en climatizaci\u00f3n que se est\u00e1 instalando tiene tambi\u00e9n como objetivo la generaci\u00f3n de la llamada presi\u00f3n negativa en determinadas zonas del hospital. En estas zonas, se va a extraer y filtrar m\u00e1s aire del que se introduce consiguiendo as\u00ed las condiciones id\u00f3neas para una zona de patolog\u00edas infecciosas.<\/p>\n<p style=\"text-align: justify;\">La instalaci\u00f3n de este equipamiento la est\u00e1 llevando a cabo el \u00e1rea de Mantenimiento del Departamento, junto a personal t\u00e9cnico de empresas externas.<\/p>\n<p style=\"text-align: justify;\">En cuanto al tratamiento del aire interior, el centro ha instalado desde el inicio de la pandemia 28 purificadores de aire distribuidos entre Servicios y centros con mayor dificultad arquitect\u00f3nica para generar ventilaci\u00f3n natural.<\/p>\n<p style=\"text-align: justify;\">Tambi\u00e9n desde el pasado mes de octubre funciona un nuevo equipamiento para dotar de mayor potencia de climatizaci\u00f3n a aquellas plantas y servicios que sufr\u00edan deficiencias debido a la antig\u00fcedad de la red que no ha tenido ninguna renovaci\u00f3n como la actual desde la construcci\u00f3n del Hospital en 1984.<\/p>\n<p style=\"text-align: justify;\">_______________________________<\/p>\n<p style=\"text-align: justify;\"><a href=\"http:\/\/www.portaldelolleria.es\/wp-content\/uploads\/2021\/02\/20200812_112514.jpg\"><img loading=\"lazy\" class=\"aligncenter size-full wp-image-26537\" title=\"20200812_112514\" src=\"http:\/\/www.portaldelolleria.es\/wp-content\/uploads\/2021\/02\/20200812_112514.jpg\" alt=\"\" width=\"598\" height=\"314\" srcset=\"http:\/\/www.portaldelolleria.es\/wp-content\/uploads\/2021\/02\/20200812_112514.jpg 598w, http:\/\/www.portaldelolleria.es\/wp-content\/uploads\/2021\/02\/20200812_112514-300x157.jpg 300w\" sizes=\"(max-width: 598px) 100vw, 598px\" \/><\/a><\/p>\n<p style=\"text-align: justify;\"><span style=\"color: #003366;\"><strong>L&#8217;Hospital Llu\u00eds Alcany\u00eds de X\u00e0tiva millora la seua xarxa de climatitzaci\u00f3 i tractament d&#8217;aire<\/strong><\/span><\/p>\n<ul style=\"text-align: justify;\">\n<li><span style=\"color: #003366;\">L&#8217;objectiu \u00e9s una major pot\u00e8ncia en climatitzaci\u00f3 i filtrat aix\u00ed com ventilaci\u00f3 i efici\u00e8ncia energ\u00e8tica<\/span><\/li>\n<\/ul>\n<ul style=\"text-align: justify;\">\n<li><span style=\"color: #003366;\">La inversi\u00f3 contempla tamb\u00e9 la instal\u00b7laci\u00f3 de purificadors d&#8217;aire i generaci\u00f3 d&#8217;\u00e0rees especials per a pacients infecciosos<\/span><\/li>\n<\/ul>\n<p style=\"text-align: justify;\"><span style=\"color: #003366;\"><strong>X\u00e0tiva (09.02.2021) <\/strong>L&#8217;Hospital Llu\u00eds Alcany\u00eds de X\u00e0tiva est\u00e0 ampliant i millorant la capacitat de la seua xarxa de climatitzaci\u00f3 i ventilaci\u00f3 interior a fi de comptar amb una major qualitat de l&#8217;aire en tot el centre i, en concret, en les zones on s&#8217;atenen pacients amb Covid 19.<\/span><\/p>\n<p style=\"text-align: justify;\"><span style=\"color: #003366;\">Amb esta finalitat, s&#8217;han invertit 874.428 euros en la instal\u00b7laci\u00f3 del nou equipament de climatitzaci\u00f3 i tractament d&#8217;aire, que ja ha comen\u00e7at. Estos nous equips compten amb l&#8217;\u00faltima tecnologia en climatitzaci\u00f3, filtrat i efici\u00e8ncia.<\/span><\/p>\n<p style=\"text-align: justify;\"><span style=\"color: #003366;\">La millora de la qualitat de l&#8217;aire i climatitzaci\u00f3 que s&#8217;est\u00e0 duent a terme incorpora a m\u00e9s recuperadors d&#8217;energia calor\u00edfica que augmenten la seua efic\u00e0cia i mantenen un alt grau d&#8217;efici\u00e8ncia energ\u00e8tica d&#8217;acord amb la pol\u00edtica de reducci\u00f3 d&#8217;emissions de CO<sup>2<\/sup> que mant\u00e9 el Departament de Salut <a href=\"#_msocom_1\"><span style=\"color: #003366;\">[Salt4.d.t1]<\/span><\/a>\u00a0X\u00e0tiva-Ontinyent.<\/span><\/p>\n<p style=\"text-align: justify;\"><span style=\"color: #003366;\">La instal\u00b7laci\u00f3 dels nous equips permetr\u00e0 renovar l&#8217;aire i <a href=\"#_msocom_2\"><span style=\"color: #003366;\">[Salt4.d.t2]<\/span><\/a>\u00a0mantindre-ho amb la major puresa possible, especialment en zones molt concretes on s&#8217;atenen pacients amb infecci\u00f3 respirat\u00f2ria, com els servicis d&#8217;urg\u00e8ncies i les plantes amb hospitalitzaci\u00f3 de pacients Covid.<\/span><\/p>\n<p style=\"text-align: justify;\"><span style=\"color: #003366;\"><strong>Sensibles a la qualitat de l&#8217;aire<\/strong><\/span><\/p>\n<p style=\"text-align: justify;\"><span style=\"color: #003366;\">El Servei de Manteniment de l&#8217;Hospital, des de l&#8217;inici de la pand\u00e8mia, s&#8217;ha mostrat sensible amb els estudis cient\u00edfics que avalen, cada dia m\u00e9s, la teoria sobre la capacitat de transmissi\u00f3 del virus de la Covid 19 per aerosols. Aix\u00ed, durant les primeres setmanes d&#8217;abril, va procedir a tancar la recirculaci\u00f3 de l&#8217;aire interior, generant una major aportaci\u00f3 d&#8217;aire exterior i mantenint el m\u00ednim temps possible l&#8217;aire en els interiors.<\/span><\/p>\n<p style=\"text-align: justify;\"><span style=\"color: #003366;\">Les noves instal\u00b7lacions v\u00e9nen a adaptar-se a la legislaci\u00f3 que requerixen actualment les noves climatitzacions d&#8217;espais sanitaris, integrant a m\u00e9s del filtrat i la recuperaci\u00f3 d&#8217;energia, l&#8217;\u00fas de filtres HEPA i la realitzaci\u00f3 peri\u00f2dica de mesuraments i <a href=\"#_msocom_3\"><span style=\"color: #003366;\">[Salt4.d.t3]<\/span><\/a>\u00a0registres tant de la velocitat de l&#8217;aire, l&#8217;ocupaci\u00f3 <a href=\"#_msocom_4\"><span style=\"color: #003366;\">[Salt4.d.t4]<\/span><\/a>\u00a0d&#8217;espais, la temperatura i els nivells de CO<sup>2<\/sup>.<\/span><\/p>\n<p style=\"text-align: justify;\"><span style=\"color: #003366;\">Esta tecnologia en climatitzaci\u00f3 que s&#8217;est\u00e0 instal\u00b7lant t\u00e9 tamb\u00e9 com a objectiu la generaci\u00f3 de l&#8217;anomenada pressi\u00f3 negativa en determinades zones de l&#8217;hospital. En estes zones, es va a extraure i filtrar m\u00e9s aire de qu\u00e8 s&#8217;introdu\u00efx aconseguint aix\u00ed les condicions id\u00f2nies per a una zona de patologies infeccioses.<\/span><\/p>\n<p style=\"text-align: justify;\"><span style=\"color: #003366;\">La instal\u00b7laci\u00f3 d&#8217;este equipament l&#8217;est\u00e0 duent a terme el Servei de Manteniment del Departament, junt amb personal t\u00e8cnic d&#8217;empreses externes.<\/span><\/p>\n<p style=\"text-align: justify;\"><span style=\"color: #003366;\">Quant al tractament de l&#8217;aire interior, el centre ha instal\u00b7lat des de l&#8217;inici de la pand\u00e8mia 28 purificadors d&#8217;aire distribu\u00efts entre Serveis i centres amb m\u00e9s dificultat arquitect\u00f2nica per a generar ventilaci\u00f3 natural.<\/span><\/p>\n<p style=\"text-align: justify;\"><span style=\"color: #003366;\">Tamb\u00e9 des del passat mes d&#8217;octubre funciona un nou equipament per a dotar de major pot\u00e8ncia de climatitzaci\u00f3 a aquelles plantes i serveis que patien defici\u00e8ncies degut a l&#8217;antiguitat de la xarxa que no ha tingut cap renovaci\u00f3 com l&#8217;actual des de la construcci\u00f3 de l&#8217;Hospital en 1984.<\/span><\/p>\n","protected":false},"excerpt":{"rendered":"<p>&nbsp; &nbsp; El Hospital Llu\u00eds Alcany\u00eds de X\u00e0tiva mejora su red de climatizaci\u00f3n y tratamiento de aire El objetivo es una mayor potencia en climatizaci\u00f3n y filtrado as\u00ed como ventilaci\u00f3n y eficiencia energ\u00e9tica La inversi\u00f3n contempla tambi\u00e9n la instalaci\u00f3n de purificadores de aire y generaci\u00f3n de \u00e1reas especiales para pacientes infecciosos X\u00e0tiva (09.02.2021) El Hospital [&hellip;]<\/p>\n","protected":false},"author":1,"featured_media":0,"comment_status":"closed","ping_status":"open","sticky":false,"template":"","format":"standard","meta":{"_monsterinsights_skip_tracking":false,"_monsterinsights_sitenote_active":false,"_monsterinsights_sitenote_note":"","_monsterinsights_sitenote_category":0},"categories":[3,12],"tags":[],"_links":{"self":[{"href":"http:\/\/www.portaldelolleria.es\/index.php?rest_route=\/wp\/v2\/posts\/26536"}],"collection":[{"href":"http:\/\/www.portaldelolleria.es\/index.php?rest_route=\/wp\/v2\/posts"}],"about":[{"href":"http:\/\/www.portaldelolleria.es\/index.php?rest_route=\/wp\/v2\/types\/post"}],"author":[{"embeddable":true,"href":"http:\/\/www.portaldelolleria.es\/index.php?rest_route=\/wp\/v2\/users\/1"}],"replies":[{"embeddable":true,"href":"http:\/\/www.portaldelolleria.es\/index.php?rest_route=%2Fwp%2Fv2%2Fcomments&post=26536"}],"version-history":[{"count":1,"href":"http:\/\/www.portaldelolleria.es\/index.php?rest_route=\/wp\/v2\/posts\/26536\/revisions"}],"predecessor-version":[{"id":26539,"href":"http:\/\/www.portaldelolleria.es\/index.php?rest_route=\/wp\/v2\/posts\/26536\/revisions\/26539"}],"wp:attachment":[{"href":"http:\/\/www.portaldelolleria.es\/index.php?rest_route=%2Fwp%2Fv2%2Fmedia&parent=26536"}],"wp:term":[{"taxonomy":"category","embeddable":true,"href":"http:\/\/www.portaldelolleria.es\/index.php?rest_route=%2Fwp%2Fv2%2Fcategories&post=26536"},{"taxonomy":"post_tag","embeddable":true,"href":"http:\/\/www.portaldelolleria.es\/index.php?rest_route=%2Fwp%2Fv2%2Ftags&post=26536"}],"curies":[{"name":"wp","href":"https:\/\/api.w.org\/{rel}","templated":true}]}}