{"id":26576,"date":"2021-02-16T20:10:56","date_gmt":"2021-02-16T18:10:56","guid":{"rendered":"http:\/\/www.portaldelolleria.es\/?p=26576"},"modified":"2021-02-16T20:11:35","modified_gmt":"2021-02-16T18:11:35","slug":"descenso-generalizado-de-positivos-en-lolleria-y-alrededores","status":"publish","type":"post","link":"http:\/\/www.portaldelolleria.es\/?p=26576","title":{"rendered":"Descenso generalizado de positivos en l&#8217;Olleria y alrededores."},"content":{"rendered":"<p style=\"text-align: justify;\"><a href=\"http:\/\/www.portaldelolleria.es\/wp-content\/uploads\/2021\/02\/COVID19_7.jpg\"><img loading=\"lazy\" class=\"aligncenter size-full wp-image-26578\" title=\"COVID19_7\" src=\"http:\/\/www.portaldelolleria.es\/wp-content\/uploads\/2021\/02\/COVID19_7.jpg\" alt=\"\" width=\"598\" height=\"369\" srcset=\"http:\/\/www.portaldelolleria.es\/wp-content\/uploads\/2021\/02\/COVID19_7.jpg 598w, http:\/\/www.portaldelolleria.es\/wp-content\/uploads\/2021\/02\/COVID19_7-300x185.jpg 300w\" sizes=\"(max-width: 598px) 100vw, 598px\" \/><\/a><\/p>\n<p style=\"text-align: justify;\">Descenso generalizado de positivos en l&#8217;Olleria y alrededores.\u00a0\u00a0 A pesar de que las cifras son altas, en todo lo que v\u00e1 de a\u00f1o\u00a0 es la primera vez que se percibe un importante descenso en l&#8217;Olleria y las poblaciones limitrofes, asi como los dos importantes n\u00facleos urbanos.<\/p>\n<p style=\"text-align: justify;\">L&#8217;Olleria reduce su cifra de contagios en 25 personas en los \u00faltimos 14 d\u00edas, situando en 75 el n\u00famero de afectados,\u00a0 con una incidencia acumulada (+14d\u00edas) de 905,69,\u00a0 muy por encima de la media nacional y de la Comunitat Valenciana (385 y 470 respectivamente).\u00a0\u00a0 En lo que al resto de poblaciones pr\u00f3ximas,\u00a0 destacar los importantes descensos de Canals y Albaida, (-40 y -35),\u00a0 y significativos los de los grandes n\u00facleos urbanos,\u00a0 X\u00e0tiva -86 y Ontinyent -72.\u00a0\u00a0\u00a0 S\u00f3lo cabe lamentar el aumento de 2 positivos en Montaverner, que dada la tendencia general es un hecho puntual.<\/p>\n<p style=\"text-align: justify;\">Las buenas noticias no\u00a0 implican que esto ya est\u00e1 hecho, ni superado hasta la pr\u00f3xima.\u00a0 Mantenga la pautas de prevenci\u00f3n,\u00a0 uso de mascarilla y distancia social.\u00a0 S\u00f3lo as\u00ed podremos ver como siguen mejorando los datos.<\/p>\n<p>&nbsp;<\/p>\n<p><a href=\"http:\/\/www.portaldelolleria.es\/wp-content\/uploads\/2021\/02\/mapa7.jpg\"><img loading=\"lazy\" class=\"aligncenter size-full wp-image-26577\" title=\"mapa7\" src=\"http:\/\/www.portaldelolleria.es\/wp-content\/uploads\/2021\/02\/mapa7.jpg\" alt=\"\" width=\"598\" height=\"529\" srcset=\"http:\/\/www.portaldelolleria.es\/wp-content\/uploads\/2021\/02\/mapa7.jpg 598w, http:\/\/www.portaldelolleria.es\/wp-content\/uploads\/2021\/02\/mapa7-300x265.jpg 300w\" sizes=\"(max-width: 598px) 100vw, 598px\" \/><\/a><\/p>\n<p style=\"text-align: justify;\"><em>Generalitat Valenciana. \u00daltima actualizaci\u00f3n de datos 16\/02\/2021<\/em><\/p>\n<div style=\"text-align: justify;\"><strong>La Comunitat Valenciana registra 2.065 nuevos casos de coronavirus y 5.074 altas<\/strong><\/div>\n<p style=\"text-align: justify;\"><strong>&#8211; Sanidad ha administrado ya 228.292 dosis de la vacuna contra el coronavirus<br \/>\n&#8211; Nuevos positivos por provincias: 185 en Castell\u00f3n, 924 en Alicante y 956 en la provincia de Valencia<\/strong><\/p>\n<p style=\"text-align: justify;\">La Comunitat Valenciana ha administrado un total de 228.292 dosis de la vacuna contra el coronavirus. Por provincias, 29.849 en Castell\u00f3n, 83.150 en Alicante y 115.293 en Valencia. Han recibido las dos dosis de la vacuna 96.288 personas.<br \/>\nPor otro lado, se han registrado 2.065 casos nuevos de coronavirus confirmados por prueba PCR o a trav\u00e9s de test de ant\u00edgenos desde la \u00faltima actualizaci\u00f3n, que sit\u00faan la cifra total de positivos en 366.872 personas.<\/p>\n<p style=\"text-align: justify;\">Por provincias, la distribuci\u00f3n de nuevos positivos es la siguiente: 185 en Castell\u00f3n (37.385 en total), 924 en Alicante (138.044 en total) y 956 en la provincia de Valencia (191.440 en total). Adem\u00e1s, el total de casos sin asignar en toda la Comunitat Valenciana asciende a 3.<\/p>\n<p style=\"text-align: justify;\">Desde la \u00faltima actualizaci\u00f3n se han registrado 5.074 altas a pacientes con coronavirus. De esta forma, ya son 345.026 personas en la Comunitat Valenciana las que han superado la enfermedad desde que comenz\u00f3 la pandemia. Por provincias, las altas se distribuyen del siguiente modo: 35.231en Castell\u00f3n, 129.059 en Alicante y 180.680 en Valencia, adem\u00e1s de 56 no asignadas.<\/p>\n<p style=\"text-align: justify;\">Los hospitales valencianos tienen, actualmente, 2.134 personas ingresadas: 238 en la provincia de Castell\u00f3n, con 34 pacientes en UCI; 881 en la provincia de Alicante, 181 de ellos en la UCI; y 1.015 en la provincia de Valencia, 250 de ellos en UCI.<\/p>\n<p style=\"text-align: justify;\">Adem\u00e1s, se han registrado 92 fallecimientos por coronavirus desde la \u00faltima actualizaci\u00f3n, por lo que el total de defunciones desde el inicio de la pandemia es de 6.094 personas: 704 en la provincia de Castell\u00f3n, 2.288 en la de Alicante y 3.102 en la de Valencia.<\/p>\n<p style=\"text-align: justify;\">De acuerdo con los datos registrados, en estos momentos hay 27.234 casos activos, lo que supone un 7,20% del total de positivos.<\/p>\n<p style=\"text-align: justify;\"><strong>Actualizaci\u00f3n de la situaci\u00f3n en residencias<\/strong><\/p>\n<p style=\"text-align: justify;\">Desde la \u00faltima actualizaci\u00f3n, hay alg\u00fan caso positivo en 144 residencias de mayores (15 en la provincia de Castell\u00f3n, 44 en la provincia de Alicante y 85 en la provincia de Valencia), 33 centros de diversidad funcional (3 en la provincia de Castell\u00f3n, 12 en la provincia de Alicante y 18 en la provincia de Valencia) y 9 centros de menores (5 en la provincia de Alicante y 4 en la provincia de Valencia).<br \/>\n&#8211; Residentes nuevos positivos: 4<br \/>\n&#8211; Trabajadores y trabajadoras nuevos positivos: 0<br \/>\n&#8211; Residentes que han fallecido: 24<\/p>\n<p style=\"text-align: justify;\">Actualmente, se encuentran bajo vigilancia activa de control sanitario 64 residencias en la Comunitat Valenciana: 9 en la provincia de Castell\u00f3n, 20 en la provincia de Alicante y 35 en la provincia de Valencia.<\/p>\n<p style=\"text-align: justify;\"><strong>Actualizaci\u00f3n brotes de coronavirus<\/strong><\/p>\n<p style=\"text-align: justify;\">Se han registrado 61 nuevos brotes desde la \u00faltima actualizaci\u00f3n. Por provincias: 42 en Valencia; 16 en Alicante y 3 en Castell\u00f3n.<\/p>\n<p style=\"text-align: justify;\">\u00b7 Alm\u00e0ssera: 3 casos. Origen social<br \/>\n\u00b7 Vinar\u00f2s: 3 casos. Origen social<br \/>\n\u00b7 Elda: 10 casos. \u00c1mbito educativo<br \/>\n\u00b7 Aielo de Malferit. 5 casos. Origen social<br \/>\n\u00b7 Enguera: 3 casos. Origen social<br \/>\n\u00b7 Orihuela: 3 casos. \u00c1mbito educativo<br \/>\n\u00b7 Massamagrell: 4 casos. Origen social<br \/>\n\u00b7 Moixent: 5 casos. Origen laboral<br \/>\n\u00b7 Elda: 4 casos. \u00c1mbito educativo<br \/>\n\u00b7 Burjassot: 4 casos. Origen social<br \/>\n\u00b7 X\u00e0tiva: 6 casos. Origen social<br \/>\n\u00b7 Aldaia: 9 casos. Origen laboral<br \/>\n\u00b7 Petrer: 4 casos. \u00c1mbito educativo<br \/>\n\u00b7 Godella: 3 casos. Origen social<br \/>\n\u00b7 Poliny\u00e0 del X\u00faquer: 4 casos. \u00c1mbito educativo<br \/>\n\u00b7 Petrer: 10 casos. \u00c1mbito educativo<br \/>\n\u00b7 Ontinyent: 3 casos. Origen laboral<br \/>\n\u00b7 Villajoyosa: 6 casos. Origen social<br \/>\n\u00b7 Petrer: 4 casos. \u00c1mbito educativo<br \/>\n\u00b7 Ontinyent: 6 casos. Origen social<br \/>\n\u00b7 La Pobla de Vallbona: 5 casos. Origen social<br \/>\n\u00b7 Estivella: 4 casos. Origen social<br \/>\n\u00b7 Val\u00e8ncia: 5 casos, Origen social<br \/>\n\u00b7 Alicante: 3 casos. \u00c1mbito educativo<br \/>\n\u00b7 Val\u00e8ncia: 3 casos. \u00c1mbito educativo<br \/>\n\u00b7 Val\u00e8ncia: 3 casos. \u00c1mbito educativo<br \/>\n\u00b7 Alboraya: 3 casos. Origen social<br \/>\n\u00b7 Alboraya: 5 casos. Origen social<br \/>\n\u00b7 Pinoso: 11 casos. \u00c1mbito educativo<br \/>\n\u00b7 Sagunto: 3 casos. Origen social<br \/>\n\u00b7 Burjassot: 4 casos, Origen social<br \/>\n\u00b7 Val\u00e8ncia: 5 casos. \u00c1mbito educativo<br \/>\n\u00b7 Pinoso: 8 casos. \u00c1mbito educativo<br \/>\n\u00b7 Benej\u00fazar: 4 casos. Origen laboral<br \/>\n\u00b7 Godelleta: 8 casos. Origen social<br \/>\n\u00b7 Alberic: 3 casos, Origen social<br \/>\n\u00b7 Val\u00e8ncia: 4 casos. Origen social<br \/>\n\u00b7 Alzira: 3 casos. Origen social<br \/>\n\u00b7 Vinar\u00f2s: 3 casos. Origen social<br \/>\n\u00b7 Sagunto; 4 casos. Origen social<br \/>\n\u00b7 Aldaia: 3 casos. \u00c1mbito educativo<br \/>\n\u00b7 Quart de Poblet: 8 casos. Origen social<br \/>\n\u00b7 El Puig de Santa Mar\u00eda: 3 casos. Origen social<br \/>\n\u00b7 Montroy: 4 casos. Origen social<br \/>\n\u00b7 Burjassot: 3 casos. \u00c1mbito educativo<br \/>\n\u00b7 Sagunto: 5 casos. Origen social<br \/>\n\u00b7 Elche: 6 casos. Origen laboral<br \/>\n\u00b7 Alicante: 3 casos. Origen social<br \/>\n\u00b7 Val\u00e8ncia: 8 casos. \u00c1mbito educativo<br \/>\n\u00b7 La Vall d&#8217;Uix\u00f3: 4 casos. Origen laboral<br \/>\n\u00b7 Val\u00e8ncia: 4 casos. Origen social<br \/>\n\u00b7 Val\u00e8ncia: 7 casos. Origen social<br \/>\n\u00b7 Val\u00e8ncia: 4 casos. Origen social<br \/>\n\u00b7 Pu\u00e7ol: 6 casos. Origen social<br \/>\n\u00b7 Alicante: 6 casos. Origen social<br \/>\n\u00b7 Val\u00e8ncia: 4 casos. Origen social<br \/>\n\u00b7 Alboraya: 3 casos. Origen social<br \/>\n\u00b7 Val\u00e8ncia: 5 casos. \u00c1mbito educativo<br \/>\n\u00b7 Val\u00e8ncia: 6 casos, Origen social<br \/>\n\u00b7 Aspe: 6 casos. Origen laboral<br \/>\n\u00b7 Alicante: 4 casos. \u00c1mbito educativo<\/p>\n","protected":false},"excerpt":{"rendered":"<p>Descenso generalizado de positivos en l&#8217;Olleria y alrededores.\u00a0\u00a0 A pesar de que las cifras son altas, en todo lo que v\u00e1 de a\u00f1o\u00a0 es la primera vez que se percibe un importante descenso en l&#8217;Olleria y las poblaciones limitrofes, asi como los dos importantes n\u00facleos urbanos. L&#8217;Olleria reduce su cifra de contagios en 25 personas [&hellip;]<\/p>\n","protected":false},"author":1,"featured_media":0,"comment_status":"closed","ping_status":"open","sticky":false,"template":"","format":"standard","meta":{"_monsterinsights_skip_tracking":false,"_monsterinsights_sitenote_active":false,"_monsterinsights_sitenote_note":"","_monsterinsights_sitenote_category":0},"categories":[10,12],"tags":[],"_links":{"self":[{"href":"http:\/\/www.portaldelolleria.es\/index.php?rest_route=\/wp\/v2\/posts\/26576"}],"collection":[{"href":"http:\/\/www.portaldelolleria.es\/index.php?rest_route=\/wp\/v2\/posts"}],"about":[{"href":"http:\/\/www.portaldelolleria.es\/index.php?rest_route=\/wp\/v2\/types\/post"}],"author":[{"embeddable":true,"href":"http:\/\/www.portaldelolleria.es\/index.php?rest_route=\/wp\/v2\/users\/1"}],"replies":[{"embeddable":true,"href":"http:\/\/www.portaldelolleria.es\/index.php?rest_route=%2Fwp%2Fv2%2Fcomments&post=26576"}],"version-history":[{"count":2,"href":"http:\/\/www.portaldelolleria.es\/index.php?rest_route=\/wp\/v2\/posts\/26576\/revisions"}],"predecessor-version":[{"id":26580,"href":"http:\/\/www.portaldelolleria.es\/index.php?rest_route=\/wp\/v2\/posts\/26576\/revisions\/26580"}],"wp:attachment":[{"href":"http:\/\/www.portaldelolleria.es\/index.php?rest_route=%2Fwp%2Fv2%2Fmedia&parent=26576"}],"wp:term":[{"taxonomy":"category","embeddable":true,"href":"http:\/\/www.portaldelolleria.es\/index.php?rest_route=%2Fwp%2Fv2%2Fcategories&post=26576"},{"taxonomy":"post_tag","embeddable":true,"href":"http:\/\/www.portaldelolleria.es\/index.php?rest_route=%2Fwp%2Fv2%2Ftags&post=26576"}],"curies":[{"name":"wp","href":"https:\/\/api.w.org\/{rel}","templated":true}]}}