{"id":26595,"date":"2021-02-22T20:01:42","date_gmt":"2021-02-22T18:01:42","guid":{"rendered":"http:\/\/www.portaldelolleria.es\/?p=26595"},"modified":"2021-02-22T20:24:08","modified_gmt":"2021-02-22T18:24:08","slug":"la-conselleria-de-sanidad-solo-anuncia-189-nuevos-casos","status":"publish","type":"post","link":"http:\/\/www.portaldelolleria.es\/?p=26595","title":{"rendered":"La conselleria de Sanidad s\u00f3lo anuncia 189 nuevos casos"},"content":{"rendered":"<p>&nbsp;<\/p>\n<p><a href=\"http:\/\/www.portaldelolleria.es\/wp-content\/uploads\/2021\/02\/llits-en-gimnas-rhb-xativa.jpg\"><img loading=\"lazy\" class=\"aligncenter size-full wp-image-26596\" title=\"llits en gimnas rhb xativa\" src=\"http:\/\/www.portaldelolleria.es\/wp-content\/uploads\/2021\/02\/llits-en-gimnas-rhb-xativa.jpg\" alt=\"\" width=\"598\" height=\"419\" srcset=\"http:\/\/www.portaldelolleria.es\/wp-content\/uploads\/2021\/02\/llits-en-gimnas-rhb-xativa.jpg 598w, http:\/\/www.portaldelolleria.es\/wp-content\/uploads\/2021\/02\/llits-en-gimnas-rhb-xativa-300x210.jpg 300w\" sizes=\"(max-width: 598px) 100vw, 598px\" \/><\/a><\/p>\n<p>22\/02\/2021<\/p>\n<div style=\"text-align: justify;\"><strong>La Comunitat Valenciana baja al nivel de riesgo 3 por primera vez desde el 16 de diciembre<\/strong><\/div>\n<p style=\"text-align: justify;\"><strong>&#8211; La incidencia acumulada se sit\u00faa en 224 casos por cada 100.000 habitantes<br \/>\n&#8211; Sanidad registra 189 nuevos casos de coronavirus y 2.689 altas<\/strong><\/p>\n<p style=\"text-align: justify;\">La Comunitat Valenciana ha bajado este lunes por primera vez desde el 16 de diciembre al nivel de riesgo 3 marcado por el Ministerio de Sanidad al reducir la incidencia acumulada en los \u00faltimos 14 d\u00edas a 224 casos. De esta forma, se establece un \u00abriesgo alto\u00bb de contagio de coronavirus en la Comunitat y abandona la zona de \u00abriesgo extremo\u00bb para incidencias superiores a los 250 casos.<\/p>\n<p style=\"text-align: justify;\">Hasta el momento, se han administrado un total de 271.608 dosis de la vacuna contra el coronavirus. Por provincias, 34.066 en Castell\u00f3n, 96.953 en Alicante y 140.589 en Valencia. Han recibido las dos dosis de la vacuna 99.364 personas.<\/p>\n<p style=\"text-align: justify;\">Por otro lado, se han registrado 189 casos nuevos de coronavirus confirmados por prueba PCR o a trav\u00e9s de test de ant\u00edgenos desde la \u00faltima actualizaci\u00f3n, que sit\u00faan la cifra total de positivos en 375.223 personas. Por provincias, la distribuci\u00f3n de nuevos positivos es la siguiente: 35 en Castell\u00f3n (38.441 en total), 65 en Alicante (141.061 en total) y 89 en la provincia de Valencia (195.719 en total). Adem\u00e1s, el total de casos sin asignar en toda la Comunitat Valenciana se mantiene en 2.<\/p>\n<p style=\"text-align: justify;\">Desde la \u00faltima actualizaci\u00f3n se han registrado 2.689 altas a pacientes con coronavirus. De esta forma, ya son 364.655 personas en la Comunitat Valenciana las que han superado la enfermedad desde que comenz\u00f3 la pandemia. Por provincias, las altas se distribuyen del siguiente modo: 37.383 en Castell\u00f3n, 136.839 en Alicante y 190.377 en Valencia, adem\u00e1s de 56 no asignadas.<\/p>\n<p style=\"text-align: justify;\">Los hospitales valencianos tienen, actualmente, 1.587 personas ingresadas: 156 en la provincia de Castell\u00f3n, con 24 pacientes en UCI; 667 en la provincia de Alicante, 142 de ellos en la UCI; y 764 en la provincia de Valencia, 202 de ellos en UCI.<\/p>\n<p style=\"text-align: justify;\">Adem\u00e1s, se han registrado 35 fallecimientos por coronavirus desde la \u00faltima actualizaci\u00f3n, por lo que el total de defunciones desde el inicio de la pandemia es de 6.437 personas: 739 en la provincia de Castell\u00f3n, 2.414 en la de Alicante y 3.284 en la de Valencia.<\/p>\n<p style=\"text-align: justify;\">De acuerdo con los datos registrados, en estos momentos hay 15.613 casos activos, lo que supone un 4,04% del total de positivos.<\/p>\n<p style=\"text-align: justify;\"><strong>Actualizaci\u00f3n de la situaci\u00f3n en residencias<\/strong><\/p>\n<p style=\"text-align: justify;\">Desde la \u00faltima actualizaci\u00f3n, hay alg\u00fan caso positivo en 123 residencias de mayores (13 en la provincia de Castell\u00f3n, 37 en la provincia de Alicante y 73 en la provincia de Valencia), 24 centros de diversidad funcional (2 en la provincia de Castell\u00f3n, 6 en la provincia de Alicante y 16 en la provincia de Valencia) y 6 centros de menores (1 en la provincia de Alicante y 5 en la provincia de Valencia).<\/p>\n<p style=\"text-align: justify;\">\u00b7 Residentes nuevos positivos: 91<br \/>\n\u00b7 Trabajadores y trabajadoras nuevos positivos: 81<br \/>\n\u00b7 Residentes que han fallecido: 47<\/p>\n<p style=\"text-align: justify;\">Actualmente, se encuentran bajo vigilancia activa de control sanitario 53 residencias en la Comunitat Valenciana: 7 en la provincia de Castell\u00f3n, 18 en la provincia de Alicante y 28 en la provincia de Valencia.<\/p>\n<p style=\"text-align: justify;\"><strong>Actualizaci\u00f3n brotes de coronavirus<\/strong><\/p>\n<p style=\"text-align: justify;\">Se han registrado 5 nuevos brotes desde la \u00faltima actualizaci\u00f3n, todos en la provincia de Valencia.<\/p>\n<p style=\"text-align: justify;\">\u00b7 Alfafar: 3 casos. Origen social<br \/>\n\u00b7 Sagunto: 6 casos. Origen social<br \/>\n\u00b7 Val\u00e8ncia: 3 casos. Origen social<br \/>\n\u00b7 Chiva: 4 casos. Origen social<br \/>\n\u00b7 Val\u00e8ncia: 4 casos. Origen social<\/p>\n","protected":false},"excerpt":{"rendered":"<p>&nbsp; 22\/02\/2021 La Comunitat Valenciana baja al nivel de riesgo 3 por primera vez desde el 16 de diciembre &#8211; La incidencia acumulada se sit\u00faa en 224 casos por cada 100.000 habitantes &#8211; Sanidad registra 189 nuevos casos de coronavirus y 2.689 altas La Comunitat Valenciana ha bajado este lunes por primera vez desde el [&hellip;]<\/p>\n","protected":false},"author":1,"featured_media":0,"comment_status":"closed","ping_status":"open","sticky":false,"template":"","format":"standard","meta":{"_monsterinsights_skip_tracking":false,"_monsterinsights_sitenote_active":false,"_monsterinsights_sitenote_note":"","_monsterinsights_sitenote_category":0},"categories":[10,12],"tags":[],"_links":{"self":[{"href":"http:\/\/www.portaldelolleria.es\/index.php?rest_route=\/wp\/v2\/posts\/26595"}],"collection":[{"href":"http:\/\/www.portaldelolleria.es\/index.php?rest_route=\/wp\/v2\/posts"}],"about":[{"href":"http:\/\/www.portaldelolleria.es\/index.php?rest_route=\/wp\/v2\/types\/post"}],"author":[{"embeddable":true,"href":"http:\/\/www.portaldelolleria.es\/index.php?rest_route=\/wp\/v2\/users\/1"}],"replies":[{"embeddable":true,"href":"http:\/\/www.portaldelolleria.es\/index.php?rest_route=%2Fwp%2Fv2%2Fcomments&post=26595"}],"version-history":[{"count":3,"href":"http:\/\/www.portaldelolleria.es\/index.php?rest_route=\/wp\/v2\/posts\/26595\/revisions"}],"predecessor-version":[{"id":26599,"href":"http:\/\/www.portaldelolleria.es\/index.php?rest_route=\/wp\/v2\/posts\/26595\/revisions\/26599"}],"wp:attachment":[{"href":"http:\/\/www.portaldelolleria.es\/index.php?rest_route=%2Fwp%2Fv2%2Fmedia&parent=26595"}],"wp:term":[{"taxonomy":"category","embeddable":true,"href":"http:\/\/www.portaldelolleria.es\/index.php?rest_route=%2Fwp%2Fv2%2Fcategories&post=26595"},{"taxonomy":"post_tag","embeddable":true,"href":"http:\/\/www.portaldelolleria.es\/index.php?rest_route=%2Fwp%2Fv2%2Ftags&post=26595"}],"curies":[{"name":"wp","href":"https:\/\/api.w.org\/{rel}","templated":true}]}}