{"id":26611,"date":"2021-02-26T20:03:42","date_gmt":"2021-02-26T18:03:42","guid":{"rendered":"http:\/\/www.portaldelolleria.es\/?p=26611"},"modified":"2021-02-26T20:10:52","modified_gmt":"2021-02-26T18:10:52","slug":"continua-la-desescalada-en-lolleria-y-municipios-proximos","status":"publish","type":"post","link":"http:\/\/www.portaldelolleria.es\/?p=26611","title":{"rendered":"Contin\u00faa la desescalada en l&#8217;Olleria y municipios pr\u00f3ximos"},"content":{"rendered":"<p><a href=\"http:\/\/www.portaldelolleria.es\/wp-content\/uploads\/2021\/02\/COVID19_91.jpg\"><img loading=\"lazy\" class=\"aligncenter size-full wp-image-26613\" title=\"COVID19_91\" src=\"http:\/\/www.portaldelolleria.es\/wp-content\/uploads\/2021\/02\/COVID19_91.jpg\" alt=\"\" width=\"598\" height=\"369\" srcset=\"http:\/\/www.portaldelolleria.es\/wp-content\/uploads\/2021\/02\/COVID19_91.jpg 598w, http:\/\/www.portaldelolleria.es\/wp-content\/uploads\/2021\/02\/COVID19_91-300x185.jpg 300w\" sizes=\"(max-width: 598px) 100vw, 598px\" \/><\/a><\/p>\n<p>Dentro de la desescalada generalizada que est\u00e1 viviendo toda la Comunitat Valenciana, l&#8217;Olleria\u00a0 rebaja su n\u00famero de positivos a 24,\u00a0 con una incidencia acumulada (pcr+14) de 289,92.\u00a0 Sigue siendo una zona roja al igual que Albaida y Ontinyent,\u00a0 si bien el descenso desde el 29 de enero es significativo\u00a0 (136 con una incidencia de 1600).\u00a0\u00a0\u00a0 En los que respecta a los municipios pr\u00f3ximos,\u00a0 se mantienen \u00f3 descienden el n\u00famero de positivos como sucede en Montaverner, Canals \u00f3 Aielo.\u00a0 Por su parte Ontinyent contin\u00faa con desescalada\u00a0 y significativa es la X\u00e0tiva\u00a0 que ha rebajado su nivel de incidencia a 72\u00a0 e incluso el n\u00famero de positivos es menor que el de l&#8217;Olleria.<\/p>\n<div><a href=\"http:\/\/www.portaldelolleria.es\/wp-content\/uploads\/2021\/02\/mapa_91.jpg\"><img loading=\"lazy\" class=\"aligncenter size-full wp-image-26612\" title=\"mapa_91\" src=\"http:\/\/www.portaldelolleria.es\/wp-content\/uploads\/2021\/02\/mapa_91.jpg\" alt=\"\" width=\"598\" height=\"454\" srcset=\"http:\/\/www.portaldelolleria.es\/wp-content\/uploads\/2021\/02\/mapa_91.jpg 598w, http:\/\/www.portaldelolleria.es\/wp-content\/uploads\/2021\/02\/mapa_91-300x227.jpg 300w\" sizes=\"(max-width: 598px) 100vw, 598px\" \/><\/a><\/div>\n<div><strong><br \/>\n<\/strong><\/div>\n<div><span style=\"color: #888888;\"><em>Generalitat Valenciana 26\/02\/2021<\/em><\/span><\/div>\n<p style=\"text-align: justify;\"><strong>&#8211; Sanidad notifica 539 nuevos casos de coronavirus y 1.559 altas<br \/>\n&#8211; Se han administrado ya 315.063 dosis de la vacuna contra la COVID-19<\/strong><\/p>\n<p>La Comunitat Valenciana ha superado los 3 millones de pruebas llevadas a cabo para la detecci\u00f3n del coronavirus. En concreto ascienden a 3.036.941, de las que 2.848.604 han sido a trav\u00e9s de PCR y 188.337 mediante test r\u00e1pido.<\/p>\n<p>Asimismo, se han administrado un total de 315.063 dosis de la vacuna contra el coronavirus. Por provincias, se han inoculado 39.624 en Castell\u00f3n, 112.571 en Alicante y 162.868 en Valencia. Han recibido las dos dosis de la vacuna 102.132 personas.<\/p>\n<p>Por otro lado, se han notificado 539 casos nuevos de coronavirus confirmados por prueba PCR o a trav\u00e9s de test de ant\u00edgenos desde la \u00faltima actualizaci\u00f3n, que sit\u00faan la cifra total de positivos en 377.733 personas. Por provincias, la distribuci\u00f3n de nuevos positivos es la siguiente: 39 en Castell\u00f3n (38.627 en total), 191 en Alicante (142.062 en total) y 308 en la provincia de Valencia (197.041). Adem\u00e1s, se ha registrado 1 caso sin asignar, por lo que el total se sit\u00faa en 3.<\/p>\n<p>Desde la \u00faltima actualizaci\u00f3n se han registrado 1.559 altas a pacientes con coronavirus. De esta forma, ya son 372.414 personas en la Comunitat Valenciana las que han superado la enfermedad desde que comenz\u00f3 la pandemia. Por provincias, las altas se distribuyen del siguiente modo: 38.160 en Castell\u00f3n, 139.692 en Alicante y 194.505 en Valencia, adem\u00e1s de 57 no asignadas.<\/p>\n<p>Los hospitales valencianos tienen, actualmente, 1.186 personas ingresadas: 112 en la provincia de Castell\u00f3n, con 18 pacientes en UCI; 517 en la provincia de Alicante, 132 de ellos en la UCI; y 557 en la provincia de Valencia, 138 de ellos en UCI.<\/p>\n<p>Adem\u00e1s, se han registrado 62 fallecimientos por coronavirus desde la \u00faltima actualizaci\u00f3n, por lo que el total de defunciones desde el inicio de la pandemia es de 6.664 personas: 756 en la provincia de Castell\u00f3n, 2.509 en la de Alicante y 3.399 en la de Valencia.<\/p>\n<p>De acuerdo con los datos registrados, en estos momentos hay 10.136 casos activos, lo que supone un 2,60% del total de positivos.<\/p>\n<p><strong> Actualizaci\u00f3n de la situaci\u00f3n en residencias<\/strong><\/p>\n<p>Desde la \u00faltima actualizaci\u00f3n, los casos positivos en residencias de mayores se han reducido a 91 (8 en la provincia de Castell\u00f3n, 29 en la provincia de Alicante y 54 en la provincia de Valencia), 17 centros de diversidad funcional (1 en la provincia de Castell\u00f3n, 3 en la provincia de Alicante y 13 en la provincia de Valencia) y 2 centros de menores (1 en la provincia de Alicante y 1 en la provincia de Valencia).<\/p>\n<p>\u00b7 Residentes nuevos positivos: 17<br \/>\n\u00b7 Trabajadores y trabajadoras nuevos positivos: 20<br \/>\n\u00b7 Residentes que han fallecido: 18<\/p>\n<p>Actualmente, se encuentran bajo vigilancia activa de control sanitario residencias en la Comunitat Valenciana: 5 en la provincia de Castell\u00f3n, 16 en la provincia de Alicante y 22 en la provincia de Val\u00e8ncia.<\/p>\n<p><strong>Actualizaci\u00f3n brotes de coronavirus<\/strong><\/p>\n<p>Se han registrado 11 nuevos brotes desde la \u00faltima actualizaci\u00f3n: 1 en la provincia de Castell\u00f3n, 5 en la provincia de Alicante y 5 en la provincia de Valencia.<\/p>\n<p>\u00b7 Elche: 3 casos. \u00c1mbito educativo<br \/>\n\u00b7 Santa Pola: 4 casos. \u00c1mbito educativo<br \/>\n\u00b7 Calpe: 4 casos. Origen social<br \/>\n\u00b7 Mislata: 4 casos. Origen social<br \/>\n\u00b7 Val\u00e8ncia: 3 casos. Origen social<br \/>\n\u00b7 Benidorm: 4 casos. Origen social<br \/>\n\u00b7 Benifai\u00f3: 7 casos. Origen social<br \/>\n\u00b7 Castell\u00f3 de la Plana: 4 casos. Origen laboral<br \/>\n\u00b7 Albuixech: 7 casos. Origen social<br \/>\n\u00b7 Elche: 7 casos. Origen social<br \/>\n\u00b7 R\u00e0fol de Salem: 5 casos. Origen social<\/p>\n<p><a href=\"http:\/\/www.portaldelolleria.es\/wp-content\/uploads\/2021\/02\/154.jpg\"><img loading=\"lazy\" class=\"aligncenter size-full wp-image-26619\" title=\"154\" src=\"http:\/\/www.portaldelolleria.es\/wp-content\/uploads\/2021\/02\/154.jpg\" alt=\"\" width=\"598\" height=\"366\" srcset=\"http:\/\/www.portaldelolleria.es\/wp-content\/uploads\/2021\/02\/154.jpg 598w, http:\/\/www.portaldelolleria.es\/wp-content\/uploads\/2021\/02\/154-300x183.jpg 300w\" sizes=\"(max-width: 598px) 100vw, 598px\" \/><\/a><\/p>\n<h3>As\u00ed ser\u00e1 la desescalada en Valencia el 1 de marzo<\/h3>\n<h3>La hosteler\u00eda abrir\u00e1 las puertas tras m\u00e1s de un mes con bares y restaurantes con la persiana echada<\/h3>\n<p>Tal y como ha confirmado Puig, se va a continuar con muchas medidas a\u00fan restrictivas, pero \u00abni un d\u00eda m\u00e1s de lo que sea necesario\u00bb. En este aspecto, <strong>destaca seis acciones principales<\/strong>:<\/p>\n<p>&#8211; Se aumenta a <strong>cuatro personas el l\u00edmite para los encuentros al aire libre<\/strong> y en espacios p\u00fablicos.<\/p>\n<p>&#8211; Se elimina el cierre municipal que afecta los fines de semana a las 16 ciudades que tiene m\u00e1s de 50.000 habitantes. Esto afectar\u00e1 al partir del siguiente fin de semana, en este a\u00fan est\u00e1n vigentes las medidas.<\/p>\n<p>&#8211; Se abren las terrazas con un m\u00e1ximo de cuatro personas por mesa y hasta las seis de la tarde. Siempre con mascarilla, que solo se quitar\u00e1 en el momento de la consumici\u00f3n.<\/p>\n<p>&#8211; Se ampl\u00eda el horario de los comercios hasta las ocho de la tarde y el aforo al 50%<\/p>\n<p>&#8211; Se flexibilizan las actividades f\u00edsicas y de deporte. Los gimnasios siguen cerrados y los entrenamientos al aire libre ser\u00e1n como m\u00e1ximo con cuatro deportistas.<\/p>\n<p>&#8211; Se reabren los parques y los espacios p\u00fablicos y se aumenta el aforo de culto en las iglesias y los espacios religiosos hasta el 50%.<\/p>\n","protected":false},"excerpt":{"rendered":"<p>Dentro de la desescalada generalizada que est\u00e1 viviendo toda la Comunitat Valenciana, l&#8217;Olleria\u00a0 rebaja su n\u00famero de positivos a 24,\u00a0 con una incidencia acumulada (pcr+14) de 289,92.\u00a0 Sigue siendo una zona roja al igual que Albaida y Ontinyent,\u00a0 si bien el descenso desde el 29 de enero es significativo\u00a0 (136 con una incidencia de 1600).\u00a0\u00a0\u00a0 [&hellip;]<\/p>\n","protected":false},"author":1,"featured_media":0,"comment_status":"closed","ping_status":"open","sticky":false,"template":"","format":"standard","meta":{"_monsterinsights_skip_tracking":false,"_monsterinsights_sitenote_active":false,"_monsterinsights_sitenote_note":"","_monsterinsights_sitenote_category":0},"categories":[10,12],"tags":[],"_links":{"self":[{"href":"http:\/\/www.portaldelolleria.es\/index.php?rest_route=\/wp\/v2\/posts\/26611"}],"collection":[{"href":"http:\/\/www.portaldelolleria.es\/index.php?rest_route=\/wp\/v2\/posts"}],"about":[{"href":"http:\/\/www.portaldelolleria.es\/index.php?rest_route=\/wp\/v2\/types\/post"}],"author":[{"embeddable":true,"href":"http:\/\/www.portaldelolleria.es\/index.php?rest_route=\/wp\/v2\/users\/1"}],"replies":[{"embeddable":true,"href":"http:\/\/www.portaldelolleria.es\/index.php?rest_route=%2Fwp%2Fv2%2Fcomments&post=26611"}],"version-history":[{"count":4,"href":"http:\/\/www.portaldelolleria.es\/index.php?rest_route=\/wp\/v2\/posts\/26611\/revisions"}],"predecessor-version":[{"id":26622,"href":"http:\/\/www.portaldelolleria.es\/index.php?rest_route=\/wp\/v2\/posts\/26611\/revisions\/26622"}],"wp:attachment":[{"href":"http:\/\/www.portaldelolleria.es\/index.php?rest_route=%2Fwp%2Fv2%2Fmedia&parent=26611"}],"wp:term":[{"taxonomy":"category","embeddable":true,"href":"http:\/\/www.portaldelolleria.es\/index.php?rest_route=%2Fwp%2Fv2%2Fcategories&post=26611"},{"taxonomy":"post_tag","embeddable":true,"href":"http:\/\/www.portaldelolleria.es\/index.php?rest_route=%2Fwp%2Fv2%2Ftags&post=26611"}],"curies":[{"name":"wp","href":"https:\/\/api.w.org\/{rel}","templated":true}]}}