{"id":26627,"date":"2021-03-02T20:35:19","date_gmt":"2021-03-02T18:35:19","guid":{"rendered":"http:\/\/www.portaldelolleria.es\/?p=26627"},"modified":"2021-03-02T20:37:07","modified_gmt":"2021-03-02T18:37:07","slug":"sigue-descendiendo-el-numero-de-positivos","status":"publish","type":"post","link":"http:\/\/www.portaldelolleria.es\/?p=26627","title":{"rendered":"Sigue descendiendo el n\u00famero de positivos"},"content":{"rendered":"<p><a href=\"http:\/\/www.portaldelolleria.es\/wp-content\/uploads\/2021\/03\/COVID19_92.jpg\"><img loading=\"lazy\" class=\"aligncenter size-full wp-image-26629\" title=\"COVID19_92\" src=\"http:\/\/www.portaldelolleria.es\/wp-content\/uploads\/2021\/03\/COVID19_92.jpg\" alt=\"\" width=\"598\" height=\"369\" srcset=\"http:\/\/www.portaldelolleria.es\/wp-content\/uploads\/2021\/03\/COVID19_92.jpg 598w, http:\/\/www.portaldelolleria.es\/wp-content\/uploads\/2021\/03\/COVID19_92-300x185.jpg 300w\" sizes=\"(max-width: 598px) 100vw, 598px\" \/><\/a><\/p>\n<p style=\"text-align: justify;\">Contin\u00f9a la desescalada de contagios en l&#8217;Olleria, que abandona la zona roja de riesgo, pero se mantiene en naranja\u00a0 debido a que todav\u00eda mantiene una alta incidencia acumulada (+14d) situada ahora en 217.\u00a0\u00a0 y 18 contagios activos,\u00a0 6 menos que el \u00faltimo recuento del\u00a0 24 de febrero.\u00a0\u00a0 Es la tendencia en toda la zona, si bien l&#8217;Olleria desciende a menor ritmo.\u00a0 Alfarras\u00ed se sit\u00faa en 1 contagiado y 3 Aielo de Malferit\u00a0 son unos registros m\u00e1s que aceptables,\u00a0\u00a0 Albaida uno de los municipios m\u00e1s castigados ha bajado hasta 16 positivos.\u00a0 Canals baja a 9,\u00a0 y muy destacado es el descenso en X\u00e0tiva que ya han bajado a 19 y deja su nivel de riesgo en 65.\u00a0 Muy lejos de Ontinyent con 84 positivos y una incidencia de 271.\u00a0 De toda la zona pr\u00f3xima a l&#8217;Olleria,\u00a0 s\u00f3lo se mantienen en nivel rojo,\u00a0 Albaida\u00a0 y el Palomar, que pese a tener 2 positivos, para una poblaci\u00f3n de 590\u00a0 ofrece una incidencia del 338.<\/p>\n<p style=\"text-align: justify;\">Montaverner, se une a la lista de municipios con \u00abcero\u00bb positivos: Bell\u00fas, Benisuera, B\u00fafali, Guadassequies, Sempere<\/p>\n<p>&nbsp;<\/p>\n<p><a href=\"http:\/\/www.portaldelolleria.es\/wp-content\/uploads\/2021\/03\/mapa_92.jpg\"><img loading=\"lazy\" class=\"aligncenter size-full wp-image-26628\" title=\"mapa_92\" src=\"http:\/\/www.portaldelolleria.es\/wp-content\/uploads\/2021\/03\/mapa_92.jpg\" alt=\"\" width=\"598\" height=\"454\" srcset=\"http:\/\/www.portaldelolleria.es\/wp-content\/uploads\/2021\/03\/mapa_92.jpg 598w, http:\/\/www.portaldelolleria.es\/wp-content\/uploads\/2021\/03\/mapa_92-300x227.jpg 300w\" sizes=\"(max-width: 598px) 100vw, 598px\" \/><\/a><\/p>\n<p>&nbsp;<\/p>\n<div style=\"text-align: justify;\"><strong>La Comunitat registra 1.411 altas y 585 casos nuevos de coronavirus<\/strong><\/div>\n<div style=\"text-align: justify;\">02\/03\/2021<\/div>\n<p style=\"text-align: justify;\"><strong>&#8211; Sanidad ha administrado ya 334.284 dosis de la vacuna contra el coronavirus<br \/>\n&#8211; Por provincias, 40 en Castell\u00f3n, 225 en Alicante, 320 en la provincia de Valencia<\/strong><\/p>\n<p>La Comunitat Valenciana ha administrado un total de 334.284 dosis de la vacuna contra el coronavirus. Por provincias, 41.762 en Castell\u00f3n, 119.828 en Alicante y 172.694 en Valencia. Han recibido las dos dosis de la vacuna 103.535 personas.<\/p>\n<p>Por otro lado, se han notificado 585 casos nuevos de coronavirus confirmados por prueba PCR o a trav\u00e9s de test de ant\u00edgenos desde la \u00faltima actualizaci\u00f3n, que sit\u00faan la cifra total de positivos en 379.549 personas. Por provincias, la distribuci\u00f3n de nuevos positivos es la siguiente: 40 en Castell\u00f3n (38.766 en total), 225 en Alicante (142.774 en total) y 320 en la provincia de Valencia (198.007). Adem\u00e1s, el n\u00famero de casos sin asignar se mantiene en 2 en toda la Comunitat Valenciana.<\/p>\n<p>Desde la \u00faltima actualizaci\u00f3n se han registrado 1.411 altas a pacientes con coronavirus. De esta forma, ya son 376.210 personas en la Comunitat Valenciana las que han superado la enfermedad desde que comenz\u00f3 la pandemia. Por provincias, las altas se distribuyen del siguiente modo: 38.572 en Castell\u00f3n, 141.059 en Alicante y 196.523 en Valencia, adem\u00e1s de 56 no asignadas.<\/p>\n<p>Los hospitales valencianos tienen, actualmente, 1.048 personas ingresadas: 98 en la provincia de Castell\u00f3n, con 18 pacientes en UCI; 474 en la provincia de Alicante, 115 de ellos en la UCI; y 476 en la provincia de Valencia, 115 de ellos en UCI.<\/p>\n<p>Adem\u00e1s, se han registrado 38 fallecimientos por coronavirus desde la \u00faltima actualizaci\u00f3n, por lo que el total de defunciones desde el inicio de la pandemia es de 6.752 personas: 760 en la provincia de Castell\u00f3n, 2.539 en la de Alicante y 3.453 en la de Valencia.<\/p>\n<p>De acuerdo con los datos registrados, en estos momentos hay 8.067 casos activos, lo que supone un 2,06% del total de positivos.<\/p>\n<p><strong>Actualizaci\u00f3n de la situaci\u00f3n en residencias<\/strong><\/p>\n<p>Desde la \u00faltima actualizaci\u00f3n, los casos positivos en residencias de mayores se han reducido a 81 (7 en la provincia de Castell\u00f3n, 26 en la provincia de Alicante y 48 en la provincia de Valencia), 15 centros de diversidad funcional (1 en la provincia de Castell\u00f3n, 2 en la provincia de Alicante y 12 en la provincia de Valencia) y 2 centros de menores (1 en la provincia de Alicante y 1 en la provincia de Valencia).<\/p>\n<p>\u00b7 Residentes nuevos positivos: 0<br \/>\n\u00b7 Trabajadores y trabajadoras nuevos positivos: 0<br \/>\n\u00b7 Residentes que han fallecido: 13<\/p>\n<p>Actualmente, se encuentran bajo vigilancia activa de control sanitario 37 residencias en la Comunitat Valenciana: 5 en la provincia de Castell\u00f3n, 14 en la provincia de Alicante y 18 en la provincia de Val\u00e8ncia.<\/p>\n<p><strong>Actualizaci\u00f3n brotes de coronavirus<\/strong><\/p>\n<p>Se han registrado 16 nuevos brotes desde la \u00faltima actualizaci\u00f3n.<\/p>\n<p>\u00b7 Val\u00e8ncia: 4 casos. Origen social<br \/>\n\u00b7 Elche: 7 casos. \u00c1mbito educativo<br \/>\n\u00b7 Castell\u00f3 de La Plana: 4 casos. Origen laboral<br \/>\n\u00b7 Benidorm: 3 casos. Origen social<br \/>\n\u00b7 Sueca: 4 casos. Origen social<br \/>\n\u00b7 Val\u00e8ncia: 5 casos. Origen social<br \/>\n\u00b7 Rafelbunyol: 3 casos. Origen social<br \/>\n\u00b7 Val\u00e8ncia: 3 casos. Origen social<br \/>\n\u00b7 Sueca: 10 casos. Origen social<br \/>\n\u00b7 Rojales: 6 casos. \u00c1mbito educativo<br \/>\n\u00b7 Orihuela: 3 casos. \u00c1mbito educativo<br \/>\n\u00b7 Torrent: 5 casos. Origen social<br \/>\n\u00b7 Val\u00e8ncia: 4 casos. Origen social<br \/>\n\u00b7 Val\u00e8ncia: 3 casos. Origen social<br \/>\n\u00b7 Val\u00e8ncia: 7 casos. Origen social<br \/>\n\u00b7 Val\u00e8ncia: 4 casos. Origen social<\/p>\n","protected":false},"excerpt":{"rendered":"<p>Contin\u00f9a la desescalada de contagios en l&#8217;Olleria, que abandona la zona roja de riesgo, pero se mantiene en naranja\u00a0 debido a que todav\u00eda mantiene una alta incidencia acumulada (+14d) situada ahora en 217.\u00a0\u00a0 y 18 contagios activos,\u00a0 6 menos que el \u00faltimo recuento del\u00a0 24 de febrero.\u00a0\u00a0 Es la tendencia en toda la zona, si [&hellip;]<\/p>\n","protected":false},"author":1,"featured_media":0,"comment_status":"closed","ping_status":"open","sticky":false,"template":"","format":"standard","meta":{"_monsterinsights_skip_tracking":false,"_monsterinsights_sitenote_active":false,"_monsterinsights_sitenote_note":"","_monsterinsights_sitenote_category":0},"categories":[10,12],"tags":[],"_links":{"self":[{"href":"http:\/\/www.portaldelolleria.es\/index.php?rest_route=\/wp\/v2\/posts\/26627"}],"collection":[{"href":"http:\/\/www.portaldelolleria.es\/index.php?rest_route=\/wp\/v2\/posts"}],"about":[{"href":"http:\/\/www.portaldelolleria.es\/index.php?rest_route=\/wp\/v2\/types\/post"}],"author":[{"embeddable":true,"href":"http:\/\/www.portaldelolleria.es\/index.php?rest_route=\/wp\/v2\/users\/1"}],"replies":[{"embeddable":true,"href":"http:\/\/www.portaldelolleria.es\/index.php?rest_route=%2Fwp%2Fv2%2Fcomments&post=26627"}],"version-history":[{"count":2,"href":"http:\/\/www.portaldelolleria.es\/index.php?rest_route=\/wp\/v2\/posts\/26627\/revisions"}],"predecessor-version":[{"id":26631,"href":"http:\/\/www.portaldelolleria.es\/index.php?rest_route=\/wp\/v2\/posts\/26627\/revisions\/26631"}],"wp:attachment":[{"href":"http:\/\/www.portaldelolleria.es\/index.php?rest_route=%2Fwp%2Fv2%2Fmedia&parent=26627"}],"wp:term":[{"taxonomy":"category","embeddable":true,"href":"http:\/\/www.portaldelolleria.es\/index.php?rest_route=%2Fwp%2Fv2%2Fcategories&post=26627"},{"taxonomy":"post_tag","embeddable":true,"href":"http:\/\/www.portaldelolleria.es\/index.php?rest_route=%2Fwp%2Fv2%2Ftags&post=26627"}],"curies":[{"name":"wp","href":"https:\/\/api.w.org\/{rel}","templated":true}]}}