{"id":26632,"date":"2021-03-02T20:44:54","date_gmt":"2021-03-02T18:44:54","guid":{"rendered":"http:\/\/www.portaldelolleria.es\/?p=26632"},"modified":"2021-03-02T20:45:36","modified_gmt":"2021-03-02T18:45:36","slug":"sanidad-prepara-161-puntos-de-vacunacion-para-inmunizar-a-casi-4-millones-de-personas","status":"publish","type":"post","link":"http:\/\/www.portaldelolleria.es\/?p=26632","title":{"rendered":"Sanidad prepara 161 puntos de vacunaci\u00f3n para inmunizar a la poblaci\u00f3n"},"content":{"rendered":"<p><a href=\"http:\/\/www.portaldelolleria.es\/wp-content\/uploads\/2021\/03\/ambulatorio.jpg\"><img loading=\"lazy\" class=\"aligncenter size-full wp-image-26633\" title=\"ambulatorio\" src=\"http:\/\/www.portaldelolleria.es\/wp-content\/uploads\/2021\/03\/ambulatorio.jpg\" alt=\"\" width=\"598\" height=\"399\" srcset=\"http:\/\/www.portaldelolleria.es\/wp-content\/uploads\/2021\/03\/ambulatorio.jpg 598w, http:\/\/www.portaldelolleria.es\/wp-content\/uploads\/2021\/03\/ambulatorio-300x200.jpg 300w\" sizes=\"(max-width: 598px) 100vw, 598px\" \/><\/a><\/p>\n<p style=\"text-align: justify;\">Desde el Centro de Atenci\u00f3n Primaria de l&#8217;Olleria, se hace un llamamiento a todos los usuarios que no tengan su telefono de contacto actualizado, pueden subsanarlo acudiendo al centro \u00f3 llamando por telefono.\u00a0 El Centro comenzar\u00e1 a llamar a la poblaci\u00f3n para la campa\u00f1a de vacunaci\u00f3n COVID-19\u00a0 en cuanto le sean dispensadas las d\u00f3sis.<\/p>\n<div style=\"text-align: justify;\"><strong>Sanidad prepara 161 puntos de vacunaci\u00f3n para inmunizar a casi 4 millones de personas<\/strong><\/div>\n<div style=\"text-align: justify;\">02\/03\/2021<\/div>\n<p style=\"text-align: justify;\"><strong>&#8211; Se ha remitido un protocolo de actuaci\u00f3n con las condiciones necesarias para poder llevar a cabo la vacunaci\u00f3n a toda la poblaci\u00f3n<br \/>\n&#8211; Los municipios ceder\u00e1n espacios espec\u00edficos y se contar\u00e1 con equipos especiales de vacunaci\u00f3n<\/strong><\/p>\n<p style=\"text-align: justify;\">La Conselleria de Sanidad Universal y Salud P\u00fablica est\u00e1 preparando a todos los Departamentos de Salud para coordinar el proceso de vacunaci\u00f3n masiva, de manera que comience a partir del pr\u00f3ximo mes de abril.<\/p>\n<p style=\"text-align: justify;\">Para ello, se ha remitido a las gerencias de los departamentos un protocolo de actuaci\u00f3n en el que se explican las condiciones que deben cumplir, tanto los espacios que albergar\u00e1n los circuitos de vacunaci\u00f3n, como los criterios asistenciales en cuanto a los equipos de vacunaci\u00f3n espec\u00edficos y la preparaci\u00f3n de los materiales necesarios para poder llevarlo a cabo.<\/p>\n<p style=\"text-align: justify;\">En este sentido, la previsi\u00f3n es realizar una media de 400.000 vacunaciones semanales en la Comunitat Valenciana. Para ello, se han establecido tres tipos de demarcaciones para reagrupar a los municipios en funci\u00f3n del n\u00famero de poblaci\u00f3n y teniendo en cuenta el n\u00famero de sesiones que tiene que realizar cada equipo de vacunaci\u00f3n espec\u00edfico para llegar a toda la poblaci\u00f3n diana.<\/p>\n<p style=\"text-align: justify;\">As\u00ed, en los municipios de menos de 10.000 habitantes que cuenten con punto de vacunaci\u00f3n, \u00e9ste se ubicar\u00e1 junto a un centro de salud o en locales municipales. En los municipios de 10.000 a 50.000 habitantes, la ubicaci\u00f3n ser\u00e1 en locales municipales definidos por el departamento de salud.<\/p>\n<p style=\"text-align: justify;\">Y finalmente, en aquellos municipios de m\u00e1s de 50.000 habitantes est\u00e1 previsto establecer la vacunaci\u00f3n masiva en los hospitales de campa\u00f1a y en otros espacios definidos por la Conselleria de Sanidad, como la Ciudad de las Artes y las Ciencias de Val\u00e8ncia, la Ciudad de la Luz de Alicante, la Instituci\u00f3n Ferial Alicantina (IFA) de Elche y el Auditorio y Palacio de Congresos de Castell\u00f3 de la Plana.<\/p>\n<p style=\"text-align: justify;\">Adem\u00e1s, los espacios de vacunaci\u00f3n deben estar ubicados lo m\u00e1s cercano posible a los n\u00facleos de poblaci\u00f3n y deben ser accesibles mediante veh\u00edculos particulares y transporte p\u00fablico, as\u00ed como reunir las condiciones adecuadas para establecer los circuitos de entrada y salida.<\/p>\n<p style=\"text-align: justify;\">Hay que se\u00f1alar que la Conselleria de Sanidad ha establecido un protocolo teniendo en cuenta la necesidad de llevar a cabo un proceso de vacunaci\u00f3n efectivo, \u00e1gil y equitativo. Y a su vez, se tiene en cuenta la necesidad de continuar con la asistencia sanitaria habitual de los centros sanitarios. Por ello, en los centros de salud se vacuna a la poblaci\u00f3n vulnerable, y para la poblaci\u00f3n general, se han establecido estos espacios de vacunaci\u00f3n espec\u00edficos.<\/p>\n<p style=\"text-align: justify;\"><strong>Equipos de profesionales para la vacunaci\u00f3n masiva<\/strong><\/p>\n<p style=\"text-align: justify;\">Otro de los criterios contemplados en el protocolo es la dotaci\u00f3n de recursos humanos para poder llevar a cabo la vacunaci\u00f3n masiva, por lo que se van a crear equipos de vacunaci\u00f3n espec\u00edficos, que coordinar\u00e1n todo el proceso de vacunaci\u00f3n desde la llegada del paciente hasta que es vacunado.<\/p>\n<p style=\"text-align: justify;\">Dichos equipos estar\u00e1n formados por dos enfermeras, un administrativo, personal facultativo, auxiliares de enfermer\u00eda, as\u00ed como celadores y personal de seguridad.<\/p>\n<p style=\"text-align: justify;\">Adem\u00e1s, en los puntos de vacunaci\u00f3n se establecer\u00e1n \u00e1reas diferenciadas habilitando un circuito unidireccional con el fin de mantener la distancia de seguridad y establecer las medidas preventivas, desde que llega el paciente hasta que pasa a la sala posvacunaci\u00f3n en la que debe permanecer al menos 15 minutos por si hubiera alguna reacci\u00f3n adversa.<\/p>\n<p style=\"text-align: justify;\">En definitiva, todo el proceso de vacunaci\u00f3n se ha dise\u00f1ado con el fin de administrar las vacunas a la mayor cantidad de poblaci\u00f3n indicada, y en el menor tiempo posible.<\/p>\n<p style=\"text-align: justify;\"><strong>Puntos de vacunaci\u00f3n establecidos<\/strong><\/p>\n<p style=\"text-align: justify;\">Se han establecido 161 puntos de vacunaci\u00f3n diferentes a lo largo de toda la Comunitat Valenciana en funci\u00f3n de la poblaci\u00f3n que recibir\u00e1 la vacuna en cada uno de ellos. En total, son 3.915.482 personas de entre 18 y 80 a\u00f1os, a excepci\u00f3n de los grupos que ya han recibido la vacuna (como por ejemplo, sanitarios, personal de emergencias\u0085). Estos son los municipios que contar\u00e1n con punto de vacunaci\u00f3n. Al resto se les asignar\u00e1 un punto de vacunaci\u00f3n de referencia en poblaciones cercanas.<\/p>\n<p style=\"text-align: justify;\">Menos de 50.000 habitantes: Morella, Pe\u00f1\u00edscola, Traiguera, Alcal\u00e0 de Xivert, Benicarl\u00f3, Vinar\u00f3s, Cabanes, Alboc\u00e0sser, Vall d&#8217;Alba, Oropesa del Mar, L&#8217;Alcora, Benicasim, El Grao de Castell\u00f3n, Almassora, Montanejos, Betx\u00ed, Nules, Onda, La Vall d&#8217;Uix\u00f3, Borriana, El Puig de Santa Mar\u00eda, Faura, Estivella, Almenara, Pu\u00e7ol, Segorbe, Rafelbunyol, Tavernes Blanques, Meliana, Alm\u00e0ssera, Museros, Foios, Alboraya, Massamagrell, Ademuz, Rocafort, Chelva, Benaguasil, Vilamarxant, Godella, La Pobla de Vallbona, Moncada, L&#8217;Eliana, B\u00e9tera, Lliria, Burjassot, Massanassa, Alc\u00e0sser, Albal, Silla, Catarroja, Ayora, Utiel, Requena, Picanya, Montserrat, Picassent, Paiporta, Alaqu\u00e0s, Xirivella, Sedav\u00ed, Benet\u00fasser, Alfafar, Benifai\u00f3, Almussafes, Alginet, Alberic, L&#8217;Alc\u00fadia, Carcaixent, Carlet, Cullera, Algemes\u00ed, Sueca, Alzira, Castell\u00f3 de Rugat, Vilallonga, Grau de Gandia, Tavernes de La Valldigna, Oliva, Bellreguard, Orba, El Verger, Pedreguer, Ondara, Pego, Teulada, Benissa, Calp, J\u00e1vea, D\u00e9nia, Moixent, La Pobla Llarga, Albaida, L&#8217;Olleria, Benig\u00e0nim, Castell\u00f3, Chella, Canals, X\u00e0tiva, Ontinyent, Banyeres de Mariola, Onil, Castalla, Cocentaina, Muro de Alcoy, Ibi, Callosa d&#8217;En Sarri\u00e0, L&#8217;Alf\u00e0s del Pi, La Nuc\u00eda, Altea, Villajoyosa, Jijona, Sant Joan d&#8217;Alacant, Mutxamel, El Campello, Biar, Pinoso, Sax, Mon\u00f3var, Novelda, Villena, Monforte del Cid, Santa Pola, Dolores, Catral, Bigastro, Albatera, Almorad\u00ed, Callosa de Segura, San Miguel de Salinas, Pilar de La Horadada, Guardamar del Segura, Rojales, Cheste, Tur\u00eds, Chiva, Bu\u00f1ol, Riba-Roja de Turia, Quart de Poblet, Manises, Aldaia, Mislata, Aspe y Crevillent.<\/p>\n<p style=\"text-align: justify;\">M\u00e1s de 50.000 habitantes: Vila-real, Sagunto, Puerto de Sagunto, Paterna, Torrent, Gandia, Alcoy, Benidorm, Petrer, Elda, San Vicente del Raspeig, Orihuela y Torrevieja.<\/p>\n<p style=\"text-align: justify;\">Grandes centros de vacunaci\u00f3n: Castell\u00f3 de La Plana, Val\u00e8ncia, Alicante y Elche.<\/p>\n","protected":false},"excerpt":{"rendered":"<p>Desde el Centro de Atenci\u00f3n Primaria de l&#8217;Olleria, se hace un llamamiento a todos los usuarios que no tengan su telefono de contacto actualizado, pueden subsanarlo acudiendo al centro \u00f3 llamando por telefono.\u00a0 El Centro comenzar\u00e1 a llamar a la poblaci\u00f3n para la campa\u00f1a de vacunaci\u00f3n COVID-19\u00a0 en cuanto le sean dispensadas las d\u00f3sis. Sanidad [&hellip;]<\/p>\n","protected":false},"author":1,"featured_media":0,"comment_status":"closed","ping_status":"open","sticky":false,"template":"","format":"standard","meta":{"_monsterinsights_skip_tracking":false,"_monsterinsights_sitenote_active":false,"_monsterinsights_sitenote_note":"","_monsterinsights_sitenote_category":0},"categories":[10,12],"tags":[],"_links":{"self":[{"href":"http:\/\/www.portaldelolleria.es\/index.php?rest_route=\/wp\/v2\/posts\/26632"}],"collection":[{"href":"http:\/\/www.portaldelolleria.es\/index.php?rest_route=\/wp\/v2\/posts"}],"about":[{"href":"http:\/\/www.portaldelolleria.es\/index.php?rest_route=\/wp\/v2\/types\/post"}],"author":[{"embeddable":true,"href":"http:\/\/www.portaldelolleria.es\/index.php?rest_route=\/wp\/v2\/users\/1"}],"replies":[{"embeddable":true,"href":"http:\/\/www.portaldelolleria.es\/index.php?rest_route=%2Fwp%2Fv2%2Fcomments&post=26632"}],"version-history":[{"count":3,"href":"http:\/\/www.portaldelolleria.es\/index.php?rest_route=\/wp\/v2\/posts\/26632\/revisions"}],"predecessor-version":[{"id":26636,"href":"http:\/\/www.portaldelolleria.es\/index.php?rest_route=\/wp\/v2\/posts\/26632\/revisions\/26636"}],"wp:attachment":[{"href":"http:\/\/www.portaldelolleria.es\/index.php?rest_route=%2Fwp%2Fv2%2Fmedia&parent=26632"}],"wp:term":[{"taxonomy":"category","embeddable":true,"href":"http:\/\/www.portaldelolleria.es\/index.php?rest_route=%2Fwp%2Fv2%2Fcategories&post=26632"},{"taxonomy":"post_tag","embeddable":true,"href":"http:\/\/www.portaldelolleria.es\/index.php?rest_route=%2Fwp%2Fv2%2Ftags&post=26632"}],"curies":[{"name":"wp","href":"https:\/\/api.w.org\/{rel}","templated":true}]}}