{"id":26649,"date":"2021-03-05T20:34:21","date_gmt":"2021-03-05T18:34:21","guid":{"rendered":"http:\/\/www.portaldelolleria.es\/?p=26649"},"modified":"2021-03-05T20:34:21","modified_gmt":"2021-03-05T18:34:21","slug":"la-tercera-ola-comienza-a-ser-historia-en-lolleria-y-municipios-proximos","status":"publish","type":"post","link":"http:\/\/www.portaldelolleria.es\/?p=26649","title":{"rendered":"La \u00abtercera ola\u00bb, comienza a ser historia en l&#8217;Olleria y municipios pr\u00f3ximos."},"content":{"rendered":"<p style=\"text-align: justify;\"><a href=\"http:\/\/www.portaldelolleria.es\/wp-content\/uploads\/2021\/03\/COVID19_93.jpg\"><img loading=\"lazy\" class=\"aligncenter size-full wp-image-26651\" title=\"COVID19_93\" src=\"http:\/\/www.portaldelolleria.es\/wp-content\/uploads\/2021\/03\/COVID19_93.jpg\" alt=\"\" width=\"598\" height=\"369\" srcset=\"http:\/\/www.portaldelolleria.es\/wp-content\/uploads\/2021\/03\/COVID19_93.jpg 598w, http:\/\/www.portaldelolleria.es\/wp-content\/uploads\/2021\/03\/COVID19_93-300x185.jpg 300w\" sizes=\"(max-width: 598px) 100vw, 598px\" \/><\/a><\/p>\n<p style=\"text-align: justify;\">Octavo descenso consecutivo en el n\u00famero de infectados en l&#8217;Olleria seg\u00fan el \u00faltimo monitoreo que nos ofrece la Generalitat Valenciana.\u00a0\u00a0 El n\u00famero de positivos desciende a 8\u00a0 con una tasa de incidencia que se sit\u00faa por debajo de los 100, en 97 casos\/100.000 hb.\u00a0 Es un buen dato, si contin\u00faa esta tendencia.\u00a0\u00a0 El resto de municipios limitrofes tambi\u00e9n continuan con la desescalada. Alfarras\u00ed y el Palomar mantienen sus positivos, 1 y 2 respectivamente.\u00a0 Albaida y Canals tambi\u00e9n registran\u00a0 significativos descensos donde los de la Vall se sit\u00faan en 10 positivos y los de la Costera bajan hasta 6.\u00a0 Las grandes poblaciones tambi\u00e9n disfrutan de este momento que parec\u00eda no llegar, los setabenses bajan su incidencia a 54 y los de Ontinyent todav\u00eda siguen en\u00a0 m\u00e1s de 150 de incidencia, pero con otra importante bajada consecutiva, otros 30 positivos menos.<\/p>\n<p style=\"text-align: justify;\">La \u00abtercera ola\u00bb, comienza a ser historia en l&#8217;Olleria y municipios pr\u00f3ximos.\u00a0 Con todos estos datos comparados en momentos muy complicados en enero,\u00a0 podemos calificarlos de buenos.\u00a0 Pero lamentablente esto, no se ha acabado.\u00a0 Por el mundo ya vemos paises donde se comienza a hablar de una cuarta ola.\u00a0 Eso no implica que todos tengan que pasar por ella.\u00a0 Sigamos con las medidas preventivas,\u00a0 que ya forman parte de nuestras rutinas.\u00a0 Tambi\u00e9n ser\u00e1 fundamental,\u00a0 el ritmo de vacunaci\u00f3n masiva\u00a0 que anuncian como inminente en toda la zona.<\/p>\n<p style=\"text-align: justify;\">Algunos virologos, e inmunologos, advierten que la cuarta ola podr\u00eda empezar a detectarse a mediados de marzo,\u00a0 y siempre y cuando\u00a0 el ritmo de vacunaci\u00f3n se mantenga, el sector de poblaci\u00f3n que podr\u00eda verse m\u00e1s afectado, ser\u00edan los jovenes, ya que tardar\u00e1n en ser inmunizados y son lo que m\u00e1s actividad o movilidad tienen. Se convierten en la mayor fuente de trasmisi\u00f3n del virus. Adem\u00e1s, si no se mentalizan del peligro ser\u00e1n los m\u00e1s afectados por la enfermedad en un futuro pr\u00f3ximo.<\/p>\n<p><a href=\"http:\/\/www.portaldelolleria.es\/wp-content\/uploads\/2021\/03\/mapa_93.jpg\"><img loading=\"lazy\" class=\"aligncenter size-full wp-image-26650\" title=\"mapa_93\" src=\"http:\/\/www.portaldelolleria.es\/wp-content\/uploads\/2021\/03\/mapa_93.jpg\" alt=\"\" width=\"598\" height=\"454\" srcset=\"http:\/\/www.portaldelolleria.es\/wp-content\/uploads\/2021\/03\/mapa_93.jpg 598w, http:\/\/www.portaldelolleria.es\/wp-content\/uploads\/2021\/03\/mapa_93-300x227.jpg 300w\" sizes=\"(max-width: 598px) 100vw, 598px\" \/><\/a><\/p>\n<div style=\"text-align: justify;\"><strong>La Comunitat registra 894 altas y 450 casos nuevos de coronavirus<\/strong><\/div>\n<div style=\"text-align: justify;\">05\/03\/2021<\/div>\n<p style=\"text-align: justify;\"><strong>&#8211; Por provincias se han registrado 38 nuevos casos en Castell\u00f3n, 194 en Alicante, 218 en la provincia de Valencia<br \/>\n&#8211; Se han administrado 397.231 dosis de la vacuna contra el coronavirus y 113.831 ya han recibido las dos dosis<\/strong><\/p>\n<p>La Comunitat Valenciana ha administrado un total de 397.231 dosis de la vacuna contra el coronavirus. Por provincias, 48.617 en Castell\u00f3n, 141.624 en Alicante y 206.990 en Valencia. Han recibido las dos dosis 113.831 personas.<\/p>\n<p>Por otro lado, se han notificado 450 casos nuevos de coronavirus confirmados por prueba PCR o a trav\u00e9s de test de ant\u00edgenos desde la \u00faltima actualizaci\u00f3n, que sit\u00faan la cifra total de positivos en 380.901 personas. Por provincias, la distribuci\u00f3n de nuevos positivos es la siguiente: 38 en Castell\u00f3n (38.859 en total), 194 en Alicante (143.374 en total) y 218 en la provincia de Valencia (198.665). Adem\u00e1s, el n\u00famero de casos sin asignar se mantiene en 3.<\/p>\n<p>Desde la \u00faltima actualizaci\u00f3n se han registrado 894 altas a pacientes con coronavirus. De esta forma, ya son 378.894 personas en la Comunitat Valenciana las que han superado la enfermedad desde que comenz\u00f3 la pandemia. Por provincias, las altas se distribuyen del siguiente modo: 38.901 en Castell\u00f3n, 142.002 en Alicante y 197.934 en Valencia, adem\u00e1s de 57 no asignadas.<\/p>\n<p>Los hospitales valencianos tienen, actualmente, 857 personas ingresadas: 76 en la provincia de Castell\u00f3n, con 13 pacientes en UCI; 387 en la provincia de Alicante, 107 de ellos en la UCI; y 394 en la provincia de Valencia, 107 de ellos en UCI.<\/p>\n<p>Adem\u00e1s, se han registrado 34 fallecimientos por coronavirus desde la \u00faltima actualizaci\u00f3n, por lo que el total de defunciones desde el inicio de la pandemia es de 6.836 personas: 762 en la provincia de Castell\u00f3n, 2.568 en la de Alicante y 3.506 en la de Valencia.<\/p>\n<p>De acuerdo con los datos registrados, en estos momentos hay 6.648 casos activos, lo que supone un 1,69%% del total de positivos.<\/p>\n<p><strong>Actualizaci\u00f3n de la situaci\u00f3n en residencias<\/strong><\/p>\n<p>Desde la \u00faltima actualizaci\u00f3n, los casos positivos en residencias de mayores se han reducido a 61 (5 en la provincia de Castell\u00f3n, 21 en la provincia de Alicante y 35 en la provincia de Valencia), 12 centros de diversidad funcional (1 en la provincia de Castell\u00f3n, 2 en la provincia de Alicante y 9 en la provincia de Valencia) y 1 centro de menores en la provincia de Valencia.<\/p>\n<p>\u00b7 Residentes nuevos positivos: 15<br \/>\n\u00b7 Trabajadores y trabajadoras nuevos positivos: 7<br \/>\n\u00b7 Residentes que han fallecido: 14<\/p>\n<p>Actualmente, se encuentran bajo vigilancia activa de control sanitario 29 residencias en la Comunitat Valenciana: 4 en la provincia de Castell\u00f3n, 12 en la provincia de Alicante y 13 en la provincia de Val\u00e8ncia.<\/p>\n<p><strong>Actualizaci\u00f3n brotes de coronavirus<\/strong><\/p>\n<p>Se han registrado 7 nuevos brotes desde la \u00faltima actualizaci\u00f3n.<\/p>\n<p>\u00b7 Moncada: 5 casos. Origen social<br \/>\n\u00b7 Val\u00e8ncia: 4 casos. Origen social<br \/>\n\u00b7 Callosa de Segura: 5 casos. Origen laboral<br \/>\n\u00b7 Alicante: 12 casos. Origen social<br \/>\n\u00b7 Alicante: 10 casos. Origen laboral<br \/>\n\u00b7 Alicante: 9 casos. Origen laboral<br \/>\n\u00b7 Val\u00e8ncia: 4 casos. Origen social<\/p>\n","protected":false},"excerpt":{"rendered":"<p>Octavo descenso consecutivo en el n\u00famero de infectados en l&#8217;Olleria seg\u00fan el \u00faltimo monitoreo que nos ofrece la Generalitat Valenciana.\u00a0\u00a0 El n\u00famero de positivos desciende a 8\u00a0 con una tasa de incidencia que se sit\u00faa por debajo de los 100, en 97 casos\/100.000 hb.\u00a0 Es un buen dato, si contin\u00faa esta tendencia.\u00a0\u00a0 El resto de [&hellip;]<\/p>\n","protected":false},"author":1,"featured_media":0,"comment_status":"closed","ping_status":"open","sticky":false,"template":"","format":"standard","meta":{"_monsterinsights_skip_tracking":false,"_monsterinsights_sitenote_active":false,"_monsterinsights_sitenote_note":"","_monsterinsights_sitenote_category":0},"categories":[10,12],"tags":[],"_links":{"self":[{"href":"http:\/\/www.portaldelolleria.es\/index.php?rest_route=\/wp\/v2\/posts\/26649"}],"collection":[{"href":"http:\/\/www.portaldelolleria.es\/index.php?rest_route=\/wp\/v2\/posts"}],"about":[{"href":"http:\/\/www.portaldelolleria.es\/index.php?rest_route=\/wp\/v2\/types\/post"}],"author":[{"embeddable":true,"href":"http:\/\/www.portaldelolleria.es\/index.php?rest_route=\/wp\/v2\/users\/1"}],"replies":[{"embeddable":true,"href":"http:\/\/www.portaldelolleria.es\/index.php?rest_route=%2Fwp%2Fv2%2Fcomments&post=26649"}],"version-history":[{"count":1,"href":"http:\/\/www.portaldelolleria.es\/index.php?rest_route=\/wp\/v2\/posts\/26649\/revisions"}],"predecessor-version":[{"id":26652,"href":"http:\/\/www.portaldelolleria.es\/index.php?rest_route=\/wp\/v2\/posts\/26649\/revisions\/26652"}],"wp:attachment":[{"href":"http:\/\/www.portaldelolleria.es\/index.php?rest_route=%2Fwp%2Fv2%2Fmedia&parent=26649"}],"wp:term":[{"taxonomy":"category","embeddable":true,"href":"http:\/\/www.portaldelolleria.es\/index.php?rest_route=%2Fwp%2Fv2%2Fcategories&post=26649"},{"taxonomy":"post_tag","embeddable":true,"href":"http:\/\/www.portaldelolleria.es\/index.php?rest_route=%2Fwp%2Fv2%2Ftags&post=26649"}],"curies":[{"name":"wp","href":"https:\/\/api.w.org\/{rel}","templated":true}]}}