{"id":26653,"date":"2021-03-09T12:45:35","date_gmt":"2021-03-09T10:45:35","guid":{"rendered":"http:\/\/www.portaldelolleria.es\/?p=26653"},"modified":"2021-03-09T12:45:35","modified_gmt":"2021-03-09T10:45:35","slug":"lolleria-rebaja-su-numero-de-contagios-a-3-positivos","status":"publish","type":"post","link":"http:\/\/www.portaldelolleria.es\/?p=26653","title":{"rendered":"L&#8217;Olleria rebaja su n\u00famero de contagios a 3 positivos"},"content":{"rendered":"<p style=\"text-align: justify;\"><a href=\"http:\/\/www.portaldelolleria.es\/wp-content\/uploads\/2021\/03\/COVID19_94.jpg\"><img loading=\"lazy\" class=\"aligncenter size-full wp-image-26655\" title=\"COVID19_94\" src=\"http:\/\/www.portaldelolleria.es\/wp-content\/uploads\/2021\/03\/COVID19_94.jpg\" alt=\"\" width=\"598\" height=\"369\" srcset=\"http:\/\/www.portaldelolleria.es\/wp-content\/uploads\/2021\/03\/COVID19_94.jpg 598w, http:\/\/www.portaldelolleria.es\/wp-content\/uploads\/2021\/03\/COVID19_94-300x185.jpg 300w\" sizes=\"(max-width: 598px) 100vw, 598px\" \/><\/a><\/p>\n<p style=\"text-align: justify;\">L&#8217;Olleria reduce\u00a0 su n\u00famero de infectados a 3 positivos, con una incidencia acumulada de 36\u00a0 que la acerca a la zona \u00abverde\u00bb donde ya estan situadas otras localidades como Aielo, Bell\u00fas, Guadassequies, Alfarras\u00ed, Montaverner, B\u00fafali, Sempere y Benissuera.\u00a0 Casi todas las poblaciones lim\u00edtrofes registran descensos, o se mantienen a cero.\u00a0 Salvo Canals, que sorpresivamente ha aumentado su n\u00famero de contagiados.\u00a0 La grandes poblaciones como Ontinyent, contin\u00faa con su desescalada a buen ritmo, y X\u00e0tiva est\u00e1 muy cerca de entrar tambi\u00e9n en la zona verde con un nivel de incidencia bastante bajo.<\/p>\n<p style=\"text-align: justify;\">Son buenas noticias, que dan un \u00abrespiro\u00bb, tras dos meses alarmantes.\u00a0\u00a0 En el horizonte el problema m\u00e1s inmediato es la vacunaci\u00f3n masiva de la poblaci\u00f3n,\u00a0 antes de que se produzca la \u00abanunciada\u00bb cuarta ola donde pueden entrar en juego nuevas de cepas\u00a0 con variantes de consecuencias imprevisibles.\u00a0 De hecho en tan s\u00f3lo un a\u00f1o, ya se han registrado mutaciones como la brit\u00e1nica o la mexicana como m\u00e1s infecciosas, \u00f3 la sudafricana y la brasile\u00f1a que afectan a la inmunidad . Tambi\u00e9n est\u00e1 la Californiana (la cepa del diablo), por su alta carga v\u00edrica y resistencia a las vacunas que fu\u00e9 detectada por primera vez en diciembre.<\/p>\n<p style=\"text-align: justify;\">08\/03\/2021<\/p>\n<div style=\"text-align: justify;\"><strong>Sanidad tiene previsto administrar unas 68.000 dosis de vacunas frente a la COVID-19 durante esta semana<\/strong><\/div>\n<p style=\"text-align: justify;\"><strong>&#8211; Contin\u00faa la vacunaci\u00f3n de personas mayores de 80 a\u00f1os y del grupo de grandes dependientes, que se prolongar\u00e1 varias semanas<br \/>\n&#8211; Se han distribuido 18.500 dosis de la vacuna de AstraZeneca destinadas a personas cuidadoras profesionales<\/strong><\/p>\n<p style=\"text-align: justify;\">La Conselleria de Sanidad Universal y Salud P\u00fablica contin\u00faa esta semana con la campa\u00f1a de vacunaci\u00f3n frente a la COVID-19 en la Comunitat Valenciana.<\/p>\n<p style=\"text-align: justify;\">En este sentido, se va a administrar la segunda dosis de vacuna en residencias a las personas que fueron vacunadas con la primera dosis la semana del 15 de febrero. Asimismo, en estos mismos centros van a ser vacunadas con la primera dosis las personas que no pudieron vacunarse anteriormente, bien por infecci\u00f3n activa o por ser nuevos ingresos. Todas ellas con la vacuna de Pfizer-comirnaty.<\/p>\n<p style=\"text-align: justify;\">Otro de los grupos en los que contin\u00faa la vacunaci\u00f3n esta semana son las personas de los centros de d\u00eda de diversidad funcional, para quienes hay previstas esta semana 4.800 dosis de Pfizer.<\/p>\n<p style=\"text-align: justify;\">En cuanto a las y los profesionales del sistema sanitario de salud, se van a vacunar esta semana quienes recibieron la primera dosis durante la semana del 15 de febrero y quienes no pudieron vacunarse en ese momento.<\/p>\n<p style=\"text-align: justify;\">Por otro lado, se han destinado esta semana 18.500 dosis de la vacuna de AstraZeneca para la vacunaci\u00f3n de parte del grupo de cuidadoras y cuidadores no profesionales. Adem\u00e1s, se va a administrar esta vacuna tambi\u00e9n a profesionales de los centros de d\u00eda.<\/p>\n<p style=\"text-align: justify;\">Tambi\u00e9n est\u00e1n previstas unas 35.000 dosis de Pfizer para continuar con la vacunaci\u00f3n de personas mayores de 80 a\u00f1os y grandes dependientes, y unas 2.000 dosis de la vacuna de Moderna.<\/p>\n<p style=\"text-align: justify;\">Finalmente, se va a continuar administrando segundas dosis de Moderna para el personal de hospitales p\u00fablicos y del Centro de Transfusiones de la Comunitat Valenciana.<\/p>\n<p style=\"text-align: justify;\">\n<p style=\"text-align: justify;\"><a href=\"http:\/\/www.portaldelolleria.es\/wp-content\/uploads\/2021\/03\/mapa_94.jpg\"><img loading=\"lazy\" class=\"aligncenter size-full wp-image-26654\" title=\"mapa_94\" src=\"http:\/\/www.portaldelolleria.es\/wp-content\/uploads\/2021\/03\/mapa_94.jpg\" alt=\"\" width=\"598\" height=\"484\" srcset=\"http:\/\/www.portaldelolleria.es\/wp-content\/uploads\/2021\/03\/mapa_94.jpg 598w, http:\/\/www.portaldelolleria.es\/wp-content\/uploads\/2021\/03\/mapa_94-300x242.jpg 300w\" sizes=\"(max-width: 598px) 100vw, 598px\" \/><\/a><\/p>\n<p style=\"text-align: justify;\"><span style=\"color: #888888;\"><em>Generalita Valenciana 08\/03\/2021<\/em><\/span><\/p>\n<div style=\"text-align: justify;\"><strong>La Comunitat registra 835 altas y 189 casos nuevos de coronavirus<\/strong><\/div>\n<p style=\"text-align: justify;\"><strong>&#8211; Por provincias, se registran 30 en Castell\u00f3n, 81 en Alicante, 75 en la provincia de Valencia y 3 no asignados<br \/>\n&#8211; Se han administrado 421.650 dosis de la vacuna contra el coronavirus y 119.080 personas ya han recibido las dos dosis<\/strong><\/p>\n<p style=\"text-align: justify;\">La Comunitat Valenciana ha administrado un total de 421.650 dosis de la vacuna contra el coronavirus. Por provincias, se han administrado 51.001 en Castell\u00f3n, 149.962 en Alicante y 220.687 en Valencia. Han recibido las dos dosis 119.080 personas.<\/p>\n<p style=\"text-align: justify;\">Por otro lado, se han notificado 189 casos nuevos de coronavirus confirmados por prueba PCR o a trav\u00e9s de test de ant\u00edgenos desde la \u00faltima actualizaci\u00f3n, que sit\u00faan la cifra total de positivos en 381.570 personas. Por provincias, la distribuci\u00f3n de nuevos positivos es la siguiente: 30 en Castell\u00f3n (38.922 en total), 81 en Alicante (143.635 en total) y 75 en la provincia de Valencia (199.010). Adem\u00e1s, el n\u00famero de casos sin asignar es 3.<\/p>\n<p style=\"text-align: justify;\">Desde la \u00faltima actualizaci\u00f3n se han registrado 835 altas a pacientes con coronavirus. De esta forma, ya son 380.200 personas en la Comunitat Valenciana las que han superado la enfermedad desde que comenz\u00f3 la pandemia. Por provincias, las altas se distribuyen del siguiente modo: 39.087 en Castell\u00f3n, 142.507 en Alicante y 198.549 en Valencia, adem\u00e1s de 57 no asignadas.<\/p>\n<p style=\"text-align: justify;\">Los hospitales valencianos tienen, actualmente, 786 personas ingresadas: 66 en la provincia de Castell\u00f3n, con 8 pacientes en UCI; 358 en la provincia de Alicante, 94 de ellos en la UCI; y 362 en la provincia de Valencia, 101 de ellos en UCI.<\/p>\n<p style=\"text-align: justify;\">Adem\u00e1s, se han registrado 23 fallecimientos por coronavirus desde la \u00faltima actualizaci\u00f3n, por lo que el total de defunciones desde el inicio de la pandemia es de 6.873 personas: 765 en la provincia de Castell\u00f3n, 2.592 en la de Alicante y 3.516 en la de Valencia.<\/p>\n<p style=\"text-align: justify;\">De acuerdo con los datos registrados, en estos momentos hay 5.974 casos activos, lo que supone un 1,52%% del total de positivos.<\/p>\n<p style=\"text-align: justify;\"><strong>Actualizaci\u00f3n de la situaci\u00f3n en residencias<\/strong><\/p>\n<p style=\"text-align: justify;\">Desde la \u00faltima actualizaci\u00f3n, los casos positivos en residencias de personas mayores se han reducido a 48 (4 en la provincia de Castell\u00f3n, 17 en la provincia de Alicante y 27 en la provincia de Valencia), 8 centros de diversidad funcional (1 en la provincia de Alicante y 7 en la provincia de Valencia) y 1 centro de menores en la provincia de Valencia.<\/p>\n<p style=\"text-align: justify;\">\u00b7 Residentes nuevos positivos: 17<br \/>\n\u00b7 Trabajadores y trabajadoras nuevos positivos: 7<br \/>\n\u00b7 Residentes que han fallecido: 8<\/p>\n<p style=\"text-align: justify;\">Actualmente, se encuentran bajo vigilancia activa de control sanitario 23 residencias en la Comunitat Valenciana: 4 en la provincia de Castell\u00f3n, 12 en la provincia de Alicante y 13 en la provincia de Val\u00e8ncia.<\/p>\n<p style=\"text-align: justify;\"><strong>Actualizaci\u00f3n brotes de coronavirus<\/strong><\/p>\n<p style=\"text-align: justify;\">Se han registrado 11 nuevos brotes desde la \u00faltima actualizaci\u00f3n.<\/p>\n<p style=\"text-align: justify;\">\u00b7 Callosa de Segura: 13 casos. Origen social<br \/>\n\u00b7 Catral: 4 casos. Origen social<br \/>\n\u00b7 Benidorm: 4 casos. Origen social<br \/>\n\u00b7 Val\u00e8ncia: 3 casos. Origen social<br \/>\n\u00b7 Val\u00e8ncia: 5 casos. Origen laboral<br \/>\n\u00b7 Carlet: 7 casos. Origen social<br \/>\n\u00b7 Elche: 3 casos. Origen social<br \/>\n\u00b7 Elche: 5 casos. Origen social<br \/>\n\u00b7 Val\u00e8ncia: 3 casos. Origen social<br \/>\n\u00b7 Val\u00e8ncia: 6 casos. Origen social<br \/>\n\u00b7 Banyeres de Mariola: 5 casos. Origen social<\/p>\n<p style=\"text-align: justify;\">\n<p style=\"text-align: justify;\">\n","protected":false},"excerpt":{"rendered":"<p>L&#8217;Olleria reduce\u00a0 su n\u00famero de infectados a 3 positivos, con una incidencia acumulada de 36\u00a0 que la acerca a la zona \u00abverde\u00bb donde ya estan situadas otras localidades como Aielo, Bell\u00fas, Guadassequies, Alfarras\u00ed, Montaverner, B\u00fafali, Sempere y Benissuera.\u00a0 Casi todas las poblaciones lim\u00edtrofes registran descensos, o se mantienen a cero.\u00a0 Salvo Canals, que sorpresivamente ha [&hellip;]<\/p>\n","protected":false},"author":1,"featured_media":0,"comment_status":"closed","ping_status":"open","sticky":false,"template":"","format":"standard","meta":{"_monsterinsights_skip_tracking":false,"_monsterinsights_sitenote_active":false,"_monsterinsights_sitenote_note":"","_monsterinsights_sitenote_category":0},"categories":[10,12],"tags":[],"_links":{"self":[{"href":"http:\/\/www.portaldelolleria.es\/index.php?rest_route=\/wp\/v2\/posts\/26653"}],"collection":[{"href":"http:\/\/www.portaldelolleria.es\/index.php?rest_route=\/wp\/v2\/posts"}],"about":[{"href":"http:\/\/www.portaldelolleria.es\/index.php?rest_route=\/wp\/v2\/types\/post"}],"author":[{"embeddable":true,"href":"http:\/\/www.portaldelolleria.es\/index.php?rest_route=\/wp\/v2\/users\/1"}],"replies":[{"embeddable":true,"href":"http:\/\/www.portaldelolleria.es\/index.php?rest_route=%2Fwp%2Fv2%2Fcomments&post=26653"}],"version-history":[{"count":2,"href":"http:\/\/www.portaldelolleria.es\/index.php?rest_route=\/wp\/v2\/posts\/26653\/revisions"}],"predecessor-version":[{"id":26657,"href":"http:\/\/www.portaldelolleria.es\/index.php?rest_route=\/wp\/v2\/posts\/26653\/revisions\/26657"}],"wp:attachment":[{"href":"http:\/\/www.portaldelolleria.es\/index.php?rest_route=%2Fwp%2Fv2%2Fmedia&parent=26653"}],"wp:term":[{"taxonomy":"category","embeddable":true,"href":"http:\/\/www.portaldelolleria.es\/index.php?rest_route=%2Fwp%2Fv2%2Fcategories&post=26653"},{"taxonomy":"post_tag","embeddable":true,"href":"http:\/\/www.portaldelolleria.es\/index.php?rest_route=%2Fwp%2Fv2%2Ftags&post=26653"}],"curies":[{"name":"wp","href":"https:\/\/api.w.org\/{rel}","templated":true}]}}