{"id":26682,"date":"2021-03-12T12:35:37","date_gmt":"2021-03-12T10:35:37","guid":{"rendered":"http:\/\/www.portaldelolleria.es\/?p=26682"},"modified":"2021-03-12T12:37:54","modified_gmt":"2021-03-12T10:37:54","slug":"lolleria-reduce-sus-contagios-a-un-solo-positivo","status":"publish","type":"post","link":"http:\/\/www.portaldelolleria.es\/?p=26682","title":{"rendered":"L&#8217;Olleria reduce sus contagios a un s\u00f3lo positivo."},"content":{"rendered":"<p style=\"text-align: justify;\"><a href=\"http:\/\/www.portaldelolleria.es\/wp-content\/uploads\/2021\/03\/COVID19_95.jpg\"><img loading=\"lazy\" class=\"aligncenter size-full wp-image-26684\" title=\"COVID19_95\" src=\"http:\/\/www.portaldelolleria.es\/wp-content\/uploads\/2021\/03\/COVID19_95.jpg\" alt=\"\" width=\"598\" height=\"369\" srcset=\"http:\/\/www.portaldelolleria.es\/wp-content\/uploads\/2021\/03\/COVID19_95.jpg 598w, http:\/\/www.portaldelolleria.es\/wp-content\/uploads\/2021\/03\/COVID19_95-300x185.jpg 300w\" sizes=\"(max-width: 598px) 100vw, 598px\" \/><\/a><\/p>\n<p style=\"text-align: justify;\">Un positivo, una incidencia de 12 positivos por cada 100.000 hab. es casi como certificar el final de esta \u00abtercera ola\u00bb. Comenzamos el a\u00f1o con 53 casos, llegamos a alcanzar los 136 a mediados de enero, hemos tenido que esperar casi dos meses m\u00e1s hasta ver registros tranquilizadores. Pero esto no se acab\u00f3. Lo que se acab\u00f3 en l&#8217;Olleria y alrededores es la tercera embestida del Covid19. Si mantenemos los criterios de prevenci\u00f3n, mascarillas, distancia social, etc, (que ya deber\u00edamos aceptarlos como algo rutinario y no pasajero), mejoraremos las posibilidades para hacer frente a la pr\u00f3xima ola.<\/p>\n<p style=\"text-align: justify;\">No es necesario recordar que en otros paises europeos, ahora mismo la situaci\u00f3n es bastante grave como en Francia \u00f3 Italia por citar a los m\u00e1s pr\u00f3ximos. Es decir, \u00ab<strong><em>abandone cualquier sensaci\u00f3n de eufor\u00eda respecto al Covid<\/em><\/strong>\u00ab, sigue circulando y est\u00e1 muy lejos de ser erradicado. Simplemente aqu\u00ed y en estos momentos tenemos un \u00abrespiro\u00bb y tiempo para minimizar mejor los efectos de la pr\u00f3xima ola.<\/p>\n<p style=\"text-align: justify;\">En municipios pr\u00f3ximos, salvo Canals que vuelve a sumar un positivo, contin\u00faa el descenso de contagios. Ontinyent sigue a un lento ritmo, pero sigue descontando, X\u00e0tiva est\u00e1 cerca de bajar de los 10 contagiados, el resto al igual que l&#8217;Olleria se van acercando a \u00abcero\u00bb afectados que es la cifra que m\u00e1s predomina en las peque\u00f1as poblaciones pr\u00f3ximas.<\/p>\n<p>&nbsp;<\/p>\n<p><a href=\"http:\/\/www.portaldelolleria.es\/wp-content\/uploads\/2021\/03\/mapa_95.jpg\"><img loading=\"lazy\" class=\"aligncenter size-full wp-image-26683\" title=\"mapa_95\" src=\"http:\/\/www.portaldelolleria.es\/wp-content\/uploads\/2021\/03\/mapa_95.jpg\" alt=\"\" width=\"598\" height=\"484\" srcset=\"http:\/\/www.portaldelolleria.es\/wp-content\/uploads\/2021\/03\/mapa_95.jpg 598w, http:\/\/www.portaldelolleria.es\/wp-content\/uploads\/2021\/03\/mapa_95-300x242.jpg 300w\" sizes=\"(max-width: 598px) 100vw, 598px\" \/><\/a><\/p>\n<p><span style=\"color: #888888;\"><em>Generalitat Valenciana 11\/03\/2021<\/em><\/span><\/p>\n<div style=\"text-align: justify;\"><strong>La Comunitat registra 300 casos nuevos de coronavirus y 516 altas<\/strong><\/div>\n<p style=\"text-align: justify;\"><strong>&#8211; Por provincias: 16 en Castell\u00f3n, 112 en Alicante, 171 en Valencia y 1 no asignado<br \/>\n&#8211; Se han administrado un total de 453.107 dosis de la vacuna contra el coronavirus<\/strong><\/p>\n<p style=\"text-align: justify;\">La Comunitat Valenciana ha administrado un total de 453.107 dosis de la vacuna contra el coronavirus. Por provincias, 55.072 en Castell\u00f3n, 159.252 en Alicante y 238.783 en Valencia. Han recibido las dos dosis 131.713 personas.<\/p>\n<p style=\"text-align: justify;\">Por otro lado, se han notificado 300 casos nuevos de coronavirus confirmados por prueba PCR o a trav\u00e9s de test de ant\u00edgenos desde la \u00faltima actualizaci\u00f3n, que sit\u00faan la cifra total de positivos en 382.440 personas. Por provincias, la distribuci\u00f3n de nuevos positivos es la siguiente: 16 en Castell\u00f3n (39.023 en total), 112 en Alicante (143.951 en total) y 171 en la provincia de Valencia (199.461). Adem\u00e1s, hay 1 nuevo caso sin asignar, con lo que el total de casos sin asignar asciende a 5.<\/p>\n<p style=\"text-align: justify;\">Desde la \u00faltima actualizaci\u00f3n se han registrado 516 altas a pacientes con coronavirus. De esta forma, ya son 381.906 personas en la Comunitat Valenciana las que han superado la enfermedad desde que comenz\u00f3 la pandemia. Por provincias, las altas se distribuyen del siguiente modo: 39.281 en Castell\u00f3n, 143.158 en Alicante y 199.408 en Valencia, adem\u00e1s de 59 no asignadas.<\/p>\n<p style=\"text-align: justify;\">Los hospitales valencianos tienen, actualmente, 663 personas ingresadas: 50 en la provincia de Castell\u00f3n, con 7 pacientes en UCI; 298 en la provincia de Alicante, 80 de ellos en la UCI; y 315 en la provincia de Valencia, 91 de ellos en UCI.<\/p>\n<p style=\"text-align: justify;\">Adem\u00e1s, se han registrado 23 fallecimientos por coronavirus desde la \u00faltima actualizaci\u00f3n, por lo que el total de defunciones desde el inicio de la pandemia es de 6.972 personas: 770 en la provincia de Castell\u00f3n, 2.622 en la de Alicante y 3.580 en la de Valencia.<\/p>\n<p style=\"text-align: justify;\">De acuerdo con los datos registrados, en estos momentos hay 5.038 casos activos, lo que supone un 1,28% del total de positivos.<\/p>\n<p style=\"text-align: justify;\"><strong>Actualizaci\u00f3n de la situaci\u00f3n en residencias<\/strong><\/p>\n<p style=\"text-align: justify;\">Desde la \u00faltima actualizaci\u00f3n, los casos positivos en residencias de mayores se han reducido a 29 (3 en la provincia de Castell\u00f3n, 4 en la provincia de Alicante y 22 en la provincia de Valencia), 6 centros de diversidad funcional (1 en la provincia de Alicante y 5 en la provincia de Valencia) y 2 centros de menores (1 en la provincia de Valencia y 1 en la provincia de Alicante).<\/p>\n<p style=\"text-align: justify;\">\u00b7 Residentes nuevos positivos: 4<br \/>\n\u00b7 Trabajadores y trabajadoras nuevos positivos: 7<br \/>\n\u00b7 Residentes que han fallecido: 7<\/p>\n<p style=\"text-align: justify;\">Actualmente, se encuentran bajo vigilancia activa de control sanitario 12 residencias en la Comunitat Valenciana: 2 en la provincia de Castell\u00f3n, 5 en la provincia de Alicante y 8 en la provincia de Valencia.<\/p>\n<p style=\"text-align: justify;\"><strong>Actualizaci\u00f3n brotes de coronavirus<\/strong><\/p>\n<p style=\"text-align: justify;\">Se han registrado 6 nuevos brotes desde la \u00faltima actualizaci\u00f3n.<\/p>\n<p style=\"text-align: justify;\">\u00b7 Rojales: 4 casos. \u00c1mbito educativo<br \/>\n\u00b7 Callosa de Segura: 5 casos. Origen social<br \/>\n\u00b7 Catarroja: 4 casos. Origen social<br \/>\n\u00b7 L&#8217;Alf\u00e0s del Pi: 5 casos. Origen social<br \/>\n\u00b7 Val\u00e8ncia: 3 casos. Origen social<br \/>\n\u00b7 Val\u00e8ncia: 4 casos. Origen social<\/p>\n","protected":false},"excerpt":{"rendered":"<p>Un positivo, una incidencia de 12 positivos por cada 100.000 hab. es casi como certificar el final de esta \u00abtercera ola\u00bb. Comenzamos el a\u00f1o con 53 casos, llegamos a alcanzar los 136 a mediados de enero, hemos tenido que esperar casi dos meses m\u00e1s hasta ver registros tranquilizadores. Pero esto no se acab\u00f3. Lo que [&hellip;]<\/p>\n","protected":false},"author":1,"featured_media":0,"comment_status":"closed","ping_status":"open","sticky":false,"template":"","format":"standard","meta":{"_monsterinsights_skip_tracking":false,"_monsterinsights_sitenote_active":false,"_monsterinsights_sitenote_note":"","_monsterinsights_sitenote_category":0},"categories":[10,12],"tags":[],"_links":{"self":[{"href":"http:\/\/www.portaldelolleria.es\/index.php?rest_route=\/wp\/v2\/posts\/26682"}],"collection":[{"href":"http:\/\/www.portaldelolleria.es\/index.php?rest_route=\/wp\/v2\/posts"}],"about":[{"href":"http:\/\/www.portaldelolleria.es\/index.php?rest_route=\/wp\/v2\/types\/post"}],"author":[{"embeddable":true,"href":"http:\/\/www.portaldelolleria.es\/index.php?rest_route=\/wp\/v2\/users\/1"}],"replies":[{"embeddable":true,"href":"http:\/\/www.portaldelolleria.es\/index.php?rest_route=%2Fwp%2Fv2%2Fcomments&post=26682"}],"version-history":[{"count":2,"href":"http:\/\/www.portaldelolleria.es\/index.php?rest_route=\/wp\/v2\/posts\/26682\/revisions"}],"predecessor-version":[{"id":26686,"href":"http:\/\/www.portaldelolleria.es\/index.php?rest_route=\/wp\/v2\/posts\/26682\/revisions\/26686"}],"wp:attachment":[{"href":"http:\/\/www.portaldelolleria.es\/index.php?rest_route=%2Fwp%2Fv2%2Fmedia&parent=26682"}],"wp:term":[{"taxonomy":"category","embeddable":true,"href":"http:\/\/www.portaldelolleria.es\/index.php?rest_route=%2Fwp%2Fv2%2Fcategories&post=26682"},{"taxonomy":"post_tag","embeddable":true,"href":"http:\/\/www.portaldelolleria.es\/index.php?rest_route=%2Fwp%2Fv2%2Ftags&post=26682"}],"curies":[{"name":"wp","href":"https:\/\/api.w.org\/{rel}","templated":true}]}}