{"id":26690,"date":"2021-03-16T20:08:57","date_gmt":"2021-03-16T18:08:57","guid":{"rendered":"http:\/\/www.portaldelolleria.es\/?p=26690"},"modified":"2021-03-16T20:46:11","modified_gmt":"2021-03-16T18:46:11","slug":"l%e2%80%99olleria-vuelve-a-sumar-contagios","status":"publish","type":"post","link":"http:\/\/www.portaldelolleria.es\/?p=26690","title":{"rendered":"L\u2019Olleria vuelve a sumar contagios"},"content":{"rendered":"<p><a href=\"http:\/\/www.portaldelolleria.es\/wp-content\/uploads\/2021\/03\/COVID19_96.jpg\"><img loading=\"lazy\" class=\"aligncenter size-full wp-image-26692\" title=\"COVID19_96\" src=\"http:\/\/www.portaldelolleria.es\/wp-content\/uploads\/2021\/03\/COVID19_96.jpg\" alt=\"\" width=\"598\" height=\"369\" srcset=\"http:\/\/www.portaldelolleria.es\/wp-content\/uploads\/2021\/03\/COVID19_96.jpg 598w, http:\/\/www.portaldelolleria.es\/wp-content\/uploads\/2021\/03\/COVID19_96-300x185.jpg 300w\" sizes=\"(max-width: 598px) 100vw, 598px\" \/><\/a><\/p>\n<p style=\"text-align: justify;\">Cuando todos esperabamos poner la cuenta a \u00ab0\u00bb,\u00a0 como si de un reseteo se tratase, l&#8217;Olleria vuelve a sumar contagios, en este caso dos m\u00e1s y rompe la tendencia que llevabamos desde el 9 de febrero.\u00a0\u00a0 La tasa de incidencia (+14) sube a 36\u00a0 y vuelve a abrirse la caja del \u00abdesconcierto\u00bb,\u00a0 ya que casi todas las localidades pr\u00f3ximas siguen reduciendo sus cifras, mientras un buen n\u00famero de pueblos siguen instalados en \u00abcero\u00bb contagios.\u00a0\u00a0 Tan s\u00f3lo X\u00e0tiva ha vuelto a sumar despu\u00e9s de una espectacular desescalada.<\/p>\n<p style=\"text-align: justify;\">Los dem\u00e1s municipios si, siguen con la tendencia,\u00a0 Aielo entra en el \u00abclub\u00bb de los cero contagiados,\u00a0 Mientras Albaida con todo lo que tuvo\u00a0 rebaja a 3 el n\u00famero de positivos.\u00a0 Ontinyent prosigue descontando afectados.\u00a0\u00a0 Son todo buenas noticias para la zona, excepto para nosotros y X\u00e0tiva.\u00a0\u00a0 Toca volver a estar atentos a las mascarillas y las distancias sociales, m\u00e1xime cuando se estan relajando las medidas del estado de alerta y la incidencia en toda la Comunidad Valenciana cae a niveles de agosto de 2020.<\/p>\n<p>&nbsp;<\/p>\n<p><a href=\"http:\/\/www.portaldelolleria.es\/wp-content\/uploads\/2021\/03\/mapa_96.jpg\"><img loading=\"lazy\" class=\"aligncenter size-full wp-image-26691\" title=\"mapa_96\" src=\"http:\/\/www.portaldelolleria.es\/wp-content\/uploads\/2021\/03\/mapa_96.jpg\" alt=\"\" width=\"598\" height=\"484\" srcset=\"http:\/\/www.portaldelolleria.es\/wp-content\/uploads\/2021\/03\/mapa_96.jpg 598w, http:\/\/www.portaldelolleria.es\/wp-content\/uploads\/2021\/03\/mapa_96-300x242.jpg 300w\" sizes=\"(max-width: 598px) 100vw, 598px\" \/><\/a><\/p>\n<div><strong>Sanidad registra 223 nuevos casos de coronavirus y 503 altas en la Comunitat Valenciana<\/strong><\/div>\n<div>16\/03\/2021<\/div>\n<p><strong>&#8211; Por provincias: 30 en Castell\u00f3n, 80 en Alicante y 113 en la provincia de Valencia<br \/>\n&#8211; Las residencias de la Comunitat Valenciana no registran ning\u00fan contagio en las \u00faltimas 24 horas<\/strong><\/p>\n<p>La Comunitat Valenciana ha administrado un total de 499.394 dosis de la vacuna contra el coronavirus. Por provincias, 59.489 en Castell\u00f3n, 173.880 en Alicante y 266.025 en Valencia. Han recibido las dos dosis 160.507 personas.<\/p>\n<p>Por otro lado, se han notificado 223 casos nuevos de coronavirus confirmados por prueba PCR o a trav\u00e9s de test de ant\u00edgenos desde la \u00faltima actualizaci\u00f3n, que sit\u00faan la cifra total de positivos en 383.415 personas.<\/p>\n<p>Por provincias, la distribuci\u00f3n de nuevos positivos es la siguiente: 30 en Castell\u00f3n (39.125 en total), 80 en Alicante (144.332 en total) y 114 en la provincia de Valencia (199.955). Adem\u00e1s, hay 3 casos sin asignar.<\/p>\n<p>Desde la \u00faltima actualizaci\u00f3n se han registrado 503 altas a pacientes con coronavirus. De esta forma, ya son 383.617 personas en la Comunitat Valenciana las que han superado la enfermedad desde que comenz\u00f3 la pandemia. Por provincias, las altas se distribuyen del siguiente modo: 39.465 en Castell\u00f3n, 143.876 en Alicante y 200.220 en Valencia, adem\u00e1s de 57 no asignadas.<\/p>\n<p>Los hospitales valencianos tienen, actualmente, 569 personas ingresadas: 33 en la provincia de Castell\u00f3n, con 6 pacientes en UCI; 255 en la provincia de Alicante, 67 de ellos en la UCI; y 281 en la provincia de Valencia, 82 de ellos en UCI.<\/p>\n<p>Adem\u00e1s, se han registrado 13 fallecimientos por coronavirus desde la \u00faltima actualizaci\u00f3n, por lo que el total de defunciones desde el inicio de la pandemia es de 7.010 personas: 772 en la provincia de Castell\u00f3n, 2.636 en la de Alicante y 3.602 en la de Valencia.<\/p>\n<p>De acuerdo con los datos registrados, en estos momentos hay 4.261 casos activos, lo que supone un 1,08% del total de positivos.<\/p>\n<p><strong>Actualizaci\u00f3n de la situaci\u00f3n en residencias<\/strong><\/p>\n<p>Desde la \u00faltima actualizaci\u00f3n, los casos positivos en residencias de mayores se han reducido a 18 (2 en la provincia de Castell\u00f3n, 1 en la provincia de Alicante y 15 en la provincia de Valencia), 4 centros de diversidad funcional de la provincia de Valencia y 2 centros de menores (1 en la provincia de Valencia y 1 en la provincia de Alicante).<\/p>\n<p>\u00b7 Residentes nuevos positivos: 0<br \/>\n\u00b7 Trabajadores y trabajadoras nuevos positivos: 0<br \/>\n\u00b7 Residentes que han fallecido: 3<\/p>\n<p>Actualmente, se encuentran bajo vigilancia activa de control sanitario 8 residencias en la Comunitat Valenciana: 1 en la provincia de Castell\u00f3n, 1 en la provincia de Alicante y 6 en la provincia de Val\u00e8ncia.<\/p>\n<p><strong>Actualizaci\u00f3n brotes de coronavirus<\/strong><\/p>\n<p>Se han registrado 7 nuevos brotes desde la \u00faltima actualizaci\u00f3n:<\/p>\n<p>\u00b7 Alberic. 5 casos. Origen social<br \/>\n\u00b7 Val\u00e8ncia: 4 casos. Origen laboral<br \/>\n\u00b7 Paterna: 4 casos. \u00c1mbito educativo<br \/>\n\u00b7 Val\u00e8ncia: 5 casos. Origen social<br \/>\n\u00b7 Val\u00e8ncia: 7 casos. Origen social<br \/>\n\u00b7 Onda: 3 casos. \u00c1mbito educativo<br \/>\n\u00b7 Castell\u00f3n de la Plana: 6 casos. Origen social<\/p>\n","protected":false},"excerpt":{"rendered":"<p>Cuando todos esperabamos poner la cuenta a \u00ab0\u00bb,\u00a0 como si de un reseteo se tratase, l&#8217;Olleria vuelve a sumar contagios, en este caso dos m\u00e1s y rompe la tendencia que llevabamos desde el 9 de febrero.\u00a0\u00a0 La tasa de incidencia (+14) sube a 36\u00a0 y vuelve a abrirse la caja del \u00abdesconcierto\u00bb,\u00a0 ya que casi [&hellip;]<\/p>\n","protected":false},"author":1,"featured_media":0,"comment_status":"closed","ping_status":"open","sticky":false,"template":"","format":"standard","meta":{"_monsterinsights_skip_tracking":false,"_monsterinsights_sitenote_active":false,"_monsterinsights_sitenote_note":"","_monsterinsights_sitenote_category":0},"categories":[10,12],"tags":[],"_links":{"self":[{"href":"http:\/\/www.portaldelolleria.es\/index.php?rest_route=\/wp\/v2\/posts\/26690"}],"collection":[{"href":"http:\/\/www.portaldelolleria.es\/index.php?rest_route=\/wp\/v2\/posts"}],"about":[{"href":"http:\/\/www.portaldelolleria.es\/index.php?rest_route=\/wp\/v2\/types\/post"}],"author":[{"embeddable":true,"href":"http:\/\/www.portaldelolleria.es\/index.php?rest_route=\/wp\/v2\/users\/1"}],"replies":[{"embeddable":true,"href":"http:\/\/www.portaldelolleria.es\/index.php?rest_route=%2Fwp%2Fv2%2Fcomments&post=26690"}],"version-history":[{"count":3,"href":"http:\/\/www.portaldelolleria.es\/index.php?rest_route=\/wp\/v2\/posts\/26690\/revisions"}],"predecessor-version":[{"id":26700,"href":"http:\/\/www.portaldelolleria.es\/index.php?rest_route=\/wp\/v2\/posts\/26690\/revisions\/26700"}],"wp:attachment":[{"href":"http:\/\/www.portaldelolleria.es\/index.php?rest_route=%2Fwp%2Fv2%2Fmedia&parent=26690"}],"wp:term":[{"taxonomy":"category","embeddable":true,"href":"http:\/\/www.portaldelolleria.es\/index.php?rest_route=%2Fwp%2Fv2%2Fcategories&post=26690"},{"taxonomy":"post_tag","embeddable":true,"href":"http:\/\/www.portaldelolleria.es\/index.php?rest_route=%2Fwp%2Fv2%2Ftags&post=26690"}],"curies":[{"name":"wp","href":"https:\/\/api.w.org\/{rel}","templated":true}]}}