{"id":26701,"date":"2021-03-17T12:55:47","date_gmt":"2021-03-17T10:55:47","guid":{"rendered":"http:\/\/www.portaldelolleria.es\/?p=26701"},"modified":"2021-03-17T12:58:37","modified_gmt":"2021-03-17T10:58:37","slug":"guillem-badenes-vuelve-para-reforzar-la-plantilla-de-lolleria-cf","status":"publish","type":"post","link":"http:\/\/www.portaldelolleria.es\/?p=26701","title":{"rendered":"Guillem Badenes vuelve para reforzar la plantilla de l&#8217;Olleria CF"},"content":{"rendered":"<p style=\"text-align: justify;\"><a href=\"http:\/\/www.portaldelolleria.es\/wp-content\/uploads\/2021\/03\/guillem1.jpg\"><img loading=\"lazy\" class=\"aligncenter size-full wp-image-26705\" title=\"guillem\" src=\"http:\/\/www.portaldelolleria.es\/wp-content\/uploads\/2021\/03\/guillem1.jpg\" alt=\"\" width=\"598\" height=\"383\" srcset=\"http:\/\/www.portaldelolleria.es\/wp-content\/uploads\/2021\/03\/guillem1.jpg 598w, http:\/\/www.portaldelolleria.es\/wp-content\/uploads\/2021\/03\/guillem1-300x192.jpg 300w\" sizes=\"(max-width: 598px) 100vw, 598px\" \/><\/a><\/p>\n<p style=\"text-align: justify;\">L&#8217;Olleria CF, refuerza su plantilla con la reincorporaci\u00f3n del extremo izquierdo Guillem Badenes.<\/p>\n<p style=\"text-align: justify;\"><strong>Guillem Badenes Estornell<\/strong>, Llutxent (22\/02\/99)Procede del\u00a0<strong>CF Llutxent<\/strong>, equipo encuadrado en el grupo 11 de Segunda Regional.\u00a0 Como juvenil se form\u00f3 en la\u00a0 UD Benig\u00e0nim, ascendiendo al primer equipo en 2018, participando en el ascenso a 3\u00aa divisi\u00f3n.\u00a0 La temporada 2019\/2020 al igual que muchos de sus compa\u00f1eros,\u00a0 recal\u00f3 en L&#8217;Olleria CF, donde disput\u00f3 19 encuentros.<\/p>\n<p style=\"text-align: justify;\">Con este refuerzo L&#8217;Olleria CF\u00a0 seguir\u00e1 disputando la liga m\u00e1s irregular que afecta a todos los equipos del futbol regional,\u00a0 donde ni tuvieron pretemporada y los entrenamientos han sido escasos.\u00a0 La falta de entrenamientos son a su vez el mayor peligro para los t\u00e9cnicos donde su mayor temor seran las lesiones musculares,\u00a0 ya que el rendimiento m\u00e1ximo est\u00e1 muy ligado al tono muscular.<\/p>\n<p style=\"text-align: justify;\">En estos momentos el equipo de La Solana, ocupa un confortable 7\u00ba puesto en la tabla clasificatoria merced a su victoria del domingo por 3-2 frente al CE Alberic en un encuentro muy sufrido a pesar de llegar con un 3-0 a 15 minutos del final.\u00a0 Es improbable que los ollerienses pasen apuros de aqui hasta final de temporada.\u00a0 Esto implica que de finalizar la liga de forma imprevista como la temporada pasada,\u00a0 el equipo est\u00e1 lejos de ver peligrar su permanencia.\u00a0 Siempre y cuando mantengan el nivel de juego, que resulta muy interesante pese a todas las dificultades.<\/p>\n<p style=\"text-align: justify;\">_________________________________<\/p>\n<p style=\"text-align: justify;\"><span style=\"color: #003366;\">L&#8217;Olleria CF, refor\u00e7a la seua plantilla amb la reincorporaci\u00f3 de l&#8217;extrem esquerre Guillem Badenes. <\/span><\/p>\n<p style=\"text-align: justify;\"><span style=\"color: #003366;\"><strong>Guillem Badenes Estornell<\/strong>, Llutxent (22\/02\/99) Procedix del CF Llutxent, equip enquadrat en el grup 11 de Segona Regional. Com juvenil es va formar en la UD Benig\u00e0nim, ascendint al primer equip en 2018, participant en l&#8217;ascens a 3a divisi\u00f3. La temporada 2019\/2020 igual que molts dels seus companys, va recalar en L&#8217;Olleria CF, on va disputar 19 partits.<\/span><\/p>\n<p style=\"text-align: justify;\"><span style=\"color: #003366;\"> Amb este refor\u00e7 L&#8217;Olleria CF continuar\u00e0 disputant la lliga m\u00e9s irregular que afecta tots els equips del futbol regional, on ni van tindre pretemporada i els entrenaments han sigut escassos. La falta d&#8217;entrenaments s\u00f3n al seu torn el major perill per als t\u00e8cnics on el seu major temor seran les lesions musculars, ja que el rendiment m\u00e0xim est\u00e0 molt lligat al to muscular<\/span><\/p>\n<p style=\"text-align: justify;\"><span style=\"color: #003366;\">En estos moments l&#8217;equip de La Solana, ocupa un confortable 7m lloc en la taula classificat\u00f2ria merc\u00e9 a la seua vict\u00f2ria del diumenge per 3-2 enfront del CE Alberic en una trobada molt patit a pesar d&#8217;arribar amb un 3-0 a 15 minuts del final. \u00c9s improbable que els ollerienses passen compromisos d&#8217;ac\u00ed fins a final de temporada. A\u00e7\u00f2 implica que de finalitzar la lliga de forma imprevista com la temporada passada, l&#8217;equip est\u00e0 lluny de veure perillar la seua perman\u00e8ncia. Sempre que mantinguen el nivell de joc, que resulta molt interessant a pesar de totes les dificultats.<\/span><\/p>\n<p style=\"text-align: justify;\"><a href=\"http:\/\/www.portaldelolleria.es\/wp-content\/uploads\/2021\/03\/PLANTILLA2021final1.jpg\"><img loading=\"lazy\" class=\"aligncenter size-full wp-image-26704\" title=\"PLANTILLA2021final\" src=\"http:\/\/www.portaldelolleria.es\/wp-content\/uploads\/2021\/03\/PLANTILLA2021final1.jpg\" alt=\"\" width=\"598\" height=\"433\" srcset=\"http:\/\/www.portaldelolleria.es\/wp-content\/uploads\/2021\/03\/PLANTILLA2021final1.jpg 598w, http:\/\/www.portaldelolleria.es\/wp-content\/uploads\/2021\/03\/PLANTILLA2021final1-300x217.jpg 300w\" sizes=\"(max-width: 598px) 100vw, 598px\" \/><\/a><\/p>\n<p>&nbsp;<\/p>\n<p>&nbsp;<\/p>\n<p>&nbsp;<\/p>\n","protected":false},"excerpt":{"rendered":"<p>L&#8217;Olleria CF, refuerza su plantilla con la reincorporaci\u00f3n del extremo izquierdo Guillem Badenes. Guillem Badenes Estornell, Llutxent (22\/02\/99)Procede del\u00a0CF Llutxent, equipo encuadrado en el grupo 11 de Segunda Regional.\u00a0 Como juvenil se form\u00f3 en la\u00a0 UD Benig\u00e0nim, ascendiendo al primer equipo en 2018, participando en el ascenso a 3\u00aa divisi\u00f3n.\u00a0 La temporada 2019\/2020 al igual [&hellip;]<\/p>\n","protected":false},"author":1,"featured_media":0,"comment_status":"closed","ping_status":"open","sticky":false,"template":"","format":"standard","meta":{"_monsterinsights_skip_tracking":false,"_monsterinsights_sitenote_active":false,"_monsterinsights_sitenote_note":"","_monsterinsights_sitenote_category":0},"categories":[9,12],"tags":[],"_links":{"self":[{"href":"http:\/\/www.portaldelolleria.es\/index.php?rest_route=\/wp\/v2\/posts\/26701"}],"collection":[{"href":"http:\/\/www.portaldelolleria.es\/index.php?rest_route=\/wp\/v2\/posts"}],"about":[{"href":"http:\/\/www.portaldelolleria.es\/index.php?rest_route=\/wp\/v2\/types\/post"}],"author":[{"embeddable":true,"href":"http:\/\/www.portaldelolleria.es\/index.php?rest_route=\/wp\/v2\/users\/1"}],"replies":[{"embeddable":true,"href":"http:\/\/www.portaldelolleria.es\/index.php?rest_route=%2Fwp%2Fv2%2Fcomments&post=26701"}],"version-history":[{"count":3,"href":"http:\/\/www.portaldelolleria.es\/index.php?rest_route=\/wp\/v2\/posts\/26701\/revisions"}],"predecessor-version":[{"id":26708,"href":"http:\/\/www.portaldelolleria.es\/index.php?rest_route=\/wp\/v2\/posts\/26701\/revisions\/26708"}],"wp:attachment":[{"href":"http:\/\/www.portaldelolleria.es\/index.php?rest_route=%2Fwp%2Fv2%2Fmedia&parent=26701"}],"wp:term":[{"taxonomy":"category","embeddable":true,"href":"http:\/\/www.portaldelolleria.es\/index.php?rest_route=%2Fwp%2Fv2%2Fcategories&post=26701"},{"taxonomy":"post_tag","embeddable":true,"href":"http:\/\/www.portaldelolleria.es\/index.php?rest_route=%2Fwp%2Fv2%2Ftags&post=26701"}],"curies":[{"name":"wp","href":"https:\/\/api.w.org\/{rel}","templated":true}]}}