{"id":26715,"date":"2021-03-23T18:34:01","date_gmt":"2021-03-23T16:34:01","guid":{"rendered":"http:\/\/www.portaldelolleria.es\/?p=26715"},"modified":"2021-03-23T18:35:11","modified_gmt":"2021-03-23T16:35:11","slug":"el-presidente-de-la-diputacio-anuncia-el-%e2%80%9ccierre-ordenado-y-definitivo%e2%80%9d-de-divalterra","status":"publish","type":"post","link":"http:\/\/www.portaldelolleria.es\/?p=26715","title":{"rendered":"El presidente de la Diputaci\u00f3 anuncia el \u201ccierre ordenado y definitivo\u201d de Divalterra"},"content":{"rendered":"<p><a href=\"http:\/\/www.portaldelolleria.es\/wp-content\/uploads\/2021\/03\/divalterra.jpg\"><img loading=\"lazy\" class=\"aligncenter size-full wp-image-26717\" title=\"divalterra\" src=\"http:\/\/www.portaldelolleria.es\/wp-content\/uploads\/2021\/03\/divalterra.jpg\" alt=\"\" width=\"598\" height=\"384\" srcset=\"http:\/\/www.portaldelolleria.es\/wp-content\/uploads\/2021\/03\/divalterra.jpg 598w, http:\/\/www.portaldelolleria.es\/wp-content\/uploads\/2021\/03\/divalterra-300x192.jpg 300w\" sizes=\"(max-width: 598px) 100vw, 598px\" \/><\/a><\/p>\n<p><span style=\"color: #888888;\"><em>Diputaci\u00f3n de Valencia\u00a0 23\/03\/2021<\/em><\/span><\/p>\n<div style=\"text-align: justify;\">\n<div>\n<div>\n<ul>\n<li>El presidente de la Diputaci\u00f3 avanza que convocar\u00e1 una Junta General en la que se destituir\u00e1 a los miembros del consejo y se nombrar\u00e1 a los liquidadores. El Consorcio de Bomberos absorber\u00e1 a las brigadas forestales y el resto de la plantilla ser\u00e1 asumida por la corporaci\u00f3n<\/li>\n<\/ul>\n<\/div>\n<\/div>\n<div>\n<p>El presidente de la Diputaci\u00f3 de Val\u00e8ncia, Toni Gaspar, ha anunciado este martes el \u201ccierre ordenado y definitivo\u201d de Divalterra. Durante la celebraci\u00f3n de la Junta General extraordinaria convocada para debatir sobre el estado de la empresa dependiente de la Diputaci\u00f3n, Gaspar ha avanzado que convocar\u00e1 \u201ccuanto antes mejor\u201d una nueva Junta General en la que se destituir\u00e1 a los miembros del Consejo y se nombrar\u00e1 a los liquidadores, paso previo a la disoluci\u00f3n, liquidaci\u00f3n y extinci\u00f3n de Divalterra SA.<\/p>\n<p>En palabras del presidente, que ha cerrado el debate solicitado por los grupos de la oposici\u00f3n en la instituci\u00f3n provincial, \u201cesta medida permitir\u00e1 la \u00fanica obsesi\u00f3n que mueve mis decisiones desde Presidencia y la del resto del equipo de gobierno de la Diputaci\u00f3n, que no es otra que asegurar el trabajo digno de las casi 600 personas que integran la actual Divalterra\u201d.<\/p>\n<p>Con la disoluci\u00f3n de Divalterra, el Consorcio Provincial de Bomberos absorber\u00e1 a los brigadistas, la mayor parte de los trabajadores de la empresa, mientras que la propia corporaci\u00f3n asumir\u00e1 y reubicar\u00e1 al resto de la plantilla, como ha sucedido con el Patronat de Turisme. \u201cLas personas siguen siendo la m\u00e1xima prioridad\u201d, ha asegurado el presidente Gaspar, que ha informado a las trabajadoras y trabajadores de la empresa de la decisi\u00f3n tomada al tiempo que se hac\u00eda p\u00fablica en la Junta General.<\/p>\n<p>&nbsp;<\/p>\n<p><strong>\u201cSe acab\u00f3 Divalterra\u201d<\/strong><\/p>\n<p>El m\u00e1ximo responsable provincial ha situado Divalterra como \u201cexponente de esa enfermedad que sufre la pol\u00edtica en estos tiempos inciertos, que no es otra que insistir en lo mal que lo hacen los dem\u00e1s y justificar lo bien que lo han hecho los nuestros\u201d. Frente a esta realidad guionizada, Gaspar prefiere \u201cdar respuesta a los problemas hist\u00f3ricos que perduran en esta instituci\u00f3n tratando de darles soluci\u00f3n, sin contribuir al molesto ruido que solo aporta descr\u00e9dito\u201d. \u201cLos errores cometidos en Imelsa y despu\u00e9s en Divalterra impulsaron la voluntad de este equipo de gobierno de dar estabilidad y viabilidad a la empresa\u201d, ha a\u00f1adido el presidente.<\/p>\n<p>Y esa soluci\u00f3n es fruto de la voluntad del equipo de gobierno que encabeza Gaspar y del informe conjunto encargado a los departamentos de Secretar\u00eda e Intervenci\u00f3n de la Diputaci\u00f3n, que ha analizado los diferentes escenarios planteados para el futuro de la empresa. El resultado del mismo conduce hacia un proceso de disoluci\u00f3n que abordar\u00e1 con urgencia la integraci\u00f3n de los brigadistas, parte principal y mayoritaria de Divalterra, en el Consorcio Provincial de Bomberos, al tiempo que el resto de servicios minoritarios que presta la empresa se integrar\u00e1n en la Diputaci\u00f3n.<\/p>\n<p>Toni Gaspar tiene claro que \u201cse ha acabado Divalterra\u201d y piensa ya en el futuro de las trabajadoras y trabajadores de la empresa dependiente de la corporaci\u00f3n provincial. \u201cLa letra peque\u00f1a la iremos definiendo de forma conjunta; ma\u00f1ana mismo he convocado a los representantes de los trabajadores para empezar a escribirla\u201d, ha se\u00f1alado Gaspar, que espera tener \u201cla colaboraci\u00f3n de todos en este hist\u00f3rico paso\u201d, ya que \u201cel \u00fanico beneficio al que aspiramos en este \u00faltimo cap\u00edtulo de la empresa es el futuro laboral de quienes la integran y el servicio que prestan a los municipios valencianos\u201d.<\/p>\n<p>Por su parte, la vicepresidenta de la Diputaci\u00f3n y responsable del Consorcio Provincial de Bomberos, M\u00aa Josep Amig\u00f3, ha considerado que esta ha sido \u201cuna decisi\u00f3n muy meditada, desde que en julio de 2018 avanzamos el cierre ordenado de Divalterra, que despu\u00e9s de casi tres a\u00f1os y los informes pertinentes ha llegado el momento de anunciar\u201d. Amig\u00f3 ha a\u00f1adido que esta decisi\u00f3n \u201cse toma para preservar los derechos de las trabajadoras y trabajadores, que no son responsables de las cosas que hist\u00f3ricamente han pasado en la empresa\u201d.<\/p>\n<p><a href=\"http:\/\/www.portaldelolleria.es\/wp-content\/uploads\/2021\/03\/divalterra2.jpg\"><img loading=\"lazy\" class=\"aligncenter size-full wp-image-26716\" title=\"divalterra2\" src=\"http:\/\/www.portaldelolleria.es\/wp-content\/uploads\/2021\/03\/divalterra2.jpg\" alt=\"\" width=\"598\" height=\"181\" srcset=\"http:\/\/www.portaldelolleria.es\/wp-content\/uploads\/2021\/03\/divalterra2.jpg 598w, http:\/\/www.portaldelolleria.es\/wp-content\/uploads\/2021\/03\/divalterra2-300x90.jpg 300w\" sizes=\"(max-width: 598px) 100vw, 598px\" \/><\/a><\/p>\n<p><strong>Debate previo<\/strong><\/p>\n<p>La intervenci\u00f3n del presidente Gaspar ha estado precedida del debate solicitado por los grupos en la oposici\u00f3n para hablar sobre Divalterra y sus circunstancias, en el que Ciudadanos y el PP han pedido nombrar a un nuevo presidente del Consejo, de perfil t\u00e9cnico, y un nuevo responsable jur\u00eddico en sustituci\u00f3n de Ramiro Rivera y Jos\u00e9 Luis Vera para \u201cterminar con la incertidumbre entre los trabajadores y la verg\u00fcenza en los medios\u201d.<\/p>\n<p>El debate lo ha abierto el portavoz de Vox, Joaqu\u00edn Al\u00e9s, uno de los 11 diputados de la oposici\u00f3n que solicitaron esta junta extraordinaria. Al\u00e9s mostr\u00f3 su preocupaci\u00f3n y \u201chonda desconfianza\u201d por la situaci\u00f3n de Divalterra y asegur\u00f3 estar pendiente del informe definitivo de la Agencia Valenciana Antifraude en referencia al proceso de selecci\u00f3n de la jefa de Recursos Humanos de la empresa.<\/p>\n<p>La portavoz de Ciudadanos, Roc\u00edo Gil, lament\u00f3 que los trabajadores de Divalterra \u201cest\u00e9n siempre en el punto de mira por culpa de los pol\u00edticos que nos gobiernan\u201d, y se pregunt\u00f3 si \u201cel presidente del Consejo hubiese puesto tanto \u00edmpetu en el proceso de selecci\u00f3n de cualquier otro puesto de la empresa\u201d. Por todo ello, la responsable de Ciudadanos pidi\u00f3 que dejen de haber pol\u00edticos al frente del Consejo de Divalterra y propuso a la Junta realizar un mandato para destituir al jefe de los Servicios Jur\u00eddicos, al tiempo que se pone el caso de la jefa de Recursos Humanos en manos de la Fiscal\u00eda.<\/p>\n<p>En la misma l\u00ednea se expres\u00f3 el portavoz del PP, Vicente Momp\u00f3, quien consider\u00f3 que \u201cno pueden seguir en la empresa ni el presidente del Consejo de Administraci\u00f3n ni quien redact\u00f3 el informe que hablaba de las irregularidades en el proceso de selecci\u00f3n del jefe de Recursos Humanos\u201d. Momp\u00f3 manifest\u00f3 que \u201cel ruido causado por la hipoteca reputacional de Divalterra no se puede eliminar con una caza de brujas que se ha acabado cobrando la cabeza del gerente\u201d. El portavoz del PP en la Diputaci\u00f3n termin\u00f3 tendiendo la mano al presidente Gaspar para acordar que Divalterra \u201cest\u00e9 administrada por los t\u00e9cnicos\u201d.<br \/>\n<strong>Presidente del Consejo<\/strong><\/p>\n<p>El \u00faltimo en intervenir ha sido el presidente del Consejo de Divalterra, Ramiro Rivera, quien tras repasar la actividad y el estado actual de una empresa \u201csolvente que cuenta con la implicaci\u00f3n y la profesionalidad de sus 589 trabajadores\u201d, ha dado respuesta a las preguntas de la oposici\u00f3n. \u201cOrden\u00e9 suspender de forma cautelar el proceso de selecci\u00f3n en Recursos Humanos con la prudencia con la que siempre act\u00fao, velando por evitar irregularidades\u201d.<\/p>\n<p>Rivera insisti\u00f3 en la transparencia con la que ha actuado, tratando de resolver un recurso que lleg\u00f3 al Consejo y que, por tanto, \u201cera mi deber resolverlo por el bien de la empresa\u201d. Adem\u00e1s, el todav\u00eda presidente del Consejo de Divalterra reclam\u00f3 respeto para los trabajadores de la empresa que cumplen con sus obligaciones, \u201ccaso del se\u00f1or Vera\u201d; record\u00f3 a la oposici\u00f3n que para ir a la justicia \u201ctendr\u00e1n que ver primero a qui\u00e9n acusan y de qu\u00e9\u201d; y termin\u00f3 respondiendo sobre el espect\u00e1culo medi\u00e1tico generado en torno a la empresa: \u201cno habr\u00e1n visto declaraciones m\u00edas en la prensa, por respeto a las trabajadoras y trabajadores de Divalterra\u201d.<\/p>\n<p>Tras escuchar a todas las partes, Toni Gaspar acept\u00f3 las manos tendidas de aquellos que mostraron su predisposici\u00f3n a trabajar por el mejor futuro posible para la plantilla de Divalterra y les inst\u00f3 a aprovechar esta \u201c\u00faltima oportunidad para ser parte de la soluci\u00f3n y no eternizar el problema\u201d.<\/p>\n<\/div>\n<\/div>\n<p>&nbsp;<\/p>\n","protected":false},"excerpt":{"rendered":"<p>Diputaci\u00f3n de Valencia\u00a0 23\/03\/2021 El presidente de la Diputaci\u00f3 avanza que convocar\u00e1 una Junta General en la que se destituir\u00e1 a los miembros del consejo y se nombrar\u00e1 a los liquidadores. El Consorcio de Bomberos absorber\u00e1 a las brigadas forestales y el resto de la plantilla ser\u00e1 asumida por la corporaci\u00f3n El presidente de la [&hellip;]<\/p>\n","protected":false},"author":1,"featured_media":0,"comment_status":"closed","ping_status":"open","sticky":false,"template":"","format":"standard","meta":{"_monsterinsights_skip_tracking":false,"_monsterinsights_sitenote_active":false,"_monsterinsights_sitenote_note":"","_monsterinsights_sitenote_category":0},"categories":[171,12],"tags":[],"_links":{"self":[{"href":"http:\/\/www.portaldelolleria.es\/index.php?rest_route=\/wp\/v2\/posts\/26715"}],"collection":[{"href":"http:\/\/www.portaldelolleria.es\/index.php?rest_route=\/wp\/v2\/posts"}],"about":[{"href":"http:\/\/www.portaldelolleria.es\/index.php?rest_route=\/wp\/v2\/types\/post"}],"author":[{"embeddable":true,"href":"http:\/\/www.portaldelolleria.es\/index.php?rest_route=\/wp\/v2\/users\/1"}],"replies":[{"embeddable":true,"href":"http:\/\/www.portaldelolleria.es\/index.php?rest_route=%2Fwp%2Fv2%2Fcomments&post=26715"}],"version-history":[{"count":3,"href":"http:\/\/www.portaldelolleria.es\/index.php?rest_route=\/wp\/v2\/posts\/26715\/revisions"}],"predecessor-version":[{"id":26719,"href":"http:\/\/www.portaldelolleria.es\/index.php?rest_route=\/wp\/v2\/posts\/26715\/revisions\/26719"}],"wp:attachment":[{"href":"http:\/\/www.portaldelolleria.es\/index.php?rest_route=%2Fwp%2Fv2%2Fmedia&parent=26715"}],"wp:term":[{"taxonomy":"category","embeddable":true,"href":"http:\/\/www.portaldelolleria.es\/index.php?rest_route=%2Fwp%2Fv2%2Fcategories&post=26715"},{"taxonomy":"post_tag","embeddable":true,"href":"http:\/\/www.portaldelolleria.es\/index.php?rest_route=%2Fwp%2Fv2%2Ftags&post=26715"}],"curies":[{"name":"wp","href":"https:\/\/api.w.org\/{rel}","templated":true}]}}