{"id":2673,"date":"2013-04-10T10:40:29","date_gmt":"2013-04-10T09:40:29","guid":{"rendered":"http:\/\/www.portaldelolleria.es\/?p=2673"},"modified":"2013-04-10T11:55:32","modified_gmt":"2013-04-10T10:55:32","slug":"agrupacio-vocal-clarialba-de-montaverner-arrasa-con-su-espectaculo-somnis","status":"publish","type":"post","link":"http:\/\/www.portaldelolleria.es\/?p=2673","title":{"rendered":"Agrupaci\u00f3 Vocal Clarialba de Montaverner \u00abarrasa\u00bb con su espect\u00e1culo \u00abSomnis\u00bb"},"content":{"rendered":"<p><a href=\"http:\/\/www.portaldelolleria.es\/wp-content\/uploads\/2013\/04\/somnis1.jpg\"><img loading=\"lazy\" class=\"aligncenter size-full wp-image-2676\" title=\"somnis\" src=\"http:\/\/www.portaldelolleria.es\/wp-content\/uploads\/2013\/04\/somnis1.jpg\" alt=\"\" width=\"598\" height=\"398\" srcset=\"http:\/\/www.portaldelolleria.es\/wp-content\/uploads\/2013\/04\/somnis1.jpg 598w, http:\/\/www.portaldelolleria.es\/wp-content\/uploads\/2013\/04\/somnis1-300x199.jpg 300w\" sizes=\"(max-width: 598px) 100vw, 598px\" \/><\/a><\/p>\n<p>&nbsp;<\/p>\n<p><span id=\"result_box\" lang=\"ca\"><span class=\"hps\">Agrupaci\u00f3<\/span> <span class=\"hps\">Vocal<\/span> <span class=\"hps\">Clarialba<\/span> <span class=\"hps\">de Montaverner<\/span> <span class=\"hps atn\">\u00ab<\/span><span>arrasa<\/span><span>\u00ab<\/span> <span class=\"hps\">con su espect\u00e1culo,\u00a0<\/span> <span class=\"hps atn\">\u00ab<\/span><span>Somnis<\/span><span>\u00bb\u00a0 un musical\u00a0 cantado e interpretado. \u00a0 El pasado 6 y 7 de abril,\u00a0 colgaron el cartel de \u00abcompleto\u00bb, \u00a0 para sus actuaciones del 20,21, 27 y 28 de Abril, tambi\u00e9n volver\u00e1n a colgar el \u00abcompleto\u00bb,\u00a0 ya que las entradas se han agotado. \u00a0\u00a0 Es posible que amplien a alguna sesi\u00f3n m\u00e1s,\u00a0\u00a0 quien desee conseguir alguna\u00a0 entrada puede ponerse en contacto con la Agrupaci\u00f3n a trav\u00e9s de su p\u00e1gina en facebook<\/span><\/span><\/p>\n<p><a href=\"https:\/\/www.facebook.com\/pages\/Agrupaci%C3%B3-Vocal-Clarialba-de-Montaverner\/171852688362\">https:\/\/www.facebook.com\/pages\/Agrupaci%C3%B3-Vocal-Clarialba-de-Montaverner\/171852688362<\/a><\/p>\n<p><a href=\"http:\/\/www.portaldelolleria.es\/wp-content\/uploads\/2013\/04\/somnis2.jpg\"><img loading=\"lazy\" class=\"aligncenter size-full wp-image-2675\" title=\"somnis2\" src=\"http:\/\/www.portaldelolleria.es\/wp-content\/uploads\/2013\/04\/somnis2.jpg\" alt=\"\" width=\"595\" height=\"842\" srcset=\"http:\/\/www.portaldelolleria.es\/wp-content\/uploads\/2013\/04\/somnis2.jpg 595w, http:\/\/www.portaldelolleria.es\/wp-content\/uploads\/2013\/04\/somnis2-211x300.jpg 211w\" sizes=\"(max-width: 595px) 100vw, 595px\" \/><\/a><span id=\"result_box\" lang=\"ca\"><span><br \/>\n<\/span><\/span><\/p>\n","protected":false},"excerpt":{"rendered":"<p>&nbsp; Agrupaci\u00f3 Vocal Clarialba de Montaverner \u00abarrasa\u00ab con su espect\u00e1culo,\u00a0 \u00abSomnis\u00bb\u00a0 un musical\u00a0 cantado e interpretado. \u00a0 El pasado 6 y 7 de abril,\u00a0 colgaron el cartel de \u00abcompleto\u00bb, \u00a0 para sus actuaciones del 20,21, 27 y 28 de Abril, tambi\u00e9n volver\u00e1n a colgar el \u00abcompleto\u00bb,\u00a0 ya que las entradas se han agotado. \u00a0\u00a0 Es [&hellip;]<\/p>\n","protected":false},"author":2,"featured_media":0,"comment_status":"closed","ping_status":"open","sticky":false,"template":"","format":"standard","meta":{"_monsterinsights_skip_tracking":false,"_monsterinsights_sitenote_active":false,"_monsterinsights_sitenote_note":"","_monsterinsights_sitenote_category":0},"categories":[15,12],"tags":[625,626,427,624],"_links":{"self":[{"href":"http:\/\/www.portaldelolleria.es\/index.php?rest_route=\/wp\/v2\/posts\/2673"}],"collection":[{"href":"http:\/\/www.portaldelolleria.es\/index.php?rest_route=\/wp\/v2\/posts"}],"about":[{"href":"http:\/\/www.portaldelolleria.es\/index.php?rest_route=\/wp\/v2\/types\/post"}],"author":[{"embeddable":true,"href":"http:\/\/www.portaldelolleria.es\/index.php?rest_route=\/wp\/v2\/users\/2"}],"replies":[{"embeddable":true,"href":"http:\/\/www.portaldelolleria.es\/index.php?rest_route=%2Fwp%2Fv2%2Fcomments&post=2673"}],"version-history":[{"count":2,"href":"http:\/\/www.portaldelolleria.es\/index.php?rest_route=\/wp\/v2\/posts\/2673\/revisions"}],"predecessor-version":[{"id":2678,"href":"http:\/\/www.portaldelolleria.es\/index.php?rest_route=\/wp\/v2\/posts\/2673\/revisions\/2678"}],"wp:attachment":[{"href":"http:\/\/www.portaldelolleria.es\/index.php?rest_route=%2Fwp%2Fv2%2Fmedia&parent=2673"}],"wp:term":[{"taxonomy":"category","embeddable":true,"href":"http:\/\/www.portaldelolleria.es\/index.php?rest_route=%2Fwp%2Fv2%2Fcategories&post=2673"},{"taxonomy":"post_tag","embeddable":true,"href":"http:\/\/www.portaldelolleria.es\/index.php?rest_route=%2Fwp%2Fv2%2Ftags&post=2673"}],"curies":[{"name":"wp","href":"https:\/\/api.w.org\/{rel}","templated":true}]}}