{"id":26736,"date":"2021-03-25T20:17:54","date_gmt":"2021-03-25T18:17:54","guid":{"rendered":"http:\/\/www.portaldelolleria.es\/?p=26736"},"modified":"2021-03-25T20:18:59","modified_gmt":"2021-03-25T18:18:59","slug":"lolleria-cf-renueva-por-una-temporada-mas-al-cuerpo-tecnico","status":"publish","type":"post","link":"http:\/\/www.portaldelolleria.es\/?p=26736","title":{"rendered":"L&#8217;Olleria CF renueva por una temporada m\u00e1s al cuerpo t\u00e9cnico"},"content":{"rendered":"<p><a href=\"http:\/\/www.portaldelolleria.es\/wp-content\/uploads\/2021\/03\/olleria_cf.jpg\"><img loading=\"lazy\" class=\"aligncenter size-full wp-image-26737\" title=\"olleria_cf\" src=\"http:\/\/www.portaldelolleria.es\/wp-content\/uploads\/2021\/03\/olleria_cf.jpg\" alt=\"\" width=\"598\" height=\"396\" srcset=\"http:\/\/www.portaldelolleria.es\/wp-content\/uploads\/2021\/03\/olleria_cf.jpg 598w, http:\/\/www.portaldelolleria.es\/wp-content\/uploads\/2021\/03\/olleria_cf-300x198.jpg 300w\" sizes=\"(max-width: 598px) 100vw, 598px\" \/><\/a><\/p>\n<p style=\"text-align: justify;\">El entrenador Jos\u00e9 Jaime Alemany y su segundo, Roberto Carlos Navarro\u00a0 seguiran una temporada m\u00e1s al frente del banquillo de l&#8217;Olleria CF.<\/p>\n<p style=\"text-align: justify;\">La renovaci\u00f3n de los t\u00e9cnicos llega tras una irregular temporada de liga pr\u00f3xima a su ecuador, y\u00a0 condicionada por el Covid, que afecta a todos los equipos del futbol regional.\u00a0 Sin pretemporada y reducci\u00f3n de entrenamientos\u00a0 muchos equipos se han\u00a0 encontrado con sus planificaciones pulverizadas.\u00a0 En el caso de l&#8217;Olleria que se ha visto afectado como todos por las circunstancias, parece m\u00e1s adaptado a los inconvenientes que van surgiendo al paso.<\/p>\n<p style=\"text-align: justify;\">El equipo muestra un interesante argumento en sus encuentros y resulta razonable prolongar este proyecto que inspira bastante futuro.\u00a0 A esa conclusi\u00f3n debi\u00f3 de llegar el presidente del Club,\u00a0 Jose Naval\u00f3n\u00a0 que con esta renovaci\u00f3n garantiza la continuidad del proyecto para la pr\u00f3xima temporada.\u00a0 Y muy claro lo debe de tener para dejar el tema zanjado a falta de media temporada para el final.<\/p>\n<p style=\"text-align: justify;\">La presente campa\u00f1a, l&#8217;Olleria est\u00e1 posicionado en una zona confortable,\u00a0 nada hace pensar que con el nivel de juego exhibido,\u00a0 pueda verse comprometida su permanencia.\u00a0 Debido a las crisis sanitaria, tampoco hay garantias de la liga llegue hasta su \u00faltima jornada, por lo que caso de repertirse la situaci\u00f3n vivida la temporada pasada, mejor que te encuentre bien posicionado en la tabla clasificatoria.<\/p>\n<p style=\"text-align: justify;\">Es una buena noticia para ambas partes y sobre todo para los intereses del Club, ya que permite encarar con mucha antelaci\u00f3n la planificaci\u00f3n de la siguiente temporada, mientras siguen gestionando esta.<\/p>\n<p>_________________<\/p>\n<p style=\"text-align: justify;\"><span style=\"color: #003366;\">L&#8217;entrenador Jos\u00e9 Jaime Alemany i el seu segon, Roberto Carlos Navarro seguiran una temporada m\u00e9s al capdavant de la banqueta de l&#8217;Olleria CF.<\/span><\/p>\n<p style=\"text-align: justify;\"><span style=\"color: #003366;\"> La renovaci\u00f3 dels t\u00e8cnics arriba despr\u00e9s d&#8217;una irregular temporada de lliga pr\u00f2xima al seu equador, i condicionada pel Covid, que afecta tots els equips del futbol regional. Sense pretemporada i reducci\u00f3 d&#8217;entrenaments molts equips s&#8217;han trobat amb les seues planificacions polvoritzades. En el cas de l&#8217;Olleria que s&#8217;ha vist afectat com tots per les circumst\u00e0ncies, pareix m\u00e9s adaptat als inconvenients que van sorgint al pas.<\/span><\/p>\n<p style=\"text-align: justify;\"><span style=\"color: #003366;\"> L&#8217;equip mostra un interessant argument en els seus trobades i resulta raonable prolongar este projecte que inspira prou futur. A eixa conclusi\u00f3 degu\u00e9 d&#8217;arribar el president del Club, Jose Naval\u00f3n que amb esta renovaci\u00f3 garantix la continu\u00eftat del projecte per a la pr\u00f2xima temporada. I molt clar ho deu de tindre per a deixar el tema concl\u00f2s a falta de mitja temporada per al final.<\/span><\/p>\n<p style=\"text-align: justify;\"><span style=\"color: #003366;\">La present campanya, l&#8217;Olleria est\u00e0 posicionat en una zona confortable, res fa pensar que amb el nivell de joc exhibit, puga veure&#8217;s compromesa la seua perman\u00e8ncia. A causa de les crisis sanit\u00e0ries, tampoc hi ha garanties de la lliga arribe fins a la seua \u00faltima jornada, per la qual cosa cas de repertirse la situaci\u00f3 viscuda la temporada passada, millor que et trobe ben posicionat en la taula classificat\u00f2ria. <\/span><\/p>\n<p style=\"text-align: justify;\"><span style=\"color: #003366;\">\u00c9s una bona not\u00edcia per a ambd\u00f3s parts i sobretot per als interessos del Club, ja que permet encarar amb molta antelaci\u00f3 la planificaci\u00f3 de la seg\u00fcent temporada, mentres continuen gestionant esta.<\/span><\/p>\n<p>&nbsp;<\/p>\n<p>&nbsp;<\/p>\n<p>&nbsp;<\/p>\n","protected":false},"excerpt":{"rendered":"<p>El entrenador Jos\u00e9 Jaime Alemany y su segundo, Roberto Carlos Navarro\u00a0 seguiran una temporada m\u00e1s al frente del banquillo de l&#8217;Olleria CF. La renovaci\u00f3n de los t\u00e9cnicos llega tras una irregular temporada de liga pr\u00f3xima a su ecuador, y\u00a0 condicionada por el Covid, que afecta a todos los equipos del futbol regional.\u00a0 Sin pretemporada y [&hellip;]<\/p>\n","protected":false},"author":1,"featured_media":0,"comment_status":"closed","ping_status":"open","sticky":false,"template":"","format":"standard","meta":{"_monsterinsights_skip_tracking":false,"_monsterinsights_sitenote_active":false,"_monsterinsights_sitenote_note":"","_monsterinsights_sitenote_category":0},"categories":[9,12],"tags":[],"_links":{"self":[{"href":"http:\/\/www.portaldelolleria.es\/index.php?rest_route=\/wp\/v2\/posts\/26736"}],"collection":[{"href":"http:\/\/www.portaldelolleria.es\/index.php?rest_route=\/wp\/v2\/posts"}],"about":[{"href":"http:\/\/www.portaldelolleria.es\/index.php?rest_route=\/wp\/v2\/types\/post"}],"author":[{"embeddable":true,"href":"http:\/\/www.portaldelolleria.es\/index.php?rest_route=\/wp\/v2\/users\/1"}],"replies":[{"embeddable":true,"href":"http:\/\/www.portaldelolleria.es\/index.php?rest_route=%2Fwp%2Fv2%2Fcomments&post=26736"}],"version-history":[{"count":3,"href":"http:\/\/www.portaldelolleria.es\/index.php?rest_route=\/wp\/v2\/posts\/26736\/revisions"}],"predecessor-version":[{"id":26739,"href":"http:\/\/www.portaldelolleria.es\/index.php?rest_route=\/wp\/v2\/posts\/26736\/revisions\/26739"}],"wp:attachment":[{"href":"http:\/\/www.portaldelolleria.es\/index.php?rest_route=%2Fwp%2Fv2%2Fmedia&parent=26736"}],"wp:term":[{"taxonomy":"category","embeddable":true,"href":"http:\/\/www.portaldelolleria.es\/index.php?rest_route=%2Fwp%2Fv2%2Fcategories&post=26736"},{"taxonomy":"post_tag","embeddable":true,"href":"http:\/\/www.portaldelolleria.es\/index.php?rest_route=%2Fwp%2Fv2%2Ftags&post=26736"}],"curies":[{"name":"wp","href":"https:\/\/api.w.org\/{rel}","templated":true}]}}